{"id":28503,"date":"2021-11-25T19:10:05","date_gmt":"2021-11-25T18:10:05","guid":{"rendered":"https:\/\/kodmalopolska.pl\/?p=28503"},"modified":"2021-11-25T19:10:10","modified_gmt":"2021-11-25T18:10:10","slug":"numer-rejestracyjny-felieton-joanny-handerek-60","status":"publish","type":"post","link":"https:\/\/kodmalopolska.pl\/?p=28503","title":{"rendered":"Numer rejestracyjny. Felieton Joanny Ha\u0144derek (60)"},"content":{"rendered":"\n<h4 class=\"wp-block-heading\">Najnowszy projekt PiS-u, by rejestrowa\u0107 ci\u0105\u017ce, to idea i\u015bcie totalitarna. I w\u0142a\u015bnie o tym totalitaryzmie my\u015blenia, o sytuacji kobiet sprowadzonych do jednej funkcji, o zaniku praw cz\u0142owieka w naszym kraju m\u00f3j dzisiejszy felieton. A tak\u017ce pytanie: czy musimy sami urz\u0105dza\u0107 sobie piek\u0142o? Do wojny najwyra\u017aniej nie potrzebujemy zewn\u0119trznego wroga.<\/h4>\n\n\n\n<p>\u015awietny pomys\u0142 \u2013 moje szczere gratulacje. Numer rejestracyjny dla ka\u017cdej ci\u0105\u017cy. Ale czemu si\u0119 ogranicza\u0107, mo\u017ce numer rejestracyjny dla ka\u017cdej macicy? Do tego obowi\u0105zek rejestracji miesi\u0105czek i dni p\u0142odnych oraz liczby odbywanych stosunk\u00f3w. Przy okazji mo\u017cna by kara\u0107 za stosunki zabronione i grzeszne, czyli pozama\u0142\u017ce\u0144skie. W ko\u0144cu polska kobieta to matkapolka! Jej macica, tak samo jak okres p\u0142odny, jest spraw\u0105 pa\u0144stwow\u0105 \u2013 mo\u017cna by rzec, wr\u0119cz historyczno-patriotyczn\u0105.<\/p>\n\n\n\n<p>Formowanie ma\u0142ych mamu\u015bpolek zaczyna si\u0119 ju\u017c w przedszkolu: r\u00f3\u017cowe laleczki, kokardeczki, wst\u0119pne kroki na drodze do cn\u00f3t niewie\u015bcich, a potem ca\u0142a edukacja narodowo-patriotyczna, by te przysz\u0142e matkipolki zrozumia\u0142y, \u017ce do jednego s\u0105 stworzone. Rz\u0105d PiS-u wie najlepiej, a my nie wiemy nic. Gendery i inne feminizmy wymiecie si\u0119 z mentalno\u015bci, kobiety przyuczy si\u0119 do narodowo-tradycyjnie przypisanej im roli. Julki niech nie rozrabiaj\u0105, czarne protesty do delegalizacji. Policja ju\u017c prze\u0107wiczy\u0142a model blokowania protestuj\u0105cych kobiet, wywo\u017cenia ich na komisariaty, bicia. Pierwsze do\u015bwiadczenia maj\u0105 te\u017c za sob\u0105 rz\u0105dz\u0105cy. Okazuje si\u0119, \u017ce odkrycie towarzyskie zrobi wszystko, pani magister wyj\u0105tkowo dobrze czuje si\u0119 w Trybunale i tam z zapa\u0142em miele ka\u017cde zadane jej przez rz\u0105dz\u0105cych rozporz\u0105dzenie.<\/p>\n\n\n\n<p>\u015awietny pomys\u0142 \u2013 moje szczere gratulacje. Teraz \u017cadna kobieta si\u0119 nie wymknie. Na wszelki wypadek sugerowa\u0142abym odebranie kobietom dokument\u00f3w to\u017csamo\u015bci. Po co im dowody osobiste czy paszporty? A nu\u017c zaczn\u0105 kombinowa\u0107! W ko\u0144cu dojecha\u0107 do Niemiec czy Czech ka\u017cda mo\u017ce, Holandia te\u017c sta\u0142a si\u0119 ostatnio bardzo popularna. Wzi\u0105\u0107 im wi\u0119c dokumenty, niech m\u0119ski opiekun decyduje, a zezwole\u0144 na wydanie dokument\u00f3w udziela\u0107 tylko tymczasowo \u2013 za\u0142\u00f3\u017cmy, na tydzie\u0144, cho\u0107by taki tydzie\u0144 z m\u0119skim opiekunem na pla\u017cy w Egipcie. A potem niech kobieta zwr\u00f3ci grzecznie paszport czy dow\u00f3d osobisty. Macica to dobro narodowe i trzeba go strzec.<\/p>\n\n\n\n<p>Proponuj\u0119 jeszcze pozby\u0107 si\u0119 kobiet z polityki, z uczelni, ze szk\u00f3\u0142. Niech siedz\u0105 w domach, niech si\u0119 zajm\u0105 tym, co dla nich pierwsze i podstawowe, i niech \u017cadn\u0105 miar\u0105 nie bior\u0105 si\u0119 do tego, o czym mo\u017ce orzeka\u0107 PiS i tylko PiS. Mo\u017cna pozostawi\u0107 kilka kobiet wiernych, \u015bwi\u0119tych i sprawdzonych. Pani Julia z Trybuna\u0142u ju\u017c si\u0119 wykaza\u0142a, w Krakowie pani kurator o\u015bwiaty co rusz udowadnia swoj\u0105 prawowierno\u015b\u0107. Niech takie sprawdzone kobiety \u015bwiec\u0105 przyk\u0142adem i sw\u0105 cnot\u0105 niewie\u015bci\u0105, a pozosta\u0142e \u2013 do dom\u00f3w, do dzieci i do obowi\u0105zk\u00f3w im przydzielonych! A je\u015bli kt\u00f3ra\u015b b\u0119dzie co\u015b opowiada\u0107 o feminizmie i prawach cz\u0142owieka, to niech si\u0119 dowie, \u017ce po pierwsze, prawa cz\u0142owieka nie u nas, a po drugie, matcepolce nie wolno tak g\u0142upio m\u00f3wi\u0107 i my\u015ble\u0107. Mo\u017ce obozy reedukacyjne dla opornych?<\/p>\n\n\n\n<p>Gratuluj\u0119, szczerze gratuluj\u0119. Sami na w\u0142asne \u017cyczenie urz\u0105dzamy sobie piek\u0142o. Niepotrzebny nam do tego wr\u00f3g, wojna, obce si\u0142y z\u0142a. Sami w\u0142asnymi r\u0119koma montujemy sobie koszmar. Wybieraj\u0105c PiS na kolejn\u0105 kadencj\u0119, zdecydowali\u015bmy, \u017ce ten model przemocy i dekonstrukcji prawa jest dla nas akceptowalny. Popieraj\u0105c nadal t\u0119 parti\u0119, akceptujemy nienawi\u015b\u0107 do innych \u2013 nie tylko do uchod\u017ac\u00f3w, ale i do tej cz\u0119\u015bci spo\u0142ecze\u0144stwa, kt\u00f3r\u0105 chora wyobra\u017ania ludzi PiS-u zakwalifikowa\u0142a jako nie naszych. Kobiety sta\u0142y si\u0119 najwi\u0119kszymi przegranymi tej sytuacji. Odebrano im podstawowe prawa, a teraz odbiera si\u0119 im nie tylko wolno\u015b\u0107, ale i godno\u015b\u0107. W polityce PiS-u kobieta jest uprzedmiotowiona, upokorzona i sprowadzona do macicy. Nie ma ju\u017c nawet Matki Polki, nie ma osoby, nie ma jej praw, jest jedynie macica.<\/p>\n\n\n\n<p>Je\u017celi si\u0119 nie obudzimy, je\u017celi nie zmienimy politycznego kursu, je\u017celi na nast\u0119pn\u0105 kadencj\u0119 wybierzemy raz jeszcze PiS, ten kraj b\u0119dzie krajem Polak\u00f3w i macic, umieraj\u0105cych macic, nieszanowanych i niczym nie chronionych macic.<\/p>\n\n\n\n<hr class=\"wp-block-separator\"\/>\n\n\n\n<p><em>Felieton jest wyrazem opinii autorki. Nie prezentuje stanowiska ZR Ma\u0142opolskie<\/em>.<\/p>\n","protected":false},"excerpt":{"rendered":"<p>Najnowszy projekt PiS-u, by rejestrowa\u0107 ci\u0105\u017ce, to idea i\u015bcie totalitarna. I w\u0142a\u015bnie o tym totalitaryzmie my\u015blenia, o sytuacji kobiet sprowadzonych do jednej funkcji, o zaniku praw cz\u0142owieka w naszym kraju m\u00f3j dzisiejszy felieton. A tak\u017ce pytanie: czy musimy sami urz\u0105dza\u0107 sobie piek\u0142o? Do wojny najwyra\u017aniej nie potrzebujemy zewn\u0119trznego wroga.<\/p>\n","protected":false},"author":34,"featured_media":19411,"comment_status":"closed","ping_status":"open","sticky":false,"template":"","format":"standard","meta":{"_EventAllDay":false,"_EventTimezone":"","_EventStartDate":"","_EventEndDate":"","_EventStartDateUTC":"","_EventEndDateUTC":"","_EventShowMap":false,"_EventShowMapLink":false,"_EventURL":"","_EventCost":"","_EventCostDescription":"","_EventCurrencySymbol":"","_EventCurrencyCode":"","_EventCurrencyPosition":"","_EventDateTimeSeparator":"","_EventTimeRangeSeparator":"","_EventOrganizerID":[],"_EventVenueID":[],"_OrganizerEmail":"","_OrganizerPhone":"","_OrganizerWebsite":"","_VenueAddress":"","_VenueCity":"","_VenueCountry":"","_VenueProvince":"","_VenueState":"","_VenueZip":"","_VenuePhone":"","_VenueURL":"","_VenueStateProvince":"","_VenueLat":"","_VenueLng":"","_VenueShowMap":false,"_VenueShowMapLink":false,"footnotes":""},"categories":[596],"tags":[],"class_list":["post-28503","post","type-post","status-publish","format-standard","has-post-thumbnail","hentry","category-felietony","felietony"],"_links":{"self":[{"href":"https:\/\/kodmalopolska.pl\/index.php?rest_route=\/wp\/v2\/posts\/28503","targetHints":{"allow":["GET"]}}],"collection":[{"href":"https:\/\/kodmalopolska.pl\/index.php?rest_route=\/wp\/v2\/posts"}],"about":[{"href":"https:\/\/kodmalopolska.pl\/index.php?rest_route=\/wp\/v2\/types\/post"}],"author":[{"embeddable":true,"href":"https:\/\/kodmalopolska.pl\/index.php?rest_route=\/wp\/v2\/users\/34"}],"replies":[{"embeddable":true,"href":"https:\/\/kodmalopolska.pl\/index.php?rest_route=%2Fwp%2Fv2%2Fcomments&post=28503"}],"version-history":[{"count":0,"href":"https:\/\/kodmalopolska.pl\/index.php?rest_route=\/wp\/v2\/posts\/28503\/revisions"}],"wp:featuredmedia":[{"embeddable":true,"href":"https:\/\/kodmalopolska.pl\/index.php?rest_route=\/wp\/v2\/media\/19411"}],"wp:attachment":[{"href":"https:\/\/kodmalopolska.pl\/index.php?rest_route=%2Fwp%2Fv2%2Fmedia&parent=28503"}],"wp:term":[{"taxonomy":"category","embeddable":true,"href":"https:\/\/kodmalopolska.pl\/index.php?rest_route=%2Fwp%2Fv2%2Fcategories&post=28503"},{"taxonomy":"post_tag","embeddable":true,"href":"https:\/\/kodmalopolska.pl\/index.php?rest_route=%2Fwp%2Fv2%2Ftags&post=28503"}],"curies":[{"name":"wp","href":"https:\/\/api.w.org\/{rel}","templated":true}]}}