{"id":28163,"date":"2021-11-18T21:07:26","date_gmt":"2021-11-18T20:07:26","guid":{"rendered":"https:\/\/kodmalopolska.pl\/?p=28163"},"modified":"2021-11-18T21:07:28","modified_gmt":"2021-11-18T20:07:28","slug":"many-many-many-felieton-adama-jaskowa-57","status":"publish","type":"post","link":"https:\/\/kodmalopolska.pl\/?p=28163","title":{"rendered":"Many, many, many. Felieton Adama Ja\u015bkowa (57)"},"content":{"rendered":"\n<h4 class=\"wp-block-heading\">S\u0142owo wyja\u015bnienia. Je\u015bli cz\u0142owiek d\u0142ugo my\u015bli i wolno pisze, to nie nad\u0105\u017ca za zmianami. Zacz\u0105\u0142em pisa\u0107, gdy podwy\u017cki wynagrodze\u0144 (w Krakowie) by\u0142y jeszcze projektem, a ko\u0144cz\u0119, gdy s\u0142owo sta\u0142o si\u0119 monet\u0105. I to wyp\u0142acan\u0105 ju\u017c od sierpnia. Przeszli\u015bmy na czas zimowy, ale pa\u0144stwo radni uczynili sobie lato.<\/h4>\n\n\n\n<p>Nie mia\u0142 to by\u0107 tekst o powrocie ABBY, ju\u017c z pr\u0119dzej o kasie z piosenki Maryli Rodowicz, cho\u0107 ABBA to te\u017c \u017cywa (jeszcze) got\u00f3wka. Po podwy\u017ckach dla administracji centralnej, parlamentarzyst\u00f3w, ministr\u00f3w, prezydenta, premiera i marsza\u0142k\u00f3w izb przysz\u0142a pora na samorz\u0105dy. Te ma\u0142opolskie \u2013 ale i inne-polskie \u2013 szykuj\u0105 si\u0119 do zatwierdzania podwy\u017cek. Prezydent Krakowa b\u0119dzie zarabia\u0107 prawie tyle co prezydent Polski. Wiem, wiem, ma wi\u0119cej roboty, wi\u0119cej odpowiedzialno\u015bci, wi\u0119cej inteligencji\u2026 Ale czy musi? Nawet za dzisiejsz\u0105 pensj\u0119 \u017cyje wcale nie najgorzej, tym bardziej \u017ce dorabia. Wiem, podleg\u0142y mu szef MPWiK zarabia prawie dwa razy tyle (37 tysi\u0119cy miesi\u0119cznie) co prezydent po podwy\u017cce. Troch\u0119 to g\u0142upio. Mo\u017ce jednak ciut za du\u017co? Cho\u0107 i tak mniej ni\u017c jego odpowiednik w Kielcach\u2026 Wychodzi na to, \u017ce prawdziwy raj jest w Kielcach, ale w wodoci\u0105gach, a nie w jaskini.<\/p>\n\n\n\n<p>Samorz\u0105dowcy mog\u0105 wreszcie ustali\u0107 sobie podwy\u017cki. To wszystko dzi\u0119ki \u0142askawo\u015bci prezesa Kaczy\u0144skiego i podpisowi prezydenta Dudy. Po podniesieniu stawek wynagrodze\u0144 dla R-ki fala podwy\u017cek przetacza si\u0119 przez Polsk\u0119 od Krakowa (i Tarnowa) do Gda\u0144ska, Co prawda, nie wszyscy spiesz\u0105 si\u0119 tak jak krakowianie, ale wiadomo nie od dzi\u015b, \u017ce w Krakowie ceni si\u0119 ka\u017cdego centa, a nawet centusia. W najwi\u0119kszych miastach id\u0105 na ca\u0142ego. Prezydenci Warszawy czy Krakowa licz\u0105 na wynagrodzenie w kwocie 20 tysi\u0119cy z\u0142otych, co oznacza podwy\u017ck\u0119 o prawie 8 tysi\u0119cy. Tyle samo maj\u0105 wynosi\u0107 pensje marsza\u0142k\u00f3w wojew\u00f3dztw. Radni w najwi\u0119kszych miastach te\u017c spodziewaj\u0105 si\u0119 podwy\u017cek i tu tak\u017ce chodzi\u0142oby o jakie\u015b 70%. Dla przewodnicz\u0105cego rady (rad) by\u0142by to przeskok z prawie 2,7 tysi\u0105ca na blisko 4,3.<\/p>\n\n\n\n<p>Wiem, \u017ce wszystkim (no, prawie) jest ci\u0119\u017cko. Niekt\u00f3rym jednak jakby mniej. Uwa\u017cam, \u017ce godziwa praca warta jest godziwego wynagrodzenia. Wiem, \u017ce kapry\u015bny w\u0142adca pier\u015bcieni z \u017boliborza daje i odbiera, ale tego, co wyp\u0142acone, ju\u017c nie odbierze. Jak pami\u0119tacie, kaza\u0142 odda\u0107 \u015bwie\u017co wyp\u0142acone premie na cele charytatywne, a potem si\u0119 okaza\u0142o, \u017ce wi\u0119kszo\u015b\u0107 potencjalnych darczy\u0144c\u00f3w nie zna takich cel\u00f3w, a przynajmniej nie zna ich osobi\u015bcie. Na 151 urz\u0119dnik\u00f3w z nadania PiS-u tylko siedmioro dokona\u0142o wp\u0142at na Caritas, z czego prawdopodobnie tylko jeden przekaza\u0142 ca\u0142\u0105 otrzyman\u0105 kwot\u0119 (za \u201eGazet\u0105 Wyborcz\u0105\u201d).<\/p>\n\n\n\n<p>Ale\u2026 p\u0142ace pracownik\u00f3w bud\u017cet\u00f3wki zamro\u017cono na kolejny rok. P\u0142ace pracownik\u00f3w samorz\u0105dowych r\u00f3wnie\u017c, a przypominam, \u017ce stawki wynagrodze\u0144 zaczynaj\u0105 si\u0119 znacznie poni\u017cej p\u0142acy minimalnej. Ci na samym dole otrzymuj\u0105 premi\u0119 wyr\u00f3wnawcz\u0105, \u017ceby mogli zarabia\u0107 minimalne wynagrodzenie ustawowe. Ceni\u0119 sobie prac\u0119 wszystkich (a przynajmniej znacznej cz\u0119\u015bci) radnych, w\u00f3jt\u00f3w, burmistrz\u00f3w prezydent\u00f3w, marsza\u0142k\u00f3w etc. etc. etc. Ale\u2026 ale wszystko przed \u201eale\u201d jest PiS-u warte, jak zaznaczy\u0142 bohater \u201eGry o tron\u201d.<\/p>\n\n\n\n<p>Wed\u0142ug ostatnich bada\u0144 nier\u00f3wno\u015bci maj\u0105tkowe w Polsce s\u0105 ju\u017c najwi\u0119ksze w ca\u0142ej Unii Europejskiej. Ros\u0142y od pocz\u0105tku wieku i po chwilowym zatrzymaniu tej tendencji, gdy PiS wprowadzi\u0142o program 500+, rosn\u0105 dalej.<\/p>\n\n\n\n<p>Czy o tak\u0105 solidarno\u015b\u0107 walczy\u0142a \u201eSolidarno\u015b\u0107\u201d? Na pewno nie ta, kt\u00f3ra dzi\u015b jest nominalnie zwi\u0105zkiem zawodowym. I znowu sobie powtarzam pytanie\u2026 czy o take Polske?<\/p>\n\n\n\n<p>A konkordat oczywi\u015bcie nale\u017cy wypowiedzie\u0107.<\/p>\n\n\n\n<p><em>r\u00f3wnie\u017c na\u00a0<\/em><a href=\"https:\/\/aristoskr.wordpress.com\/\">aristoskr.wordpress.com<\/a><\/p>\n\n\n\n<hr class=\"wp-block-separator\"\/>\n\n\n\n<p><em>Felieton jest wyrazem opinii autora. Nie prezentuje stanowiska ZR Ma\u0142opolskie<\/em>.<\/p>\n","protected":false},"excerpt":{"rendered":"<p>Je\u015bli cz\u0142owiek d\u0142ugo my\u015bli i wolno pisze, to nie nad\u0105\u017ca za zmianami. Zacz\u0105\u0142em pisa\u0107, gdy podwy\u017cki wynagrodze\u0144 (w Krakowie) by\u0142y jeszcze projektem, a ko\u0144cz\u0119, gdy s\u0142owo sta\u0142o si\u0119 monet\u0105. I to wyp\u0142acan\u0105 ju\u017c od sierpnia. Przeszli\u015bmy na czas zimowy, ale pa\u0144stwo radni uczynili sobie lato.<\/p>\n","protected":false},"author":34,"featured_media":20415,"comment_status":"closed","ping_status":"open","sticky":false,"template":"","format":"standard","meta":{"_EventAllDay":false,"_EventTimezone":"","_EventStartDate":"","_EventEndDate":"","_EventStartDateUTC":"","_EventEndDateUTC":"","_EventShowMap":false,"_EventShowMapLink":false,"_EventURL":"","_EventCost":"","_EventCostDescription":"","_EventCurrencySymbol":"","_EventCurrencyCode":"","_EventCurrencyPosition":"","_EventDateTimeSeparator":"","_EventTimeRangeSeparator":"","_EventOrganizerID":[],"_EventVenueID":[],"_OrganizerEmail":"","_OrganizerPhone":"","_OrganizerWebsite":"","_VenueAddress":"","_VenueCity":"","_VenueCountry":"","_VenueProvince":"","_VenueState":"","_VenueZip":"","_VenuePhone":"","_VenueURL":"","_VenueStateProvince":"","_VenueLat":"","_VenueLng":"","_VenueShowMap":false,"_VenueShowMapLink":false,"footnotes":""},"categories":[596],"tags":[],"class_list":["post-28163","post","type-post","status-publish","format-standard","has-post-thumbnail","hentry","category-felietony","felietony"],"_links":{"self":[{"href":"https:\/\/kodmalopolska.pl\/index.php?rest_route=\/wp\/v2\/posts\/28163","targetHints":{"allow":["GET"]}}],"collection":[{"href":"https:\/\/kodmalopolska.pl\/index.php?rest_route=\/wp\/v2\/posts"}],"about":[{"href":"https:\/\/kodmalopolska.pl\/index.php?rest_route=\/wp\/v2\/types\/post"}],"author":[{"embeddable":true,"href":"https:\/\/kodmalopolska.pl\/index.php?rest_route=\/wp\/v2\/users\/34"}],"replies":[{"embeddable":true,"href":"https:\/\/kodmalopolska.pl\/index.php?rest_route=%2Fwp%2Fv2%2Fcomments&post=28163"}],"version-history":[{"count":0,"href":"https:\/\/kodmalopolska.pl\/index.php?rest_route=\/wp\/v2\/posts\/28163\/revisions"}],"wp:featuredmedia":[{"embeddable":true,"href":"https:\/\/kodmalopolska.pl\/index.php?rest_route=\/wp\/v2\/media\/20415"}],"wp:attachment":[{"href":"https:\/\/kodmalopolska.pl\/index.php?rest_route=%2Fwp%2Fv2%2Fmedia&parent=28163"}],"wp:term":[{"taxonomy":"category","embeddable":true,"href":"https:\/\/kodmalopolska.pl\/index.php?rest_route=%2Fwp%2Fv2%2Fcategories&post=28163"},{"taxonomy":"post_tag","embeddable":true,"href":"https:\/\/kodmalopolska.pl\/index.php?rest_route=%2Fwp%2Fv2%2Ftags&post=28163"}],"curies":[{"name":"wp","href":"https:\/\/api.w.org\/{rel}","templated":true}]}}