{"id":28083,"date":"2021-11-12T17:32:05","date_gmt":"2021-11-12T16:32:05","guid":{"rendered":"https:\/\/kodmalopolska.pl\/?p=28083"},"modified":"2021-11-12T17:32:09","modified_gmt":"2021-11-12T16:32:09","slug":"na-barwy-narodowe-i-partyjne-felieton-eweliny-pytel-5","status":"publish","type":"post","link":"https:\/\/kodmalopolska.pl\/?p=28083","title":{"rendered":"Na barwy narodowe i partyjne. Felieton Eweliny Pytel (5)"},"content":{"rendered":"\n<h4 class=\"wp-block-heading\">Nigdy specjalnie nie wierzy\u0142am w narody. Ani nawet w sw\u00f3j nar\u00f3d. Nie znosz\u0119 etykiet, szuflad, w kt\u00f3rych sami si\u0119 zatrzaskujemy \u2013 czasem bole\u015bnie \u2013 w kt\u00f3rych si\u0119 dusimy, ale nie umiemy z nich wyj\u015b\u0107.<\/h4>\n\n\n\n<p>Wierz\u0119 w ludzi, kt\u00f3rzy buduj\u0105 jak\u0105\u015b spo\u0142eczno\u015b\u0107 i jakie\u015b spo\u0142ecze\u0144stwo. Wierz\u0119 te\u017c w pa\u0144stwo, kt\u00f3re nie jest jak\u0105\u015b emanacj\u0105 narodu, ale mechanizmem organizacji \u017cycia spo\u0142ecznego.<\/p>\n\n\n\n<p>Podobnie mam z partiami. Nie wierz\u0119 w partie, cho\u0107 uwa\u017cam, \u017ce s\u0105 niezb\u0119dne do agregowania postulat\u00f3w, do gromadzenia si\u0119 wok\u00f3\u0142 wsp\u00f3lnych cel\u00f3w \u2013 ale s\u0105 tylko (i a\u017c) mechanizmem organizacji. Bardzo \u017ca\u0142uj\u0119, \u017ce w polskim systemie politycznym partie (mentalnie) pe\u0142ni\u0105 inn\u0105 funkcj\u0119, ni\u017c powinny. S\u0142u\u017c\u0105 za etykiety to\u017csamo\u015bciowe. S\u0142u\u017c\u0105 do budowania okop\u00f3w.<\/p>\n\n\n\n<p>Polski parlament od ostatnich nie tylko sze\u015bciu (bo to ju\u017c karykatura), ale kilkunastu co najmniej lat coraz bardziej przypomina schemat posiadania pola ni\u017c miejsce rzeczywistej dyskusji i przekonywania.<\/p>\n\n\n\n<p>A wi\u0119c nie wierz\u0119 w Platform\u0119. Mam jej bardzo wiele za z\u0142e, bardzo wiele ta partia ma jeszcze do przepracowania. Ale jest ca\u0142a lista jej cz\u0142onk\u00f3w i dzia\u0142aczy, w kt\u00f3rych intencje nie w\u0105tpi\u0119, a codzienn\u0105 prac\u0119 znam, i bez wahania bym powiedzia\u0142a: w nich wierz\u0119.<\/p>\n\n\n\n<p>Polska lewica \u2013 zar\u00f3wno ta parlamentarna, jak i przede wszystkim internetowa \u2013 doprowadza mnie cz\u0119sto do rozpaczy, pewnie dlatego, \u017ce sama mam serce po lewej stronie. Mog\u0142abym si\u0119 wyz\u0142o\u015bliwia\u0107 godzinami. A jednocze\u015bnie jestem tak ogromnie wdzi\u0119czna licznej grupie ideowych i niezwykle pracowitych ludzi za jej budowanie i naprawianie, za to co robi\u0105, zw\u0142aszcza poza \u015bwiat\u0142em kamer. W nich wierz\u0119.<\/p>\n\n\n\n<p>Polska 2050? Nie wierz\u0119 w t\u0119 parti\u0119, tak jak i w inne. W logo, w autoreklam\u0119, w tworzon\u0105 na szybko to\u017csamo\u015b\u0107. Ale kibicuj\u0119, bo w swoim bezpo\u015brednim otoczeniu widz\u0119 aktywist\u00f3w, ludzi buduj\u0105cych now\u0105 jako\u015b\u0107, ogrom ich zaanga\u017cowania, pracy, stara\u0144 o jak najlepsze rozwi\u0105zania, o inkluzywno\u015b\u0107. Wierz\u0119 w nich.<\/p>\n\n\n\n<p>Nawet w Zielonych nie wierz\u0119, w ich kolektywn\u0105 to\u017csamo\u015b\u0107, i przykro mi z powodu ich ma\u0142ej si\u0142y przebicia. Ale w nikogo tak nie wierz\u0119 jak w Krzy\u015bka z Zielonych, kt\u00f3ry niestrudzenie i w ciszy, po pracy, robi, co mo\u017ce, dla budowy si\u0142y proekologicznej.<\/p>\n\n\n\n<p>Analogicznie jest oczywi\u015bcie z Nowoczesn\u0105, kt\u00f3ra przynios\u0142a kiedy\u015b nadziej\u0119 na zmian\u0119 poziomu debaty publicznej, a potem t\u0119 nadziej\u0119 odebra\u0142a. I z Inicjatyw\u0105 Polsk\u0105, z Uni\u0105 Europejskich Demokrat\u00f3w, z PSL-em, z PPS-em. Ale \u015bwietnym ludziom z ka\u017cdego z tych ugrupowa\u0144 szczerze kibicuj\u0119.<\/p>\n\n\n\n<p>Kiedy wi\u0119c widz\u0119 kolejn\u0105 burz\u0119 po tym, jak kto\u015b zmieni\u0142 szyld partyjny \u2013 a wiem, \u017ce zmieni\u0142 go ze wzgl\u0119du na przekonania i mo\u017cliwo\u015b\u0107 dobrych, skutecznych dzia\u0142a\u0144 \u2013 ogrania mnie smutek, bo s\u0142ysz\u0119 bicie w puste gary. Co\u015b tu jest przeceniane, co\u015b niedoceniane. Przeceniane szyldy, niedoceniany rozs\u0105dek.<\/p>\n\n\n\n<p>A wszystkim tym politykom i polityczkom, kt\u00f3rzy g\u0142osuj\u0105 zgodnie ze swoim sumieniem i rozumem, zgodnie z warto\u015bciami zadeklarowanymi wobec wyborc\u00f3w i wyborczy\u0144, kt\u00f3rzy umiej\u0105 by\u0107 nonkonformistami, kiedy trzeba, r\u00f3wnie\u017c w obr\u0119bie w\u0142asnej partii, a jednocze\u015bnie (to te\u017c kluczowe) umiej\u0105 wsp\u00f3\u0142pracowa\u0107 \u2013 dzi\u0119kuj\u0119.<\/p>\n\n\n\n<p>Tak jak dzi\u0119kuj\u0119 dobrym ludziom, dla kt\u00f3rych obywatelstwo w paszporcie nie jest najwa\u017cniejsz\u0105 informacj\u0105 o cz\u0142owieku.<\/p>\n\n\n\n<hr class=\"wp-block-separator\"\/>\n\n\n\n<p><em>Felieton jest wyrazem opinii autorki. Nie prezentuje stanowiska ZR Ma\u0142opolskie KOD.<\/em><\/p>\n","protected":false},"excerpt":{"rendered":"<p>Nigdy specjalnie nie wierzy\u0142am w narody. Ani nawet w sw\u00f3j nar\u00f3d. Nie znosz\u0119 etykiet, szuflad, w kt\u00f3rych sami si\u0119 zatrzaskujemy \u2013 czasem bole\u015bnie \u2013 w kt\u00f3rych si\u0119 dusimy, ale nie umiemy z nich wyj\u015b\u0107. Podobnie mam z partiami.<\/p>\n","protected":false},"author":34,"featured_media":25043,"comment_status":"closed","ping_status":"open","sticky":false,"template":"","format":"standard","meta":{"_EventAllDay":false,"_EventTimezone":"","_EventStartDate":"","_EventEndDate":"","_EventStartDateUTC":"","_EventEndDateUTC":"","_EventShowMap":false,"_EventShowMapLink":false,"_EventURL":"","_EventCost":"","_EventCostDescription":"","_EventCurrencySymbol":"","_EventCurrencyCode":"","_EventCurrencyPosition":"","_EventDateTimeSeparator":"","_EventTimeRangeSeparator":"","_EventOrganizerID":[],"_EventVenueID":[],"_OrganizerEmail":"","_OrganizerPhone":"","_OrganizerWebsite":"","_VenueAddress":"","_VenueCity":"","_VenueCountry":"","_VenueProvince":"","_VenueState":"","_VenueZip":"","_VenuePhone":"","_VenueURL":"","_VenueStateProvince":"","_VenueLat":"","_VenueLng":"","_VenueShowMap":false,"_VenueShowMapLink":false,"footnotes":""},"categories":[596],"tags":[],"class_list":["post-28083","post","type-post","status-publish","format-standard","has-post-thumbnail","hentry","category-felietony","felietony"],"_links":{"self":[{"href":"https:\/\/kodmalopolska.pl\/index.php?rest_route=\/wp\/v2\/posts\/28083","targetHints":{"allow":["GET"]}}],"collection":[{"href":"https:\/\/kodmalopolska.pl\/index.php?rest_route=\/wp\/v2\/posts"}],"about":[{"href":"https:\/\/kodmalopolska.pl\/index.php?rest_route=\/wp\/v2\/types\/post"}],"author":[{"embeddable":true,"href":"https:\/\/kodmalopolska.pl\/index.php?rest_route=\/wp\/v2\/users\/34"}],"replies":[{"embeddable":true,"href":"https:\/\/kodmalopolska.pl\/index.php?rest_route=%2Fwp%2Fv2%2Fcomments&post=28083"}],"version-history":[{"count":0,"href":"https:\/\/kodmalopolska.pl\/index.php?rest_route=\/wp\/v2\/posts\/28083\/revisions"}],"wp:featuredmedia":[{"embeddable":true,"href":"https:\/\/kodmalopolska.pl\/index.php?rest_route=\/wp\/v2\/media\/25043"}],"wp:attachment":[{"href":"https:\/\/kodmalopolska.pl\/index.php?rest_route=%2Fwp%2Fv2%2Fmedia&parent=28083"}],"wp:term":[{"taxonomy":"category","embeddable":true,"href":"https:\/\/kodmalopolska.pl\/index.php?rest_route=%2Fwp%2Fv2%2Fcategories&post=28083"},{"taxonomy":"post_tag","embeddable":true,"href":"https:\/\/kodmalopolska.pl\/index.php?rest_route=%2Fwp%2Fv2%2Ftags&post=28083"}],"curies":[{"name":"wp","href":"https:\/\/api.w.org\/{rel}","templated":true}]}}