{"id":28025,"date":"2021-11-09T21:07:46","date_gmt":"2021-11-09T20:07:46","guid":{"rendered":"https:\/\/kodmalopolska.pl\/?p=28025"},"modified":"2021-11-22T21:38:32","modified_gmt":"2021-11-22T20:38:32","slug":"zaniepokojony-felieton-andrzeja-kowalczyka-21","status":"publish","type":"post","link":"https:\/\/kodmalopolska.pl\/?p=28025","title":{"rendered":"Zaniepokojony. Felieton Andrzeja Kowalczyka (21)"},"content":{"rendered":"\n<h4 class=\"wp-block-heading\">Putin atakuje NATO i Uni\u0119 Europejsk\u0105. Po raz pierwszy w ten spos\u00f3b testowana jest polska odporno\u015b\u0107, sprawno\u015b\u0107 instytucji i skuteczno\u015b\u0107 naszych sojuszy. Wiadomo by\u0142o, \u017ce to musi nast\u0105pi\u0107, ale gdy ju\u017c si\u0119 to dzieje trudno nie by\u0107 zatroskanym.<\/h4>\n\n\n\n<p>Realizowany jest podr\u0119cznikowy scenariusz &#8222;doktryny Gierasimowa&#8221;. Wojny hybrydowej, w kt\u00f3rej celami i amunicj\u0105 s\u0105 zwyk\u0142e obiekty cywilne, w kt\u00f3rej dzia\u0142ania faktyczne po\u0142\u0105czone s\u0105 z medialn\u0105 dezinformacj\u0105 i w kt\u00f3rej przemoc jest stosowana, ale poni\u017cej &#8222;progu kinetycznego&#8221; czyli pe\u0142noskalowych dzia\u0142a\u0144 oficjalnych oddzia\u0142\u00f3w wojskowych.<\/p>\n\n\n\n<p>Putin i \u0141ukaszenka u\u017cywaj\u0105 dzi\u015b jako broni zwyk\u0142ych ludzi przywiezionych samolotami z Bliskiego Wschodu i przepychanych przez bia\u0142orusk\u0105 granic\u0119 do Polski. Do tej Polski, kt\u00f3r\u0105 J. Kaczy\u0144ski sk\u0142\u00f3ci\u0142 nie tylko z Uni\u0105 ale te\u017c z USA, wojskowym fundamentem NATO. A przede wszystkim sk\u0142\u00f3ci\u0142 j\u0105 wewn\u0119trznie i zdepta\u0142 resztki zaufania. Jako recept\u0119 na kryzys stosujemy fizyczne odpychanie uchod\u017ac\u00f3w.<\/p>\n\n\n\n<p>Szkoda tych ludzi. Szkoda nas. Szkoda przysz\u0142o\u015bci regionu.<\/p>\n\n\n\n<p>Niewykluczone, \u017ce celem tego ataku jest konflikt jako taki. Wytworzenie strefy nienormalno\u015bci w pobli\u017cu &#8222;przesmyku Suwalskiego&#8221; rozdzielaj\u0105cego Putinowskie pa\u0144stwo. Wsp\u00f3\u0142czesnych &#8222;Dzikich P\u00f3l&#8221;, na kt\u00f3rych w praktyce nie obowi\u0105zuj\u0105 \u017cadne regu\u0142y i prawa. W tym \u017cadne sojusze mi\u0119dzynarodowe, jak NATO.<\/p>\n\n\n\n<p>Wida\u0107 dzi\u015b jak na d\u0142oni wag\u0119 codziennych spraw. Rozum, wsp\u00f3\u0142praca, wsp\u00f3lne regu\u0142y, prawo, szacunek dla mniejszo\u015bci. To nie s\u0105 tylko 'pi\u0119kne s\u0142\u00f3wka&#8217;. To kwestia naszego bezpiecze\u0144stwa. By\u0107 albo nie by\u0107. Polski nie sta\u0107 na rz\u0105dy nagiej si\u0142y; ani w polityce mi\u0119dzynarodowej, ani wewn\u0119trznej.<\/p>\n\n\n\n<p>Nie wiem czy Polska posiada odporno\u015b\u0107 zdoln\u0105 odeprze\u0107 podobne ataki w d\u0142u\u017cszym czasie. Zw\u0142aszcza Polska osamotniona. Chc\u0119 jednak wierzy\u0107, \u017ce odeprze je Zach\u00f3d jako wsp\u00f3lnota, jako Cywilizacja. <\/p>\n\n\n\n<p>Je\u015bli to zrobi to nie tylko dzi\u0119ki przewadze wojskowej USA, ale codzienno\u015bci\u0105 dzia\u0142a\u0144 cywilnych, obywatelskich. Przede wszystkim nie dopuszczaj\u0105c, aby dorobek Zachodu os\u0142abiali tacy jak Orban, czy J. Kaczy\u0144ski. Nie dopuszczaj\u0105c do tego, aby ludzi traktowano nieludzko.<\/p>\n\n\n\n<hr class=\"wp-block-separator\"\/>\n\n\n\n<p><em>Felieton jest wyrazem opinii autora. Nie prezentuje stanowiska ZR Ma\u0142opolskie KOD.<\/em><\/p>\n","protected":false},"excerpt":{"rendered":"<p>Putin atakuje NATO i Uni\u0119 Europejsk\u0105. Po raz pierwszy w ten spos\u00f3b testowana jest polska odporno\u015b\u0107, sprawno\u015b\u0107 instytucji i skuteczno\u015b\u0107 naszych sojuszy. Wiadomo by\u0142o, \u017ce to musi nast\u0105pi\u0107, ale gdy ju\u017c si\u0119 to dzieje trudno nie by\u0107 zatroskanym.<\/p>\n","protected":false},"author":34,"featured_media":28225,"comment_status":"closed","ping_status":"open","sticky":false,"template":"","format":"standard","meta":{"_EventAllDay":false,"_EventTimezone":"","_EventStartDate":"","_EventEndDate":"","_EventStartDateUTC":"","_EventEndDateUTC":"","_EventShowMap":false,"_EventShowMapLink":false,"_EventURL":"","_EventCost":"","_EventCostDescription":"","_EventCurrencySymbol":"","_EventCurrencyCode":"","_EventCurrencyPosition":"","_EventDateTimeSeparator":"","_EventTimeRangeSeparator":"","_EventOrganizerID":[],"_EventVenueID":[],"_OrganizerEmail":"","_OrganizerPhone":"","_OrganizerWebsite":"","_VenueAddress":"","_VenueCity":"","_VenueCountry":"","_VenueProvince":"","_VenueState":"","_VenueZip":"","_VenuePhone":"","_VenueURL":"","_VenueStateProvince":"","_VenueLat":"","_VenueLng":"","_VenueShowMap":false,"_VenueShowMapLink":false,"footnotes":""},"categories":[596],"tags":[],"class_list":["post-28025","post","type-post","status-publish","format-standard","has-post-thumbnail","hentry","category-felietony","felietony"],"_links":{"self":[{"href":"https:\/\/kodmalopolska.pl\/index.php?rest_route=\/wp\/v2\/posts\/28025","targetHints":{"allow":["GET"]}}],"collection":[{"href":"https:\/\/kodmalopolska.pl\/index.php?rest_route=\/wp\/v2\/posts"}],"about":[{"href":"https:\/\/kodmalopolska.pl\/index.php?rest_route=\/wp\/v2\/types\/post"}],"author":[{"embeddable":true,"href":"https:\/\/kodmalopolska.pl\/index.php?rest_route=\/wp\/v2\/users\/34"}],"replies":[{"embeddable":true,"href":"https:\/\/kodmalopolska.pl\/index.php?rest_route=%2Fwp%2Fv2%2Fcomments&post=28025"}],"version-history":[{"count":0,"href":"https:\/\/kodmalopolska.pl\/index.php?rest_route=\/wp\/v2\/posts\/28025\/revisions"}],"wp:featuredmedia":[{"embeddable":true,"href":"https:\/\/kodmalopolska.pl\/index.php?rest_route=\/wp\/v2\/media\/28225"}],"wp:attachment":[{"href":"https:\/\/kodmalopolska.pl\/index.php?rest_route=%2Fwp%2Fv2%2Fmedia&parent=28025"}],"wp:term":[{"taxonomy":"category","embeddable":true,"href":"https:\/\/kodmalopolska.pl\/index.php?rest_route=%2Fwp%2Fv2%2Fcategories&post=28025"},{"taxonomy":"post_tag","embeddable":true,"href":"https:\/\/kodmalopolska.pl\/index.php?rest_route=%2Fwp%2Fv2%2Ftags&post=28025"}],"curies":[{"name":"wp","href":"https:\/\/api.w.org\/{rel}","templated":true}]}}