{"id":28015,"date":"2021-11-08T22:29:34","date_gmt":"2021-11-08T21:29:34","guid":{"rendered":"https:\/\/kodmalopolska.pl\/?p=28015"},"modified":"2021-11-08T22:29:37","modified_gmt":"2021-11-08T21:29:37","slug":"ja-tylko-zapisuje-felieton-adama-jaskowa-56","status":"publish","type":"post","link":"https:\/\/kodmalopolska.pl\/?p=28015","title":{"rendered":"Ja tylko zapisuj\u0119. Felieton Adama Ja\u015bkowa (56)"},"content":{"rendered":"\n<h4 class=\"wp-block-heading\">Czasem naprawd\u0119 lepiej sta\u0107 w t\u0142umie os\u00f3b niekoniecznie nawet podobnych do nas, ale zebranych w jednej wsp\u00f3lnej intencji (lub dw\u00f3ch). Obserwacja lekko uczestnicz\u0105ca. Odrobin\u0119 emocji i \u015bwiadomo\u015bci wsp\u00f3\u0142uczestnictwa.<\/h4>\n\n\n\n<p>Jest tak zw\u0142aszcza wtedy, gdy hymnem zgromadzenia jest \u201eBella ciao\u201d, cho\u0107 z nowym \u2013 mo\u017ce nieco smutniejszym, lecz nie mniej zagrzewaj\u0105cym do walki \u2013 tekstem. Wtedy, gdy mo\u017cna us\u0142ysze\u0107 lekarza, ginekologa, i mie\u0107 nadziej\u0119, \u017ce mimo wszystko to nie jedyny sprawiedliwy (chocia\u017c kiedy zapyta\u0142, czy w\u015br\u00f3d zgromadzonych s\u0105 jeszcze jacy\u015b inni, odpowiedzia\u0142y mu nie\u015bmia\u0142o pojedyncze g\u0142osy).<\/p>\n\n\n\n<p>Lekarz m\u00f3wi\u0142, \u017ce najwa\u017cniejsze jest dla niego zdrowie pacjentki. \u017be nigdy by si\u0119 nie zawaha\u0142, gdyby trzeba by\u0142o ratowa\u0107 jej \u017cycie. \u017be dla niego to sprawa oczywista. Co wi\u0119cej, domaga\u0142 si\u0119, by koledzy z Towarzystwa Ginekolog\u00f3w i Po\u0142o\u017cnik\u00f3w wydali zalecenie stwierdzaj\u0105ce jasno, \u017ce realizacja og\u00f3lnie przyj\u0119tych medycznych procedur ratuj\u0105cych \u017cycie kobiety jest obowi\u0105zkiem lekarzy. Domaga\u0142 si\u0119 te\u017c wsparcia dla takich dzia\u0142a\u0144 Izb Lekarskich.<\/p>\n\n\n\n<p>Tu ju\u017c \u2013 pomy\u015bla\u0142em sobie \u2013 poszed\u0142 w idealizm. Przecie\u017c to w\u0142a\u015bnie lekarze, zw\u0142aszcza ci wp\u0142ywowi, piastuj\u0105cy stanowiska, najbardziej oddalili si\u0119 od medycyny. To Izby Lekarskie przyj\u0119\u0142y dokument nazwany dla niepoznaki kodeksem etyki lekarskiej, kt\u00f3ry m\u00f3wi, \u017ce lekarz nie musi, a nawet nie powinien stosowa\u0107 si\u0119 do zalece\u0144 wiedzy medycznej, je\u015bli jego przekonania religijne lub dominuj\u0105ca religia na to si\u0119 nie godz\u0105. A cho\u0107by nawet mia\u0142 inne przekonania i chcia\u0142 praktykowa\u0107 medycyn\u0119, a nie teologi\u0119, to i tak powinien si\u0119 trzyma\u0107 kodeksu. W ten spos\u00f3b lekarze stali si\u0119 bardziej papiescy ni\u017c episkopat, co wcale nie zawstydzi\u0142o biskup\u00f3w, ale pewnie wzbudzi\u0142o ich rado\u015b\u0107.<\/p>\n\n\n\n<p>Jest to zreszt\u0105 cecha nie tylko lekarzy \u2013 to, \u017ce swoje \u015bwiatopogl\u0105dowe przekonania (lub przekonania, jakie podobno mie\u0107 wypada) stawia si\u0119 wy\u017cej od wiedzy naukowej i zawodowych obowi\u0105zk\u00f3w. W zasadzie wszystkie zawody spo\u0142ecznego zaufania zm\u00f3wi\u0142y si\u0119, by to spo\u0142eczne zaufanie zawie\u015b\u0107.<br \/>I cho\u0107 niezmiernie si\u0119 ciesz\u0119, \u017ce pojawi\u0142 si\u0119 publicznie cho\u0107 jeden sprawiedliwy, on sam jak ta jask\u00f3\u0142ka sierota nie uczyni wiosny z tej zimy ani nie uczyni takiej wiosny, jakiej wyczekujemy. Je\u015bli jednak pojawi\u0142 si\u0119 ju\u017c pierwszy, mo\u017ce o\u015bmieli kolejnych?<\/p>\n\n\n\n<p>Cieszy\u0142em si\u0119 nie mniej z g\u0142osu Darii Gosek-Popio\u0142ek, pos\u0142anki Lewicy (Razem). Wykrzycza\u0142a gniew wielu kobiet i ich \u017c\u0105danie prawa do \u017cycia \u2013 prawa do \u017cycia dla kobiety, dla cz\u0142owieka. Prawa do wyboru, czy chce si\u0119 by\u0107 w ci\u0105\u017cy, czy nie. Bo bycie w ci\u0105\u017cy nie jest obowi\u0105zkiem kobiety. Niby to oczywiste prawdy \u2013 o ile tylko traktuje si\u0119 kobiety jak ludzi, a wszystkich ludzi z szacunkiem.<\/p>\n\n\n\n<p>Jeszcze b\u0119dzie przepi\u0119knie? Nie wiem, ale wystarczy\u0142oby mi, gdyby po prostu nie by\u0142o \u017ale.<\/p>\n\n\n\n<p>Nie chc\u0119 mie\u0107 nic wsp\u00f3lnego z ko\u015bcio\u0142em; z biskupami \u0142\u0105czy mnie tylko obywatelstwo. Zebrani wykrzyczeli szereg pr\u00f3\u015bb i postulat\u00f3w pod adresem biskup\u00f3w, a jednego biskupa w szczeg\u00f3lno\u015bci. W du\u017cym i bardzo kulturalnym skr\u00f3cie chodzi\u0142o o to, by biskupi udali si\u0119 w dalek\u0105 podr\u00f3\u017c i ju\u017c nigdy nie wracali. Tak im dopom\u00f3\u017c ich b\u00f3g.<\/p>\n\n\n\n<p>Nie pisz\u0119, co sugerowano parlamentarzystom Prawa i Sprawiedliwo\u015bci, bo tego nie da si\u0119 ani skr\u00f3ci\u0107, ani przedstawi\u0107 w kulturalnej formie, nie zmieniaj\u0105c diametralnie tre\u015bci przekazu.<\/p>\n\n\n\n<p>Ta w\u0142adza musi zosta\u0107 odsuni\u0119ta. Dla naszego dobra.<\/p>\n\n\n\n<p>Wasz pokorny skryba.<\/p>\n\n\n\n<p>A Jakubowi W\u0142odkowi, fotoreporterowi Agencji Gazeta, uprzejmie dzi\u0119kuje za udokumentowanie udzia\u0142u.<\/p>\n\n\n\n<p><em>r\u00f3wnie\u017c na\u00a0<\/em><a href=\"https:\/\/aristoskr.wordpress.com\/\">aristoskr.wordpress.com<\/a><\/p>\n\n\n\n<hr class=\"wp-block-separator\"\/>\n\n\n\n<p><em>Felieton jest wyrazem opinii autora. Nie prezentuje stanowiska ZR Ma\u0142opolskie<\/em>.<\/p>\n","protected":false},"excerpt":{"rendered":"<p>Czasem naprawd\u0119 lepiej sta\u0107 w t\u0142umie os\u00f3b niekoniecznie nawet podobnych do nas, ale zebranych w jednej wsp\u00f3lnej intencji (lub dw\u00f3ch). Obserwacja lekko uczestnicz\u0105ca. Odrobin\u0119 emocji i \u015bwiadomo\u015bci wsp\u00f3\u0142uczestnictwa.<\/p>\n","protected":false},"author":34,"featured_media":20415,"comment_status":"closed","ping_status":"open","sticky":false,"template":"","format":"standard","meta":{"_EventAllDay":false,"_EventTimezone":"","_EventStartDate":"","_EventEndDate":"","_EventStartDateUTC":"","_EventEndDateUTC":"","_EventShowMap":false,"_EventShowMapLink":false,"_EventURL":"","_EventCost":"","_EventCostDescription":"","_EventCurrencySymbol":"","_EventCurrencyCode":"","_EventCurrencyPosition":"","_EventDateTimeSeparator":"","_EventTimeRangeSeparator":"","_EventOrganizerID":[],"_EventVenueID":[],"_OrganizerEmail":"","_OrganizerPhone":"","_OrganizerWebsite":"","_VenueAddress":"","_VenueCity":"","_VenueCountry":"","_VenueProvince":"","_VenueState":"","_VenueZip":"","_VenuePhone":"","_VenueURL":"","_VenueStateProvince":"","_VenueLat":"","_VenueLng":"","_VenueShowMap":false,"_VenueShowMapLink":false,"footnotes":""},"categories":[596],"tags":[],"class_list":["post-28015","post","type-post","status-publish","format-standard","has-post-thumbnail","hentry","category-felietony","felietony"],"_links":{"self":[{"href":"https:\/\/kodmalopolska.pl\/index.php?rest_route=\/wp\/v2\/posts\/28015","targetHints":{"allow":["GET"]}}],"collection":[{"href":"https:\/\/kodmalopolska.pl\/index.php?rest_route=\/wp\/v2\/posts"}],"about":[{"href":"https:\/\/kodmalopolska.pl\/index.php?rest_route=\/wp\/v2\/types\/post"}],"author":[{"embeddable":true,"href":"https:\/\/kodmalopolska.pl\/index.php?rest_route=\/wp\/v2\/users\/34"}],"replies":[{"embeddable":true,"href":"https:\/\/kodmalopolska.pl\/index.php?rest_route=%2Fwp%2Fv2%2Fcomments&post=28015"}],"version-history":[{"count":0,"href":"https:\/\/kodmalopolska.pl\/index.php?rest_route=\/wp\/v2\/posts\/28015\/revisions"}],"wp:featuredmedia":[{"embeddable":true,"href":"https:\/\/kodmalopolska.pl\/index.php?rest_route=\/wp\/v2\/media\/20415"}],"wp:attachment":[{"href":"https:\/\/kodmalopolska.pl\/index.php?rest_route=%2Fwp%2Fv2%2Fmedia&parent=28015"}],"wp:term":[{"taxonomy":"category","embeddable":true,"href":"https:\/\/kodmalopolska.pl\/index.php?rest_route=%2Fwp%2Fv2%2Fcategories&post=28015"},{"taxonomy":"post_tag","embeddable":true,"href":"https:\/\/kodmalopolska.pl\/index.php?rest_route=%2Fwp%2Fv2%2Ftags&post=28015"}],"curies":[{"name":"wp","href":"https:\/\/api.w.org\/{rel}","templated":true}]}}