{"id":27975,"date":"2021-11-05T21:15:10","date_gmt":"2021-11-05T20:15:10","guid":{"rendered":"https:\/\/kodmalopolska.pl\/?p=27975"},"modified":"2021-11-05T21:15:13","modified_gmt":"2021-11-05T20:15:13","slug":"sezon-teleskopowych-palek-i-nagrody-za-sukces-felieton-fryderyka-zolla-343","status":"publish","type":"post","link":"https:\/\/kodmalopolska.pl\/?p=27975","title":{"rendered":"Sezon teleskopowych pa\u0142ek i nagrody za sukces. Felieton Fryderyka Zolla (343)"},"content":{"rendered":"\n<h4 class=\"wp-block-heading\">Pandemia coraz bardziej szaleje, PiS wi\u0119c swoim zwyczajem postanowi\u0142o rozhu\u015bta\u0107 spo\u0142ecze\u0144stwo, zmuszaj\u0105c je do masowych protest\u00f3w. Tym razem chce sprawdzi\u0107, czy temat s\u0105downictwa znudzi\u0142 si\u0119 spo\u0142ecze\u0144stwu na tyle, \u017ce definitywne zniszczenie S\u0105du Najwy\u017cszego przejdzie bez echa.<\/h4>\n\n\n\n<p>S\u0142usznie s\u0119dzia SN W\u0142odzimierz Wr\u00f3bel pow\u0105tpiewa, czy to, co pozostanie po S\u0105dzie Najwy\u017cszym, mo\u017cna sensownie nazywa\u0107 s\u0105dem. B\u0119dzie to raczej komitet partyjny do legalizacji bezprawia. Gdyby Unia da\u0142a si\u0119 z\u0142apa\u0107 na ten numer, nie powstrzyma\u0142aby trawi\u0105cego j\u0105 od wewn\u0105trz z\u0142o\u015bliwego nowotworu. Na szcz\u0119\u015bcie prawda zaczyna powoli dociera\u0107 do europejskiej \u015bwiadomo\u015bci i mo\u017cna mie\u0107 nadziej\u0119, \u017ce nasi unijni partnerzy trafnie oceni\u0105, jak si\u0119 maj\u0105 zamierzenia PiS-u do wymaga\u0144 wynikaj\u0105cych z art. 2 Traktatu o Unii Europejskiej. Niechby takiej \u015bwiadomo\u015bci nabra\u0142o r\u00f3wnie\u017c polskie spo\u0142ecze\u0144stwo, patrz\u0105c na ostateczny ju\u017c demonta\u017c instytucji ochrony prawa.<\/p>\n\n\n\n<p>PiS jednak celowo d\u0105\u017cy do zamieszek i sprowokowania wewn\u0119trznego konfliktu. Jego polityka finansowa, kt\u00f3rej twarz\u0105 jest nagrodzony w\u0142a\u015bnie przez Dud\u0119 prezes Glapi\u0144ski, nakr\u0119ci\u0142a spiral\u0119 inflacji. Dro\u017cyzna najbardziej zaboli ludzi biednych, ich gniew trzeba wi\u0119c skierowa\u0107 przeciw protestuj\u0105cym. To, \u017ce ludzie PiS-u nie maj\u0105 \u017cadnych hamulc\u00f3w, pokazuje sytuacja w przygranicznej strefie bezprawia. Nieszcz\u0119\u015bcia ludzi tam cierpi\u0105cych wynikaj\u0105 z PiS-owskiej kalkulacji tego, co jest politycznie op\u0142acalne. Eskalacja wewn\u0119trznego konfliktu te\u017c si\u0119 politycznie op\u0142aca.<\/p>\n\n\n\n<p>Nadchodzi zatem czas pa\u0142ek teleskopowych. I nagr\u00f3d. Wspomnian\u0105 nagrod\u0119 przyznano prezesowi Glapi\u0144skiemu za zas\u0142ugi w utrzymaniu stabilno\u015bci finansowej. Takich wyr\u00f3\u017cnie\u0144 powinien Duda przydziela\u0107 wi\u0119cej: Ziobrze za obron\u0119 praworz\u0105dno\u015bci, Rauowi za sukcesy polityki zagranicznej, B\u0142aszczakowi za mi\u0142osierdzie, Kurskiemu za obron\u0119 niezale\u017cnego dziennikarstwa, Czarnkowi za wspieranie autonomii nauki, Kami\u0144skiemu za wzmocnion\u0105 ochron\u0119 prywatno\u015bci obywateli, Gli\u0144skiemu za wolno\u015b\u0107 kultury, Siarkowskiej za pomoc w t\u0142umieniu pandemii, Suskiemu za m\u0105dro\u015b\u0107, sobie za niez\u0142omno\u015b\u0107, a Morawieckiemu za bezwzgl\u0119dne umi\u0142owanie prawdy. Rz\u0105d i rz\u0105dz\u0105ca koalicja zas\u0142uguj\u0105 na nagrody za ca\u0142okszta\u0142t, trafnie okre\u015blony przez Donalda Tuska nowoczesnym skr\u00f3tem 3 D: daniny, dro\u017cyzna, d\u0142ugi.<\/p>\n\n\n\n<p>I mo\u017ce si\u0119 tak sta\u0107, \u017ce do referendum Kowalskiego w sprawie polexitu nie doczekamy jako pa\u0144stwo. Nie b\u0119dzie ju\u017c czego zbiera\u0107. Pozostan\u0105 tylko jak\u017ce \u0142echc\u0105ce dum\u0119 nagrody pana Dudy. Nam jako opozycji te\u017c zreszt\u0105 mo\u017ce przypa\u015b\u0107 nagroda \u2013 za to, \u017ce zrozumieli\u015bmy, jakie niebezpiecze\u0144stwo zawis\u0142o nad Polsk\u0105, i zrobili\u015bmy wszystko, \u017ceby mu zapobiec.<\/p>\n\n\n\n<hr class=\"wp-block-separator\"\/>\n\n\n\n<p><em>Felieton jest wyrazem opinii autora. Nie prezentuje stanowiska ZR Ma\u0142opolskie<\/em><\/p>\n","protected":false},"excerpt":{"rendered":"<p>Pandemia coraz bardziej szaleje, PiS wi\u0119c swoim zwyczajem postanowi\u0142o rozhu\u015bta\u0107 spo\u0142ecze\u0144stwo, zmuszaj\u0105c je do masowych protest\u00f3w. Tym razem chce sprawdzi\u0107, czy temat s\u0105downictwa znudzi\u0142 si\u0119 spo\u0142ecze\u0144stwu na tyle, \u017ce definitywne zniszczenie S\u0105du Najwy\u017cszego przejdzie bez echa.<\/p>\n","protected":false},"author":34,"featured_media":24583,"comment_status":"closed","ping_status":"open","sticky":false,"template":"","format":"standard","meta":{"_EventAllDay":false,"_EventTimezone":"","_EventStartDate":"","_EventEndDate":"","_EventStartDateUTC":"","_EventEndDateUTC":"","_EventShowMap":false,"_EventShowMapLink":false,"_EventURL":"","_EventCost":"","_EventCostDescription":"","_EventCurrencySymbol":"","_EventCurrencyCode":"","_EventCurrencyPosition":"","_EventDateTimeSeparator":"","_EventTimeRangeSeparator":"","_EventOrganizerID":[],"_EventVenueID":[],"_OrganizerEmail":"","_OrganizerPhone":"","_OrganizerWebsite":"","_VenueAddress":"","_VenueCity":"","_VenueCountry":"","_VenueProvince":"","_VenueState":"","_VenueZip":"","_VenuePhone":"","_VenueURL":"","_VenueStateProvince":"","_VenueLat":"","_VenueLng":"","_VenueShowMap":false,"_VenueShowMapLink":false,"footnotes":""},"categories":[596],"tags":[],"class_list":["post-27975","post","type-post","status-publish","format-standard","has-post-thumbnail","hentry","category-felietony","felietony"],"_links":{"self":[{"href":"https:\/\/kodmalopolska.pl\/index.php?rest_route=\/wp\/v2\/posts\/27975","targetHints":{"allow":["GET"]}}],"collection":[{"href":"https:\/\/kodmalopolska.pl\/index.php?rest_route=\/wp\/v2\/posts"}],"about":[{"href":"https:\/\/kodmalopolska.pl\/index.php?rest_route=\/wp\/v2\/types\/post"}],"author":[{"embeddable":true,"href":"https:\/\/kodmalopolska.pl\/index.php?rest_route=\/wp\/v2\/users\/34"}],"replies":[{"embeddable":true,"href":"https:\/\/kodmalopolska.pl\/index.php?rest_route=%2Fwp%2Fv2%2Fcomments&post=27975"}],"version-history":[{"count":0,"href":"https:\/\/kodmalopolska.pl\/index.php?rest_route=\/wp\/v2\/posts\/27975\/revisions"}],"wp:featuredmedia":[{"embeddable":true,"href":"https:\/\/kodmalopolska.pl\/index.php?rest_route=\/wp\/v2\/media\/24583"}],"wp:attachment":[{"href":"https:\/\/kodmalopolska.pl\/index.php?rest_route=%2Fwp%2Fv2%2Fmedia&parent=27975"}],"wp:term":[{"taxonomy":"category","embeddable":true,"href":"https:\/\/kodmalopolska.pl\/index.php?rest_route=%2Fwp%2Fv2%2Fcategories&post=27975"},{"taxonomy":"post_tag","embeddable":true,"href":"https:\/\/kodmalopolska.pl\/index.php?rest_route=%2Fwp%2Fv2%2Ftags&post=27975"}],"curies":[{"name":"wp","href":"https:\/\/api.w.org\/{rel}","templated":true}]}}