{"id":27837,"date":"2021-10-26T05:53:53","date_gmt":"2021-10-26T03:53:53","guid":{"rendered":"https:\/\/kodmalopolska.pl\/?p=27837"},"modified":"2021-10-26T05:53:56","modified_gmt":"2021-10-26T03:53:56","slug":"demokracja-takie-to-kruche-felieton-joanny-handerek-56","status":"publish","type":"post","link":"https:\/\/kodmalopolska.pl\/?p=27837","title":{"rendered":"Demokracja \u2013 takie to kruche. Felieton Joanny Ha\u0144derek (56)"},"content":{"rendered":"\n<h4 class=\"wp-block-heading\">S\u0119dzia Maciej Ferek do\u0142\u0105czy\u0142 do grona s\u0119dzi\u00f3w niez\u0142omnych. Razem z tak prawymi lud\u017ami jak Beata Morawiec czy Waldemar \u017burek walczy o niezale\u017cno\u015b\u0107 s\u0105downictwa i o sam\u0105 demokracj\u0119. Musimy pami\u0119ta\u0107, \u017ce demokracj\u0119 bardzo \u0142atwo si\u0119 traci, a bardzo trudno odbudowuje. Zachowajmy wi\u0119c czujno\u015b\u0107 i wspierajmy tych, kt\u00f3rzy ryzykuj\u0105 swoj\u0105 karier\u0119 zawodow\u0105 dla nas, dla demokracji i dla wolno\u015bci.<\/h4>\n\n\n\n<p>Maciej Ferek, s\u0119dzia S\u0105du Okr\u0119gowego w Krakowie, do\u0142\u0105czy\u0142 do grona s\u0119dzi\u00f3w niez\u0142omnych. W czasach premiuj\u0105cych konformizm i zak\u0142amanie pozosta\u0142 lojalny wobec zasad praworz\u0105dno\u015bci i demokracji. Wyda\u0142 orzeczenie nie po my\u015bli obecnej w\u0142adzy, dlatego zosta\u0142 zawieszony w swoich obowi\u0105zkach. Jak wyja\u015bni\u0142, chce spogl\u0105da\u0107 w lustro bez obrzydzenia, a ludziom patrze\u0107 w oczy bez poczucia, \u017ce jest sprzedawczykiem. Takich ludzi w\u0142adza si\u0119 boi, si\u0119ga wi\u0119c po wszelkie \u015brodki, by \u0142ama\u0107 kr\u0119gos\u0142upy. S\u0119dziowie niez\u0142omni: Waldemar \u017burek, Beata Morawiec, Pawe\u0142 Juszczyszyn i Igor Tuleya, a teraz s\u0119dzia Maciej Ferek.<\/p>\n\n\n\n<p>Demokracja nie jest nam dana raz na zawsze. Bardzo \u0142atwo j\u0105 utraci\u0107. Pewni ludzie i pewne zawody s\u0105 filarami demokratycznego pa\u0144stwa: prawnicy i prawniczki, dziennikarki i dziennikarze, nauczyciele i nauczycielki. To w\u0142a\u015bnie ci ludzie powinni pozosta\u0107 niez\u0142omni. S\u0105 niezb\u0119dni. Bez nich prawo stanie si\u0119 nic nieznacz\u0105c\u0105 manipulacj\u0105, informacje zamieni\u0105 si\u0119 w propagand\u0119 partii rz\u0105dz\u0105cej, a nauka w ideologizacj\u0119 m\u0142odzie\u017cy. PiS \u2013 partia, kt\u00f3ra konsekwentnie przekszta\u0142ca pa\u0144stwo demokratyczne, jakim byli\u015bmy, w kraj rz\u0105dzony przez ignorant\u00f3w dowodzonych przez wata\u017ck\u0119 \u2013 konsekwentnie niszczy te w\u0142a\u015bnie zawody.<\/p>\n\n\n\n<p>Ka\u017cdy i ka\u017cda s\u0119dzia, kt\u00f3rzy nadal strzeg\u0105 prawa i broni\u0105 Konstytucji, s\u0105 automatycznie nara\u017ceni na szykany. PiS doprowadzi\u0142o do tego, \u017ce dzia\u0142anie zgodne z prawem staje si\u0119 bezprawne. S\u0119dzia Maciej Ferek zosta\u0142 zawieszony przez namiestniczk\u0119 ministra sprawiedliwo\u015bci Dagmar\u0119 Pawe\u0142czyk-Woick\u0105 tylko dlatego, \u017ce sumiennie wykonywa\u0142 sw\u00f3j zaw\u00f3d. To tak, jakby zawiesi\u0107 nauczyciela historii za to, \u017ce wyja\u015bnia m\u0142odzie\u017cy rol\u0119 Lecha Wa\u0142\u0119sy w ruchu \u201eSolidarno\u015b\u0107\u201d, albo zawiesi\u0107 wyk\u0142adowc\u0119, kt\u00f3ry czyta ze studentami Platona, geja, lub prowadzi zaj\u0119cia na temat Marksa i Engelsa, komuch\u00f3w jak si\u0119 patrzy. Prosz\u0119 nie my\u015ble\u0107, \u017ce te przyk\u0142ady s\u0105 wydumane. Znane s\u0105 przecie\u017c k\u0142opoty dyrektorki szko\u0142y z Dobczyc, kt\u00f3ra pozwoli\u0142a uczniom i\u015b\u0107 na spotkanie z cyklu \u201eTour de Konstytucja\u201d, a jak swego czasu dowiod\u0142a debata poselska, sama koszulka z napisem KONSTYTUCJA bywa obra\u017aliwa. Nauczanie o zwi\u0105zkowcach czy filozofach z tak podejrzanym \u017cyciorysem mo\u017ce wi\u0119c ju\u017c nied\u0142ugo okaza\u0107 si\u0119 deprawowaniem m\u0142odzie\u017cy.<\/p>\n\n\n\n<p>Demokracja nie jest nam dana raz na zawsze. Bardzo trudno j\u0105 zbudowa\u0107, a bardzo \u0142atwo utraci\u0107. Wystarczy nie zachowa\u0107 czujno\u015bci, wystarczy zbagatelizowa\u0107 pierwsze symptomy \u2013 i mo\u017ce by\u0107 za p\u00f3\u017ano. Zawieszanie kolejnych s\u0119dzi\u00f3w za rzetelne wykonywanie zawodu pokazuje, \u017ce ju\u017c do\u015bwiadczamy kryzysu naszej demokratycznej rzeczywisto\u015bci, kt\u00f3ra kurczy si\u0119 z ka\u017cdym prawnikiem szykanowanym za przestrzeganie Konstytucji i z\u0142o\u017conego przez siebie \u015blubowania.<\/p>\n\n\n\n<p>S\u0119dzia Maciej Ferek to nasz bohater \u2013 cz\u0142owiek, kt\u00f3ry nie da\u0142 z\u0142ama\u0107 sobie kr\u0119gos\u0142upa. To r\u00f3wnie\u017c wyzwanie dla nas, by wspiera\u0107 niez\u0142omnych bohater\u00f3w naszych czas\u00f3w: s\u0119dzi\u00f3w, prawnik\u00f3w walcz\u0105cych o niezawis\u0142o\u015b\u0107 s\u0105d\u00f3w, to nasze zobowi\u0105zanie, by walczy\u0107 razem z nimi. Demokracj\u0119 buduje si\u0119 ca\u0142ymi pokoleniami, a traci si\u0119 j\u0105 w kilku g\u0142osowaniach, w kilku decyzjach o zawieszeniu niezale\u017cnych s\u0119dzi\u00f3w czy odsuni\u0119ciu od orzekania ludzi przestrzegaj\u0105cych konstytucyjnych zasad. Do demokracji dorasta si\u0119 przez wieki, ale \u0142atwo jej si\u0119 sprzeniewierzy\u0107, je\u017celi tylko si\u0119 zapomni, jaka jest warto\u015b\u0107 niezawis\u0142ych s\u0105d\u00f3w, co oznacza uczciwo\u015b\u0107 zawodowa, czym jest odpowiedzialno\u015b\u0107 za rozw\u00f3j obywatelskiego spo\u0142ecze\u0144stwa.<\/p>\n\n\n\n<p>Dzisiaj wszyscy stajemy murem za s\u0119dziami, kt\u00f3rzy daj\u0105 nam szans\u0119 na utrzymanie tego, co najcenniejsze: demokracji i wolno\u015bci.<\/p>\n\n\n\n<hr class=\"wp-block-separator\"\/>\n\n\n\n<p><em>Felieton jest wyrazem opinii autorki. Nie prezentuje stanowiska ZR Ma\u0142opolskie<\/em>.<\/p>\n","protected":false},"excerpt":{"rendered":"<p>S\u0119dzia Maciej Ferek do\u0142\u0105czy\u0142 do grona s\u0119dzi\u00f3w niez\u0142omnych. Razem z tak prawymi lud\u017ami jak Beata Morawiec czy Waldemar \u017burek walczy o niezale\u017cno\u015b\u0107 s\u0105downictwa i o sam\u0105 demokracj\u0119. Musimy pami\u0119ta\u0107, \u017ce demokracj\u0119 bardzo \u0142atwo si\u0119 traci, a bardzo trudno odbudowuje. Zachowajmy wi\u0119c czujno\u015b\u0107 i wspierajmy tych, kt\u00f3rzy ryzykuj\u0105 swoj\u0105 karier\u0119 zawodow\u0105 dla nas, dla demokracji i dla wolno\u015bci.<\/p>\n","protected":false},"author":34,"featured_media":19411,"comment_status":"closed","ping_status":"open","sticky":false,"template":"","format":"standard","meta":{"_EventAllDay":false,"_EventTimezone":"","_EventStartDate":"","_EventEndDate":"","_EventStartDateUTC":"","_EventEndDateUTC":"","_EventShowMap":false,"_EventShowMapLink":false,"_EventURL":"","_EventCost":"","_EventCostDescription":"","_EventCurrencySymbol":"","_EventCurrencyCode":"","_EventCurrencyPosition":"","_EventDateTimeSeparator":"","_EventTimeRangeSeparator":"","_EventOrganizerID":[],"_EventVenueID":[],"_OrganizerEmail":"","_OrganizerPhone":"","_OrganizerWebsite":"","_VenueAddress":"","_VenueCity":"","_VenueCountry":"","_VenueProvince":"","_VenueState":"","_VenueZip":"","_VenuePhone":"","_VenueURL":"","_VenueStateProvince":"","_VenueLat":"","_VenueLng":"","_VenueShowMap":false,"_VenueShowMapLink":false,"footnotes":""},"categories":[596],"tags":[],"class_list":["post-27837","post","type-post","status-publish","format-standard","has-post-thumbnail","hentry","category-felietony","felietony"],"_links":{"self":[{"href":"https:\/\/kodmalopolska.pl\/index.php?rest_route=\/wp\/v2\/posts\/27837","targetHints":{"allow":["GET"]}}],"collection":[{"href":"https:\/\/kodmalopolska.pl\/index.php?rest_route=\/wp\/v2\/posts"}],"about":[{"href":"https:\/\/kodmalopolska.pl\/index.php?rest_route=\/wp\/v2\/types\/post"}],"author":[{"embeddable":true,"href":"https:\/\/kodmalopolska.pl\/index.php?rest_route=\/wp\/v2\/users\/34"}],"replies":[{"embeddable":true,"href":"https:\/\/kodmalopolska.pl\/index.php?rest_route=%2Fwp%2Fv2%2Fcomments&post=27837"}],"version-history":[{"count":0,"href":"https:\/\/kodmalopolska.pl\/index.php?rest_route=\/wp\/v2\/posts\/27837\/revisions"}],"wp:featuredmedia":[{"embeddable":true,"href":"https:\/\/kodmalopolska.pl\/index.php?rest_route=\/wp\/v2\/media\/19411"}],"wp:attachment":[{"href":"https:\/\/kodmalopolska.pl\/index.php?rest_route=%2Fwp%2Fv2%2Fmedia&parent=27837"}],"wp:term":[{"taxonomy":"category","embeddable":true,"href":"https:\/\/kodmalopolska.pl\/index.php?rest_route=%2Fwp%2Fv2%2Fcategories&post=27837"},{"taxonomy":"post_tag","embeddable":true,"href":"https:\/\/kodmalopolska.pl\/index.php?rest_route=%2Fwp%2Fv2%2Ftags&post=27837"}],"curies":[{"name":"wp","href":"https:\/\/api.w.org\/{rel}","templated":true}]}}