{"id":27411,"date":"2021-10-04T00:02:06","date_gmt":"2021-10-03T22:02:06","guid":{"rendered":"https:\/\/kodmalopolska.pl\/?p=27411"},"modified":"2021-10-04T00:02:16","modified_gmt":"2021-10-03T22:02:16","slug":"nie-dla-mordowania-ludzi-na-granicy-relacja","status":"publish","type":"post","link":"https:\/\/kodmalopolska.pl\/?p=27411","title":{"rendered":"Nie dla mordowania ludzi na granicy &#8211; relacja"},"content":{"rendered":"\n<h4 class=\"wp-block-heading\">W niedziel\u0119 w Zakopanem odby\u0142a si\u0119 manifestacja przeciwko bestialstwu na granicy.<\/h4>\n\n\n\n<figure class=\"wp-block-image size-full\"><img loading=\"lazy\" decoding=\"async\" width=\"1024\" height=\"768\" src=\"https:\/\/kodmalopolska.pl\/wp-content\/uploads\/2021\/10\/2021-10-03-at-17.29.44.jpeg\" alt=\"\" class=\"wp-image-27410\" srcset=\"https:\/\/kodmalopolska.pl\/wp-content\/uploads\/2021\/10\/2021-10-03-at-17.29.44.jpeg 1024w, https:\/\/kodmalopolska.pl\/wp-content\/uploads\/2021\/10\/2021-10-03-at-17.29.44-400x300.jpeg 400w, https:\/\/kodmalopolska.pl\/wp-content\/uploads\/2021\/10\/2021-10-03-at-17.29.44-657x493.jpeg 657w\" sizes=\"auto, (max-width: 1024px) 100vw, 1024px\" \/><\/figure>\n\n\n\n<figure class=\"wp-block-image size-full\"><img loading=\"lazy\" decoding=\"async\" width=\"1024\" height=\"768\" src=\"https:\/\/kodmalopolska.pl\/wp-content\/uploads\/2021\/10\/2021-10-03-at-17.29.43-4.jpeg\" alt=\"\" class=\"wp-image-27408\" srcset=\"https:\/\/kodmalopolska.pl\/wp-content\/uploads\/2021\/10\/2021-10-03-at-17.29.43-4.jpeg 1024w, https:\/\/kodmalopolska.pl\/wp-content\/uploads\/2021\/10\/2021-10-03-at-17.29.43-4-400x300.jpeg 400w, https:\/\/kodmalopolska.pl\/wp-content\/uploads\/2021\/10\/2021-10-03-at-17.29.43-4-657x493.jpeg 657w\" sizes=\"auto, (max-width: 1024px) 100vw, 1024px\" \/><\/figure>\n\n\n\n<figure class=\"wp-block-image size-full\"><img loading=\"lazy\" decoding=\"async\" width=\"768\" height=\"1024\" src=\"https:\/\/kodmalopolska.pl\/wp-content\/uploads\/2021\/10\/2021-10-03-at-17.29.43-3.jpeg\" alt=\"\" class=\"wp-image-27407\" srcset=\"https:\/\/kodmalopolska.pl\/wp-content\/uploads\/2021\/10\/2021-10-03-at-17.29.43-3.jpeg 768w, https:\/\/kodmalopolska.pl\/wp-content\/uploads\/2021\/10\/2021-10-03-at-17.29.43-3-300x400.jpeg 300w, https:\/\/kodmalopolska.pl\/wp-content\/uploads\/2021\/10\/2021-10-03-at-17.29.43-3-370x493.jpeg 370w\" sizes=\"auto, (max-width: 768px) 100vw, 768px\" \/><\/figure>\n\n\n\n<figure class=\"wp-block-image size-full\"><img loading=\"lazy\" decoding=\"async\" width=\"1024\" height=\"768\" src=\"https:\/\/kodmalopolska.pl\/wp-content\/uploads\/2021\/10\/2021-10-03-at-17.29.43-2.jpeg\" alt=\"\" class=\"wp-image-27409\" srcset=\"https:\/\/kodmalopolska.pl\/wp-content\/uploads\/2021\/10\/2021-10-03-at-17.29.43-2.jpeg 1024w, https:\/\/kodmalopolska.pl\/wp-content\/uploads\/2021\/10\/2021-10-03-at-17.29.43-2-400x300.jpeg 400w, https:\/\/kodmalopolska.pl\/wp-content\/uploads\/2021\/10\/2021-10-03-at-17.29.43-2-657x493.jpeg 657w\" sizes=\"auto, (max-width: 1024px) 100vw, 1024px\" \/><\/figure>\n","protected":false},"excerpt":{"rendered":"<p>W niedziel\u0119 w Zakopanem odby\u0142a si\u0119 manifestacja przeciwko bestialstwu na granicy.<\/p>\n","protected":false},"author":34,"featured_media":27409,"comment_status":"closed","ping_status":"open","sticky":false,"template":"","format":"standard","meta":{"_EventAllDay":false,"_EventTimezone":"","_EventStartDate":"","_EventEndDate":"","_EventStartDateUTC":"","_EventEndDateUTC":"","_EventShowMap":false,"_EventShowMapLink":false,"_EventURL":"","_EventCost":"","_EventCostDescription":"","_EventCurrencySymbol":"","_EventCurrencyCode":"","_EventCurrencyPosition":"","_EventDateTimeSeparator":"","_EventTimeRangeSeparator":"","_EventOrganizerID":[],"_EventVenueID":[],"_OrganizerEmail":"","_OrganizerPhone":"","_OrganizerWebsite":"","_VenueAddress":"","_VenueCity":"","_VenueCountry":"","_VenueProvince":"","_VenueState":"","_VenueZip":"","_VenuePhone":"","_VenueURL":"","_VenueStateProvince":"","_VenueLat":"","_VenueLng":"","_VenueShowMap":false,"_VenueShowMapLink":false,"footnotes":""},"categories":[28,77],"tags":[],"class_list":["post-27411","post","type-post","status-publish","format-standard","has-post-thumbnail","hentry","category-malopolskie-news","category-relacje-podhale","malopolskie-news","relacje-podhale"],"_links":{"self":[{"href":"https:\/\/kodmalopolska.pl\/index.php?rest_route=\/wp\/v2\/posts\/27411","targetHints":{"allow":["GET"]}}],"collection":[{"href":"https:\/\/kodmalopolska.pl\/index.php?rest_route=\/wp\/v2\/posts"}],"about":[{"href":"https:\/\/kodmalopolska.pl\/index.php?rest_route=\/wp\/v2\/types\/post"}],"author":[{"embeddable":true,"href":"https:\/\/kodmalopolska.pl\/index.php?rest_route=\/wp\/v2\/users\/34"}],"replies":[{"embeddable":true,"href":"https:\/\/kodmalopolska.pl\/index.php?rest_route=%2Fwp%2Fv2%2Fcomments&post=27411"}],"version-history":[{"count":0,"href":"https:\/\/kodmalopolska.pl\/index.php?rest_route=\/wp\/v2\/posts\/27411\/revisions"}],"wp:featuredmedia":[{"embeddable":true,"href":"https:\/\/kodmalopolska.pl\/index.php?rest_route=\/wp\/v2\/media\/27409"}],"wp:attachment":[{"href":"https:\/\/kodmalopolska.pl\/index.php?rest_route=%2Fwp%2Fv2%2Fmedia&parent=27411"}],"wp:term":[{"taxonomy":"category","embeddable":true,"href":"https:\/\/kodmalopolska.pl\/index.php?rest_route=%2Fwp%2Fv2%2Fcategories&post=27411"},{"taxonomy":"post_tag","embeddable":true,"href":"https:\/\/kodmalopolska.pl\/index.php?rest_route=%2Fwp%2Fv2%2Ftags&post=27411"}],"curies":[{"name":"wp","href":"https:\/\/api.w.org\/{rel}","templated":true}]}}