{"id":27392,"date":"2021-10-02T18:25:45","date_gmt":"2021-10-02T16:25:45","guid":{"rendered":"https:\/\/kodmalopolska.pl\/?p=27392"},"modified":"2021-10-02T18:25:48","modified_gmt":"2021-10-02T16:25:48","slug":"petycja-zadamy-przywrocenia-sedziow","status":"publish","type":"post","link":"https:\/\/kodmalopolska.pl\/?p=27392","title":{"rendered":"Petycja: \u017b\u0105damy przywr\u00f3cenia S\u0119dzi\u00f3w&#8230;"},"content":{"rendered":"\n<h4 class=\"wp-block-heading\">\u017b\u0105danie OBYWATELI przywr\u00f3cenia S\u0119dzi\u00f3w: Macieja Czajki, Beaty Morawiec i Katarzyny Wierzbickiej do poprzednich wydzia\u0142\u00f3w w SO w Krakowie<\/h4>\n\n\n\n<p><em>My, Adwokaci, Radcowie Prawni, Prokuratorzy, przedstawiciele innych zawod\u00f3w prawniczych i nieprawniczych \u2013 Obywatele, \u017c\u0105damy uchylenia zarz\u0105dze\u0144 o zmianie zakresu czynno\u015bci s\u0119dziom: Maciejowi Czajce, Beacie Morawiec i Katarzynie Wierzbickiej.<br \/>\u017b\u0105damy natychmiastowego przywr\u00f3cenia wymienionych s\u0119dzi\u00f3w do ich dotychczasowych wydzia\u0142\u00f3w:<br \/>&#8211; s\u0119dziego Macieja Czajki do Wydzia\u0142u III Karnego (I &#8211; instancyjnego),<br \/>&#8211; s\u0119dzi Katarzyny Wierzbickiej i s\u0119dzi Beaty Morawiec do Wydzia\u0142u IV Karnego (II- instancyjnego).<\/em><\/p>\n\n\n\n<p><em>Tylko w ten spos\u00f3b cofni\u0119te zostan\u0105 skutki bezpodstawnych decyzji naruszaj\u0105cych niezawis\u0142o\u015b\u0107 wspomnianych s\u0119dzi\u00f3w, gwarantowan\u0105 przez Konstytucj\u0119 RP oraz zapewnione zostanie obywatelom prawo do szybkiego i rzetelnego procesu.<\/em><\/p>\n\n\n\n<p>ORGANIZATORZY PROSZ\u0104 O PODPISY ADWOKAT\u00d3W, RADC\u00d3W PRAWNYCH, PROKURATOR\u00d3W, PRZEDSTAWICIELI INNYCH ZAWOD\u00d3W PRAWNICZNYCH I NIEPRAWNICZYCH &#8211; OBYWATELI.<\/p>\n\n\n\n<a href=\"https:\/\/www.petycjeonline.com\/danie_obywateli_przywrocenia_sdziow_macieja_czajki_beaty_morawiec_i_katarzyny_wierzbickiej_do_poprzednich_wydziaow_w_so_w_krakowie\"><b>PODPISZ PETYCJ\u0118!<\/b><\/a>\n","protected":false},"excerpt":{"rendered":"<p>\u017b\u0105danie OBYWATELI przywr\u00f3cenia S\u0119dzi\u00f3w: Macieja Czajki, Beaty Morawiec i Katarzyny Wierzbickiej do poprzednich wydzia\u0142\u00f3w w SO w Krakowie<\/p>\n","protected":false},"author":34,"featured_media":27393,"comment_status":"closed","ping_status":"open","sticky":false,"template":"","format":"standard","meta":{"_EventAllDay":false,"_EventTimezone":"","_EventStartDate":"","_EventEndDate":"","_EventStartDateUTC":"","_EventEndDateUTC":"","_EventShowMap":false,"_EventShowMapLink":false,"_EventURL":"","_EventCost":"","_EventCostDescription":"","_EventCurrencySymbol":"","_EventCurrencyCode":"","_EventCurrencyPosition":"","_EventDateTimeSeparator":"","_EventTimeRangeSeparator":"","_EventOrganizerID":[],"_EventVenueID":[],"_OrganizerEmail":"","_OrganizerPhone":"","_OrganizerWebsite":"","_VenueAddress":"","_VenueCity":"","_VenueCountry":"","_VenueProvince":"","_VenueState":"","_VenueZip":"","_VenuePhone":"","_VenueURL":"","_VenueStateProvince":"","_VenueLat":"","_VenueLng":"","_VenueShowMap":false,"_VenueShowMapLink":false,"footnotes":""},"categories":[28],"tags":[],"class_list":["post-27392","post","type-post","status-publish","format-standard","has-post-thumbnail","hentry","category-malopolskie-news","malopolskie-news"],"_links":{"self":[{"href":"https:\/\/kodmalopolska.pl\/index.php?rest_route=\/wp\/v2\/posts\/27392","targetHints":{"allow":["GET"]}}],"collection":[{"href":"https:\/\/kodmalopolska.pl\/index.php?rest_route=\/wp\/v2\/posts"}],"about":[{"href":"https:\/\/kodmalopolska.pl\/index.php?rest_route=\/wp\/v2\/types\/post"}],"author":[{"embeddable":true,"href":"https:\/\/kodmalopolska.pl\/index.php?rest_route=\/wp\/v2\/users\/34"}],"replies":[{"embeddable":true,"href":"https:\/\/kodmalopolska.pl\/index.php?rest_route=%2Fwp%2Fv2%2Fcomments&post=27392"}],"version-history":[{"count":0,"href":"https:\/\/kodmalopolska.pl\/index.php?rest_route=\/wp\/v2\/posts\/27392\/revisions"}],"wp:featuredmedia":[{"embeddable":true,"href":"https:\/\/kodmalopolska.pl\/index.php?rest_route=\/wp\/v2\/media\/27393"}],"wp:attachment":[{"href":"https:\/\/kodmalopolska.pl\/index.php?rest_route=%2Fwp%2Fv2%2Fmedia&parent=27392"}],"wp:term":[{"taxonomy":"category","embeddable":true,"href":"https:\/\/kodmalopolska.pl\/index.php?rest_route=%2Fwp%2Fv2%2Fcategories&post=27392"},{"taxonomy":"post_tag","embeddable":true,"href":"https:\/\/kodmalopolska.pl\/index.php?rest_route=%2Fwp%2Fv2%2Ftags&post=27392"}],"curies":[{"name":"wp","href":"https:\/\/api.w.org\/{rel}","templated":true}]}}