{"id":27128,"date":"2021-09-02T18:01:59","date_gmt":"2021-09-02T16:01:59","guid":{"rendered":"https:\/\/kodmalopolska.pl\/?p=27128"},"modified":"2021-09-02T18:02:02","modified_gmt":"2021-09-02T16:02:02","slug":"stan-wyjatkowy-felieton-fryderyka-zolla-331","status":"publish","type":"post","link":"https:\/\/kodmalopolska.pl\/?p=27128","title":{"rendered":"Stan wyj\u0105tkowy. Felieton Fryderyka Zolla (331)"},"content":{"rendered":"\n<h4 class=\"wp-block-heading\">Sytuacja pandemiczna nie sk\u0142ania\u0142a rz\u0105du jak\u017ce Zjednoczonej Prawicy do og\u0142oszenia stanu nadzwyczajnego.<\/h4>\n\n\n\n<p>Rz\u0105dz\u0105cy pletli co\u015b o tym, \u017ce nie chc\u0105 ograniczania praw obywatelskich. Nie przeszkodzi\u0142o im to we wprowadzaniu lockdown\u00f3w, zamykaniu granic, ograniczaniu swobody poruszania si\u0119. Uwa\u017cali, \u017ce to wszystko mo\u017cna robi\u0107 w ramach obowi\u0105zuj\u0105cego, zwyk\u0142ego ustawodawstwa. Maj\u0105 du\u017c\u0105 szans\u0119 si\u0119 przekona\u0107, jak\u0105 cen\u0119 w formie odszkodowa\u0144 przyjdzie za te pogl\u0105dy zap\u0142aci\u0107.<\/p>\n\n\n\n<p>Stan wyj\u0105tkowy og\u0142aszany jest teraz. Wywo\u0142uje go trzydziestu afga\u0144skich uchod\u017ac\u00f3w marzn\u0105cych i g\u0142oduj\u0105cych na granicy. Stan ten nie ma im pom\u00f3c, ma natomiast przeszkodzi\u0107 w informowaniu opinii publicznej o ich cierpieniu. Zn\u0119canie si\u0119 b\u0119dzie przebiega\u0107 w ciszy. Jest to stan wyj\u0105tkowy wymierzony w wolno\u015b\u0107 s\u0142owa i wolno\u015b\u0107 zgromadze\u0144. Stan godny tej w\u0142adzy.<\/p>\n\n\n\n<hr class=\"wp-block-separator\"\/>\n\n\n\n<p><em>Felieton jest wyrazem opinii autora. Nie prezentuje stanowiska ZR Ma\u0142opolskie<\/em>.<\/p>\n","protected":false},"excerpt":{"rendered":"<p>Sytuacja pandemiczna nie sk\u0142ania\u0142a rz\u0105du jak\u017ce Zjednoczonej Prawicy do og\u0142oszenia stanu nadzwyczajnego. <\/p>\n","protected":false},"author":34,"featured_media":24583,"comment_status":"closed","ping_status":"open","sticky":false,"template":"","format":"standard","meta":{"_EventAllDay":false,"_EventTimezone":"","_EventStartDate":"","_EventEndDate":"","_EventStartDateUTC":"","_EventEndDateUTC":"","_EventShowMap":false,"_EventShowMapLink":false,"_EventURL":"","_EventCost":"","_EventCostDescription":"","_EventCurrencySymbol":"","_EventCurrencyCode":"","_EventCurrencyPosition":"","_EventDateTimeSeparator":"","_EventTimeRangeSeparator":"","_EventOrganizerID":[],"_EventVenueID":[],"_OrganizerEmail":"","_OrganizerPhone":"","_OrganizerWebsite":"","_VenueAddress":"","_VenueCity":"","_VenueCountry":"","_VenueProvince":"","_VenueState":"","_VenueZip":"","_VenuePhone":"","_VenueURL":"","_VenueStateProvince":"","_VenueLat":"","_VenueLng":"","_VenueShowMap":false,"_VenueShowMapLink":false,"footnotes":""},"categories":[596],"tags":[],"class_list":["post-27128","post","type-post","status-publish","format-standard","has-post-thumbnail","hentry","category-felietony","felietony"],"_links":{"self":[{"href":"https:\/\/kodmalopolska.pl\/index.php?rest_route=\/wp\/v2\/posts\/27128","targetHints":{"allow":["GET"]}}],"collection":[{"href":"https:\/\/kodmalopolska.pl\/index.php?rest_route=\/wp\/v2\/posts"}],"about":[{"href":"https:\/\/kodmalopolska.pl\/index.php?rest_route=\/wp\/v2\/types\/post"}],"author":[{"embeddable":true,"href":"https:\/\/kodmalopolska.pl\/index.php?rest_route=\/wp\/v2\/users\/34"}],"replies":[{"embeddable":true,"href":"https:\/\/kodmalopolska.pl\/index.php?rest_route=%2Fwp%2Fv2%2Fcomments&post=27128"}],"version-history":[{"count":0,"href":"https:\/\/kodmalopolska.pl\/index.php?rest_route=\/wp\/v2\/posts\/27128\/revisions"}],"wp:featuredmedia":[{"embeddable":true,"href":"https:\/\/kodmalopolska.pl\/index.php?rest_route=\/wp\/v2\/media\/24583"}],"wp:attachment":[{"href":"https:\/\/kodmalopolska.pl\/index.php?rest_route=%2Fwp%2Fv2%2Fmedia&parent=27128"}],"wp:term":[{"taxonomy":"category","embeddable":true,"href":"https:\/\/kodmalopolska.pl\/index.php?rest_route=%2Fwp%2Fv2%2Fcategories&post=27128"},{"taxonomy":"post_tag","embeddable":true,"href":"https:\/\/kodmalopolska.pl\/index.php?rest_route=%2Fwp%2Fv2%2Ftags&post=27128"}],"curies":[{"name":"wp","href":"https:\/\/api.w.org\/{rel}","templated":true}]}}