{"id":27097,"date":"2021-09-01T17:20:47","date_gmt":"2021-09-01T15:20:47","guid":{"rendered":"https:\/\/kodmalopolska.pl\/?p=27097"},"modified":"2021-11-22T21:38:06","modified_gmt":"2021-11-22T20:38:06","slug":"przeciw-komu-ten-stan-wyjatkowy-felieton-andrzeja-kowalczyka-20","status":"publish","type":"post","link":"https:\/\/kodmalopolska.pl\/?p=27097","title":{"rendered":"Przeciw komu ten stan wyj\u0105tkowy? Felieton Andrzeja Kowalczyka (20)"},"content":{"rendered":"\n<h4 class=\"wp-block-heading\">J. Kaczy\u0144ski \u2013 r\u0119kami rz\u0105du i Prezydenta \u2013 zaprowadza stan wyj\u0105tkowy na granicy z Bia\u0142orusi\u0105. Pozwoli to na legalne zabicie tam ka\u017cdego jego oponenta, czy aktywisty humanitarnego, kt\u00f3ry nie podda\u0142by si\u0119 poleceniom i przemocy jego funkcjonariuszy. Pozwoli te\u017c zatrzyma\u0107 polsk\u0105 transmisj\u0119 telewizyjn\u0105 z umierania w tym miejscu ok trzydziestki uchod\u017ac\u00f3w z Bliskiego Wschodu <a href=\"https:\/\/www.facebook.com\/hashtag\/nolivematters?__eep__=6&amp;__cft__[0]=AZXmzKJSHJOfpCdWG2C02tVTutTjl5MFTIcB22jV_3xtByTbyQhW7htYrMzs1IVUJiLSwniodmkKp--q63cj3QjvvdghrVErQ5oxV7HMldZmftoenqqM5fBTNkZWM-uECcc&amp;__tn__=*NK-R\">#NoLiveMatters<\/a> <\/h4>\n\n\n\n<p>Stan wyj\u0105tkowy polega na oficjalnym zawieszeniu praw cz\u0142owieka, gdy zawodz\u0105 normalne \u015brodki bezpiecze\u0144stwa. W sennych fantazjach Prezesa Polski taki \u201eporz\u0105dek\u201d by\u0142by zapewne mile widziany w ca\u0142ym kraju. Zgodnie z wyk\u0142adem Carla Schmitta, guru nazistowskich prawnik\u00f3w \u201eTen, kto decyduje o stanie wyj\u0105tkowym, jest suwerenny\u201d. Polski przyw\u00f3dca nigdy nie skrywa\u0142, \u017ce ta nauka jest mu bliska, a suwerenno\u015b\u0107 w\u0142adzy uznaje za swoisty fetysz. Oczywi\u015bcie pod warunkiem, \u017ce to on w\u0142ada.<\/p>\n\n\n\n<p>Co jest tym niebezpiecze\u0144stwem, przed kt\u00f3rym Polska musi si\u0119 broni\u0107, zawieszaj\u0105c prawa Polak\u00f3w?<\/p>\n\n\n\n<p>Czy to jest ta trzydziestka zmarzni\u0119tych, g\u0142odnych, choruj\u0105cych ludzi, kt\u00f3rych z Bliskiego Wschodu przywi\u00f3z\u0142 nad nasz\u0105 granic\u0119 bia\u0142oruski dyktator i jego rosyjski protektor? To ju\u017c nawet nie wystarczy wypychanie ich z Polski kolbami karabin\u00f3w, g\u0142odzenie, ani odgrodzenie ich drutem kolczastym?<\/p>\n\n\n\n<p>Czy to s\u0105 zbli\u017caj\u0105ce si\u0119 nadgraniczne manewry wojskowe ZBiRu, Rosji i Bia\u0142orusi? To prawda, \u017ce s\u0105 one wymierzone przeciw Polsce, \u017ce stanowi\u0105 prowokacj\u0119, \u017ce s\u0105 potencjalnie gro\u017ane. Ale Putin robi je od lat, tak\u017ce za rz\u0105d\u00f3w J. Kaczy\u0144skiego, kt\u00f3ry do tej pory nie potrzebowa\u0142 ima\u0107 si\u0119 takich \u015brodk\u00f3w jak stan wyj\u0105tkowy. Rosyjska wojna hybrydowa i dezinformacja do tej pory mu nie przeszkadza\u0142y. Czy dlatego, \u017ce wspiera\u0142y korzystne dla niego teorie spiskowe jak \u201ezamach w Smole\u0144sku\u201d?<\/p>\n\n\n\n<p>Czym wi\u0119c ten stan wyj\u0105tkowy jest teraz \u201euprawomocniony\u201d; dzi\u0119ki czemu Polacy go zaakceptuj\u0105? Jak zwykle dzi\u0119ki mieszance oboj\u0119tno\u015bci i nienawi\u015bci. Oboj\u0119tno\u015bci na wszystko, co poza czubkiem w\u0142asnego nosa i nienawi\u015bci wobec wszystkiego, co mo\u017ce skupi\u0107 potrzeb\u0119 stadnej nienawi\u015bci. \u201eDziel i rz\u0105d\u017a\u201d to wypr\u00f3bowany i jeden z najprostszych sposob\u00f3w budowania poparcia dla w\u0142adzy-pasterza, przy kt\u00f3rej intuicyjnie gromadzi si\u0119 przestraszone stadko poddanych.<\/p>\n\n\n\n<p>Przed zwyci\u0119skimi wyborami 2015 J. Kaczy\u0144ski zach\u0119ca\u0142 do nienawi\u015bci wobec uchod\u017ac\u00f3w \u201eroznosz\u0105cych bakterie i paso\u017cyty\u201d (zn\u00f3w nazistowski wz\u00f3r \u201e\u017bydzi-wszy-tyfus plamisty\u201d). P\u00f3\u017aniej z braku uchod\u017ac\u00f3w dy\u017curnym obiektem nienawi\u015bci stali si\u0119 zwolennicy opozycji, czyli \u201egorszy sort Polak\u00f3w\u201d i oczywi\u015bcie ludzie z mniejszo\u015bci seksualnych, kt\u00f3rzy zdaniem Prezydenta Dudy \u201enie s\u0105 lud\u017ami tylko ideologi\u0105\u201d. Teraz, po fiasku misji wojskowej w Afganistanie, ponownie mog\u0105 pojawi\u0107 si\u0119 uchod\u017acy.<\/p>\n\n\n\n<p>Dzisiaj, w kolejn\u0105 rocznic\u0119 napa\u015bci nazistowskich Niemiec na Polsk\u0119, nasz Prezydent og\u0142osi\u0142 nam jednak ca\u0142kiem nowy obiekt powszechnej nienawi\u015bci: \u201eNie b\u0119d\u0119 tolerowa\u0142 pr\u00f3b destabilizowania naszego kraju, nie b\u0119d\u0119 tolerowa\u0142 poni\u017cania i zastraszania ludzi, kt\u00f3rzy Polsce s\u0142u\u017c\u0105. Apeluj\u0119 do wszystkich odpowiednich organ\u00f3w pa\u0144stwa o wyci\u0105ganie stanowczych konsekwencji wobec sprawc\u00f3w wszystkich tego typu zachowa\u0144, wobec ludzi, kt\u00f3rzy nie wiedz\u0105, co to jest Polska pisana wielkimi literami. Bo je\u015bli b\u0119d\u0105 pisali j\u0105 ma\u0142ymi literami to ona zniknie\u201d.<\/p>\n\n\n\n<p>Nie, nie chodzi o dyslektyk\u00f3w <img loading=\"lazy\" decoding=\"async\" height=\"16\" width=\"16\" alt=\"?\" src=\"https:\/\/static.xx.fbcdn.net\/images\/emoji.php\/v9\/t57\/1\/16\/1f609.png\"\/> Wrogiem w\u0142adzy b\u0119dzie teraz mniejszo\u015b\u0107, kt\u00f3ra w praktyce okazuje wsp\u00f3\u0142czucie umieraj\u0105cym uchod\u017acom. Prawa cz\u0142owieka i ludzkie odruchy serca zostan\u0105 nazwane &#8222;elementem wojny hybrydowej&#8221;. Ca\u0142kiem jak w Putinowskiej Rosji.<\/p>\n\n\n\n<p>AntyPolakami zostan\u0105 teraz aktywi\u015bci spo\u0142eczni, nieliczni pos\u0142owie jak Rafa\u0142 Konieczny, Maciej Gdula czy Franciszek Sterczewski (szacunek!). I oczywi\u015bcie te media, kt\u00f3re nie podda\u0142y si\u0119 propagandowej MaBeNie. \u017baden patriota nie powinien przecie\u017c pokazywa\u0107 jak Polska wyp\u0119dza uchod\u017ac\u00f3w i uczestniczy w ruskim spektaklu ich odcz\u0142owieczania i zabijania. Nikt, poza mediami Putina i \u0141ukaszenki.<\/p>\n\n\n\n<hr class=\"wp-block-separator\"\/>\n\n\n\n<p><em>Felieton jest wyrazem opinii autora. Nie prezentuje stanowiska ZR Ma\u0142opolskie KOD.<\/em><\/p>\n","protected":false},"excerpt":{"rendered":"<p>J. Kaczy\u0144ski \u2013 r\u0119kami rz\u0105du i Prezydenta \u2013 zaprowadza stan wyj\u0105tkowy na granicy z Bia\u0142orusi\u0105. Pozwoli to na legalne zabicie tam ka\u017cdego jego oponenta, czy aktywisty humanitarnego, kt\u00f3ry nie podda\u0142by si\u0119 poleceniom i przemocy jego funkcjonariuszy. Pozwoli te\u017c zatrzyma\u0107 polsk\u0105 transmisj\u0119 telewizyjn\u0105 z umierania w tym miejscu ok trzydziestki uchod\u017ac\u00f3w z Bliskiego Wschodu.<\/p>\n","protected":false},"author":34,"featured_media":28225,"comment_status":"closed","ping_status":"open","sticky":false,"template":"","format":"standard","meta":{"_EventAllDay":false,"_EventTimezone":"","_EventStartDate":"","_EventEndDate":"","_EventStartDateUTC":"","_EventEndDateUTC":"","_EventShowMap":false,"_EventShowMapLink":false,"_EventURL":"","_EventCost":"","_EventCostDescription":"","_EventCurrencySymbol":"","_EventCurrencyCode":"","_EventCurrencyPosition":"","_EventDateTimeSeparator":"","_EventTimeRangeSeparator":"","_EventOrganizerID":[],"_EventVenueID":[],"_OrganizerEmail":"","_OrganizerPhone":"","_OrganizerWebsite":"","_VenueAddress":"","_VenueCity":"","_VenueCountry":"","_VenueProvince":"","_VenueState":"","_VenueZip":"","_VenuePhone":"","_VenueURL":"","_VenueStateProvince":"","_VenueLat":"","_VenueLng":"","_VenueShowMap":false,"_VenueShowMapLink":false,"footnotes":""},"categories":[596],"tags":[],"class_list":["post-27097","post","type-post","status-publish","format-standard","has-post-thumbnail","hentry","category-felietony","felietony"],"_links":{"self":[{"href":"https:\/\/kodmalopolska.pl\/index.php?rest_route=\/wp\/v2\/posts\/27097","targetHints":{"allow":["GET"]}}],"collection":[{"href":"https:\/\/kodmalopolska.pl\/index.php?rest_route=\/wp\/v2\/posts"}],"about":[{"href":"https:\/\/kodmalopolska.pl\/index.php?rest_route=\/wp\/v2\/types\/post"}],"author":[{"embeddable":true,"href":"https:\/\/kodmalopolska.pl\/index.php?rest_route=\/wp\/v2\/users\/34"}],"replies":[{"embeddable":true,"href":"https:\/\/kodmalopolska.pl\/index.php?rest_route=%2Fwp%2Fv2%2Fcomments&post=27097"}],"version-history":[{"count":0,"href":"https:\/\/kodmalopolska.pl\/index.php?rest_route=\/wp\/v2\/posts\/27097\/revisions"}],"wp:featuredmedia":[{"embeddable":true,"href":"https:\/\/kodmalopolska.pl\/index.php?rest_route=\/wp\/v2\/media\/28225"}],"wp:attachment":[{"href":"https:\/\/kodmalopolska.pl\/index.php?rest_route=%2Fwp%2Fv2%2Fmedia&parent=27097"}],"wp:term":[{"taxonomy":"category","embeddable":true,"href":"https:\/\/kodmalopolska.pl\/index.php?rest_route=%2Fwp%2Fv2%2Fcategories&post=27097"},{"taxonomy":"post_tag","embeddable":true,"href":"https:\/\/kodmalopolska.pl\/index.php?rest_route=%2Fwp%2Fv2%2Ftags&post=27097"}],"curies":[{"name":"wp","href":"https:\/\/api.w.org\/{rel}","templated":true}]}}