{"id":26921,"date":"2021-08-22T16:24:32","date_gmt":"2021-08-22T14:24:32","guid":{"rendered":"https:\/\/kodmalopolska.pl\/?p=26921"},"modified":"2021-08-22T16:24:34","modified_gmt":"2021-08-22T14:24:34","slug":"drut-kolczasty-felieton-joanny-handerek-48","status":"publish","type":"post","link":"https:\/\/kodmalopolska.pl\/?p=26921","title":{"rendered":"Drut kolczasty. Felieton Joanny Ha\u0144derek (48)"},"content":{"rendered":"\n<h4 class=\"wp-block-heading\">Ten felieton jest moim krzykiem. Na granicy polsko-bia\u0142oruskiej nadal s\u0105 ludzie, a my, obywatelki i obywatele Polski, nic nie mo\u017cemy zrobi\u0107, poniewa\u017c w\u0142adza cynicznie rozgrywa swoj\u0105 polityk\u0119. To nie tylko jest z\u0142amanie praw cz\u0142owieka \u2013 to utrata wszelkiej moralno\u015bci i cz\u0142owiecze\u0144stwa ze strony w\u0142adz naszego kraju.<\/h4>\n\n\n\n<p>W 1874 roku Joseph F. Glidden opatentowa\u0142 sw\u00f3j wynalazek: drut kolczasty. Do sp\u00f3\u0142ki z Isaakiem Ellwoodem za\u0142o\u017cy\u0142 fabryk\u0119 i jeszcze w tym samym roku wyprodukowa\u0142 pi\u0119\u0107 ton drutu. Popyt na \u00f3w towar, masowo kupowany przez hodowc\u00f3w byd\u0142a, zwi\u0119ksza\u0142 si\u0119 z ka\u017cdym rokiem. Wynalazek Gliddena pomaga\u0142 utrzymywa\u0107 stada zwierz\u0105t w jednym miejscu i kontrolowa\u0107 ich w\u0119dr\u00f3wk\u0119, co z kolei przyczyni\u0142o si\u0119 do rozwoju hodowli i rozbudowy przemys\u0142u mi\u0119snego. Historycy naszych kulinarnych przyzwyczaje\u0144 zgodnie twierdz\u0105, \u017ce rze\u017anie oparte na systemie hal fabrycznych oraz drut kolczasty pozwoli\u0142y na umasowienie produkcji mi\u0119sa.<\/p>\n\n\n\n<p>Zasada jest prosta: zetkni\u0119cie z drutem kolczastym jest bolesne, kolce wbijaj\u0105 si\u0119 w cia\u0142o. Krowy od razu poczu\u0142y respekt. St\u0142oczone w ciasnej przestrzeni, nie by\u0142y w stanie pokona\u0107 bariery b\u00f3lu, nawet gdy chcia\u0142y uciec przed swoim przeznaczaniem.<\/p>\n\n\n\n<p>Drut kolczasty szybko zrobi\u0142 karier\u0119 w przemy\u015ble mi\u0119snym, w obozach koncentracyjnych Trzeciej Rzeszy, we wsp\u00f3\u0142czesnych obozach r\u00f3\u017cnych re\u017cim\u00f3w, na granicach.<\/p>\n\n\n\n<p>Na polsko-bia\u0142oruskiej granicy od dw\u00f3ch tygodni koczuj\u0105 ludzie. Trzydzie\u015bci dwie osoby: kobiety, m\u0119\u017cczy\u017ani, nastoletnia dziewczyna. \u015api\u0105 na ziemi, bez dachu nad g\u0142ow\u0105, bez odpowiedniego ubrania, nie maj\u0105c co pi\u0107 i je\u015b\u0107. Gdy mo\u017cna by\u0142o si\u0119 jeszcze z nimi kontaktowa\u0107, potwierdzili, \u017ce jedz\u0105 li\u015bcie z drzew i pij\u0105 wod\u0119 deszczow\u0105. Obecnie le\u017c\u0105 w b\u0142ocie. Ich stan zdrowia si\u0119 pogarsza, g\u0142oduj\u0105, w\u015br\u00f3d nich s\u0105 osoby przewlekle chore. Dwa tygodnie na granicy pod lufami karabin\u00f3w.<\/p>\n\n\n\n<p>Do tych chorych, os\u0142abionych ludzi, do potrzebuj\u0105cych, nie dopuszczono ani lekarki, ani prawnik\u00f3w, ani aktywist\u00f3w z jedzeniem i lekarstwami. Rz\u0105d polski, kt\u00f3ry przy ka\u017cdej okazji manifestuje swoj\u0105 religijno\u015b\u0107 i pada na kolana przed Rydzykiem, uzna\u0142, \u017ce to prowokacja \u0141ukaszenki. Ministrowie, kt\u00f3rzy w \u015bwietle kamer kl\u0119cz\u0105 w ko\u015bciele, a na jubileuszu Radia Maryja wy\u015bpiewuj\u0105 pie\u015bni religijne, kazali rozci\u0105gn\u0105\u0107 drut kolczasty. Jest bli\u017ani w potrzebie, wi\u0119c w logice PiS\u2010u nale\u017cy wycelowa\u0107 w niego karabiny i odseparowa\u0107 zasiekami.<\/p>\n\n\n\n<p>Dwa tygodnie gehenny, dwa tygodnie upokorzenia, g\u0142odu, pragnienia, przera\u017cenia tym, co b\u0119dzie dalej \u2013 tylko dlatego, \u017ce ci ludzie urodzili si\u0119 w pa\u0144stwach, gdzie trwa terror i wojna. Z koszmaru w koszmar. A politycy PiS\u2010u, opowiadaj\u0105c o dumie i tradycji narodowej, podkre\u015blaj\u0105c swoj\u0105 katolicko\u015b\u0107 i przywi\u0105zanie do ko\u015bcio\u0142a, zarz\u0105dzili na granicy rozci\u0105gni\u0119cie drutu kolczastego. Ich odpowied\u017a na zagro\u017cenie \u017cycia cz\u0142owieka.<\/p>\n\n\n\n<p>Pomi\u0119dzy Bia\u0142orusi\u0105 a Polsk\u0105 trzydzie\u015bci dwie osoby wpad\u0142y w pu\u0142apk\u0119 nienawi\u015bci i politycznej gierki. Ludzie potraktowani jak podgatunek, jak kto\u015b, kogo mo\u017cna zgarn\u0105\u0107 z ulicy niczym \u015bmieci. To najdosadniejsza wizyt\u00f3wka PiS\u2010u, tu nie ma ju\u017c z\u0142udze\u0144: dla rz\u0105dz\u0105cych cz\u0142owiek si\u0119 nie liczy. Je\u015bli mo\u017cna na kim\u015b co\u015b ugra\u0107, to wolno potraktowa\u0107 go instrumentalnie, ryzykuj\u0105c jego zdrowie i \u017cycie. Opowie\u015bci o konieczno\u015bci ochrony granic i bezpiecze\u0144stwie pa\u0144stwa ju\u017c nawet nie s\u0105 cyniczne, to czyste z\u0142o. Trzydzie\u015bci dwie osoby umieraj\u0105, a politycy PiS\u2010u z zimnym okrucie\u0144stwem uznaj\u0105 cierpienie za kart\u0119 przetargow\u0105 polityki.<\/p>\n\n\n\n<p>Najgorsza scena, jak\u0105 widzia\u0142am w ostatnich latach, uchwycona przez spychanych coraz dalej dziennikarzy: lekarka otoczona przez kordon funkcjonariuszy, drobna kobieta ob\u0142adowana torbami medycznymi, a dooko\u0142a napieraj\u0105cy na ni\u0105 m\u0119\u017cczy\u017ani w mundurach. Mur oboj\u0119tno\u015bci. Lekarka musia\u0142a odej\u015b\u0107, nie by\u0142a w stanie przebi\u0107 si\u0119 przez tak\u0105 nienawi\u015b\u0107. Powt\u00f3rka z historii: nazistowscy \u017co\u0142nierze te\u017c zas\u0142aniali si\u0119 wydanymi im rozkazami. \u017bo\u0142nierze na granicy, kt\u00f3rzy brutalnie zatrzymali lekark\u0119 \u015bpiesz\u0105c\u0105 z pomoc\u0105 do chorych ludzi, pewnie te\u017c t\u0142umacz\u0105 si\u0119 rozkazami z g\u00f3ry. Rozkazano im tak\u017ce wyprze\u0107 dziennikarzy z miejsca, sk\u0105d mo\u017cna by\u0142o filmowa\u0107 koczuj\u0105cych Afga\u0144czyk\u00f3w.<\/p>\n\n\n\n<p>Prawa cz\u0142owieka, konwencja genewska, prawo mi\u0119dzynarodowe, traktaty i ustalenia mi\u0119dzypa\u0144stwowe pozwalaj\u0105ce na ratowanie ludzie takich jak ci, kt\u00f3rzy znale\u017ali si\u0119 na naszej granicy, nagle przesta\u0142y obowi\u0105zywa\u0107. PiS i \u0141ukaszenko graj\u0105 swoje. Trzydzie\u015bci dwie osoby umieraj\u0105, a razem z nimi na granicy zosta\u0142o zamkni\u0119te cz\u0142owiecze\u0144stwo, razem z nimi umiera sumienie i prawo.<\/p>\n\n\n\n<p>Do tej pory, gdy w Polsce dzia\u0142o si\u0119 co\u015b z\u0142ego, sz\u0142am na ulic\u0119 protestowa\u0107, pisa\u0142am i podpisywa\u0142am petycje i apele, uk\u0142ada\u0142am felietony. Teraz siedz\u0119 i p\u0142acz\u0119. P\u0142acz\u0119 z bezradno\u015bci i przera\u017cenia tym, \u017ce w moim kraju jest rz\u0105d, kt\u00f3ry a\u017c tak nienawidzi ludzi i ma za nic \u017cycie, zdrowie i godno\u015b\u0107 drugiego cz\u0142owieka. Lekarka zatrzymana kilka metr\u00f3w przed swoimi potencjalnymi pacjentami te\u017c p\u0142aka\u0142a z bezsilno\u015bci. Prawnicy, polityczki i politycy, aktywistki i aktywi\u015bci, obywatelki i obywatele, kt\u00f3rzy przyjechali nad granic\u0119, by przeciwstawi\u0107 si\u0119 z\u0142u, mogli tylko sta\u0107 i patrze\u0107. Trzydzie\u015bci dwie osoby pozostawione na chorob\u0119 i \u015bmier\u0107 oddzieli\u0142 drut kolczasty, lufy karabin\u00f3w i oboj\u0119tno\u015b\u0107 polityki PiS\u2010u.<\/p>\n\n\n\n<hr class=\"wp-block-separator\"\/>\n\n\n\n<p><em>Felieton jest wyrazem opinii autorki. Nie prezentuje stanowiska ZR Ma\u0142opolskie<\/em>.<\/p>\n","protected":false},"excerpt":{"rendered":"<p>Ten felieton jest moim krzykiem. Na granicy polsko-bia\u0142oruskiej nadal s\u0105 ludzie, a my, obywatelki i obywatele Polski, nic nie mo\u017cemy zrobi\u0107, poniewa\u017c w\u0142adza cynicznie rozgrywa swoj\u0105 polityk\u0119. To nie tylko jest z\u0142amanie praw cz\u0142owieka \u2013 to utrata wszelkiej moralno\u015bci i cz\u0142owiecze\u0144stwa ze strony w\u0142adz naszego kraju. <\/p>\n","protected":false},"author":34,"featured_media":19411,"comment_status":"closed","ping_status":"open","sticky":false,"template":"","format":"standard","meta":{"_EventAllDay":false,"_EventTimezone":"","_EventStartDate":"","_EventEndDate":"","_EventStartDateUTC":"","_EventEndDateUTC":"","_EventShowMap":false,"_EventShowMapLink":false,"_EventURL":"","_EventCost":"","_EventCostDescription":"","_EventCurrencySymbol":"","_EventCurrencyCode":"","_EventCurrencyPosition":"","_EventDateTimeSeparator":"","_EventTimeRangeSeparator":"","_EventOrganizerID":[],"_EventVenueID":[],"_OrganizerEmail":"","_OrganizerPhone":"","_OrganizerWebsite":"","_VenueAddress":"","_VenueCity":"","_VenueCountry":"","_VenueProvince":"","_VenueState":"","_VenueZip":"","_VenuePhone":"","_VenueURL":"","_VenueStateProvince":"","_VenueLat":"","_VenueLng":"","_VenueShowMap":false,"_VenueShowMapLink":false,"footnotes":""},"categories":[596],"tags":[],"class_list":["post-26921","post","type-post","status-publish","format-standard","has-post-thumbnail","hentry","category-felietony","felietony"],"_links":{"self":[{"href":"https:\/\/kodmalopolska.pl\/index.php?rest_route=\/wp\/v2\/posts\/26921","targetHints":{"allow":["GET"]}}],"collection":[{"href":"https:\/\/kodmalopolska.pl\/index.php?rest_route=\/wp\/v2\/posts"}],"about":[{"href":"https:\/\/kodmalopolska.pl\/index.php?rest_route=\/wp\/v2\/types\/post"}],"author":[{"embeddable":true,"href":"https:\/\/kodmalopolska.pl\/index.php?rest_route=\/wp\/v2\/users\/34"}],"replies":[{"embeddable":true,"href":"https:\/\/kodmalopolska.pl\/index.php?rest_route=%2Fwp%2Fv2%2Fcomments&post=26921"}],"version-history":[{"count":0,"href":"https:\/\/kodmalopolska.pl\/index.php?rest_route=\/wp\/v2\/posts\/26921\/revisions"}],"wp:featuredmedia":[{"embeddable":true,"href":"https:\/\/kodmalopolska.pl\/index.php?rest_route=\/wp\/v2\/media\/19411"}],"wp:attachment":[{"href":"https:\/\/kodmalopolska.pl\/index.php?rest_route=%2Fwp%2Fv2%2Fmedia&parent=26921"}],"wp:term":[{"taxonomy":"category","embeddable":true,"href":"https:\/\/kodmalopolska.pl\/index.php?rest_route=%2Fwp%2Fv2%2Fcategories&post=26921"},{"taxonomy":"post_tag","embeddable":true,"href":"https:\/\/kodmalopolska.pl\/index.php?rest_route=%2Fwp%2Fv2%2Ftags&post=26921"}],"curies":[{"name":"wp","href":"https:\/\/api.w.org\/{rel}","templated":true}]}}