{"id":26910,"date":"2021-08-22T12:59:19","date_gmt":"2021-08-22T10:59:19","guid":{"rendered":"https:\/\/kodmalopolska.pl\/?p=26910"},"modified":"2021-08-22T12:59:21","modified_gmt":"2021-08-22T10:59:21","slug":"przesuwam-palcem-obrazy-w-mej-pamieci-felieton-marcina-nowaka-42","status":"publish","type":"post","link":"https:\/\/kodmalopolska.pl\/?p=26910","title":{"rendered":"Przesuwam palcem obrazy w mej pami\u0119ci. Felieton Marcina Nowaka (42)"},"content":{"rendered":"\n<h4 class=\"wp-block-heading\">To oczywiste, \u017ce nikt nie opuszcza swojego domu, swojego kraju i nie porzuca wszystkiego z b\u0142ahych powod\u00f3w.<\/h4>\n\n\n\n<p>Film z dzieci\u0144stwa, oparty na faktach. Akcja toczy si\u0119 w g\u0142\u0119bokim PRL-u. Dw\u00f3ch nastolatk\u00f3w decyduje si\u0119 ukry\u0107 w podwoziu tira i w ten spos\u00f3b dotrze\u0107 Skandynawii. Uciec do wolnego \u015bwiata z komunistycznego kraju zamkni\u0119tego za \u017celazn\u0105 kurtyn\u0105.<\/p>\n\n\n\n<p>Syryjczycy uciekaj\u0105cy przed zbrojnym konfliktem i pr\u00f3buj\u0105cy przedrze\u0107 si\u0119 do Unii Europejskiej. Uchod\u017acy z obozu w Calais, czatuj\u0105cy na okazj\u0119, by dosta\u0107 si\u0119 do tira jad\u0105cego do Wielkiej Brytanii.<\/p>\n\n\n\n<p>Prze\u0142adowane statki i pontony wype\u0142nione po brzegi osobami uciekaj\u0105cymi przed g\u0142odem, chorobami, n\u0119dz\u0105, nienawi\u015bci\u0105 etniczn\u0105 i kulturow\u0105 oraz przemoc\u0105.<\/p>\n\n\n\n<p>Inny oparty na faktach film o Polkach i Polakach, kt\u00f3rzy uciekaj\u0105 z komunistycznej Polski do wolnego \u015bwiata. Pilot wynaj\u0119tej awionetki bierze pieni\u0105dze, robi rundk\u0119 w powietrzu, udaj\u0105c, \u017ce przekracza granic\u0119, po czym wraca na polsk\u0105 stron\u0119, l\u0105duje i wydaje \u201euciekinier\u00f3w\u201d polskim s\u0142u\u017cbom bezpiecze\u0144stwa.<\/p>\n\n\n\n<p>Ton\u0105ce pontony i \u0142odzie, a wraz z nimi ton\u0105cy rodzice, dzieci, dziadkowie, kt\u00f3rzy op\u0142acili przerzut do Europy oszcz\u0119dno\u015bciami ca\u0142ego \u017cycia.<\/p>\n\n\n\n<p>Kolejny film oparty na rzeczywistych wydarzeniach: Polacy prze\u015bladowani przez komunistyczne w\u0142adze decyduj\u0105 si\u0119 opu\u015bci\u0107 kraj, przygotowuj\u0105 plan, ale na granicy, gdy od wolnego \u015bwiata dzieli ich zaledwie kilka krok\u00f3w, zostaj\u0105 zastrzeleni przez stra\u017c graniczn\u0105.<\/p>\n\n\n\n<p>W\u0142a\u015bnie otrzyma\u0142em od znajomych film, na kt\u00f3rym talibowie rozstrzeliwuj\u0105 swoich rodak\u00f3w, przeciwnych \u2013 wed\u0142ug ich \u015bwiatopogl\u0105du \u2013 religijno-narodowej tradycji.<\/p>\n\n\n\n<p>Afganki i Afga\u0144czycy, Irakijki i Ira\u0144czycy koczuj\u0105cy na polsko-bia\u0142oruskiej granicy. Polki i Polacy uciekaj\u0105cy przed komunistycznym re\u017cimem i znajduj\u0105cy schronienie w spo\u0142ecze\u0144stwach Europy Zachodniej.<\/p>\n\n\n\n<p>Obrazy i obrazki, a w tym wszystkim ja ze swoimi my\u015blami. Skoro Europa Zachodnia z jej wolno\u015bci\u0105 i fundamentalnym traktatem o poszanowaniu ka\u017cdego cz\u0142owieka bez wzgl\u0119du na wiar\u0119, tradycj\u0119, kolor sk\u00f3ry, j\u0119zyk czy orientacj\u0119 seksualn\u0105 jest tak z\u0142a dla niekt\u00f3rych kr\u0119g\u00f3w \u015bwiatopogl\u0105dowych, dlaczego ludzie upatruj\u0105 w niej bezpiecznego schronienia? A skoro za wsp\u00f3\u0142prac\u0119 z Amerykanami wielu Afga\u0144czykom grozi rozstrzelanie, czy mo\u017cna si\u0119 dziwi\u0107, \u017ce masowo uciekaj\u0105, porzucaj\u0105c to, co maj\u0105 w \u017cyciu najcenniejszego? To oczywiste, \u017ce nikt nie opuszcza swojego domu, swojego kraju i wszystkiego, co zbudowa\u0142, z b\u0142ahych przyczyn. Je\u017celi kto\u015b jest tak zdesperowany, \u017ce koczuje na granicy, niew\u0105tpliwie ma wa\u017cne powody. Kim jestem, by ocenia\u0107 jego motywacj\u0119, doszukiwa\u0107 si\u0119 ukrytych intencji, przypisywa\u0107 z\u0142o, kt\u00f3rego nie pope\u0142nia? Ci ludzie nie przychodz\u0105 zburzy\u0107 naszego pouk\u0142adanego \u015bwiata. Chc\u0105 sta\u0107 si\u0119 jego cz\u0119\u015bci\u0105. Od nas zale\u017cy, jak przebiegnie albo nie przebiegnie integracja tych os\u00f3b z nasz\u0105 kultur\u0105 i tradycj\u0105. Naszym obowi\u0105zkiem, wynikaj\u0105cym z \u0142\u0105cz\u0105cego nas cz\u0142owiecze\u0144stwa, jest im pom\u00f3c. Tu s\u0105 prawdziwe wyzwania naszej cywilizacji. Mamy szans\u0119 zbudowa\u0107 pomnik trwalszy ni\u017c ze spi\u017cu, na miar\u0119 wyzwa\u0144 wsp\u00f3\u0142czesnego \u015bwiata. \u015awiadectwem wielko\u015bci naszego narodu nie jest przekop Mierzei Wi\u015blanej, budowa CPK czy odbudowa Pa\u0142acu Saskiego, wi\u0119cej Jana Paw\u0142a w domu i szkole, krzy\u017c zawieszony w Sejmie i w ka\u017cdym urz\u0119dzie, nawet nie nowa autostrada, kt\u00f3r\u0105 wygodnie pojedziemy w g\u00f3ry czy nad morze.<\/p>\n\n\n\n<p>Spo\u0142ecze\u0144stwa Europy Zachodniej z otwartymi r\u0119kami przyjmowa\u0142y uchod\u017ac\u00f3w zza \u017celaznej kurtyny i nie szcz\u0119dzi\u0142y wysi\u0142k\u00f3w, by przez r\u00f3\u017cnego rodzaju zbi\u00f3rki wspomaga\u0107 tych, kt\u00f3rzy pozostali w pa\u0144stwach bloku komunistycznego.<\/p>\n\n\n\n<p>S\u0142ysz\u0119 dobiegaj\u0105cy z radia cytat z wypowiedzi premiera Gli\u0144skiego: \u201eObronimy Polsk\u0119 przed uchod\u017acami!\u201d, a zaraz potem s\u0142owa m\u0142odego pos\u0142a Bosaka: \u201eJe\u017celi drut kolczasty spe\u0142nia swoj\u0105 funkcj\u0119, to znaczy, \u017ce jest dobry\u201d. Ga\u015bnie \u015bwiat\u0142o.<\/p>\n\n\n\n<p>Przesuwam palcem obrazy na smartfonie&#8230;<\/p>\n\n\n\n<hr class=\"wp-block-separator\"\/>\n\n\n\n<p><em>Felieton jest wyrazem opinii autora. Nie prezentuje stanowiska ZR Ma\u0142opolskie KOD.<\/em><\/p>\n","protected":false},"excerpt":{"rendered":"<p>To oczywiste, \u017ce nikt nie opuszcza swojego domu, swojego kraju i nie porzuca wszystkiego z b\u0142ahych powod\u00f3w.<\/p>\n","protected":false},"author":34,"featured_media":26412,"comment_status":"closed","ping_status":"open","sticky":false,"template":"","format":"standard","meta":{"_EventAllDay":false,"_EventTimezone":"","_EventStartDate":"","_EventEndDate":"","_EventStartDateUTC":"","_EventEndDateUTC":"","_EventShowMap":false,"_EventShowMapLink":false,"_EventURL":"","_EventCost":"","_EventCostDescription":"","_EventCurrencySymbol":"","_EventCurrencyCode":"","_EventCurrencyPosition":"","_EventDateTimeSeparator":"","_EventTimeRangeSeparator":"","_EventOrganizerID":[],"_EventVenueID":[],"_OrganizerEmail":"","_OrganizerPhone":"","_OrganizerWebsite":"","_VenueAddress":"","_VenueCity":"","_VenueCountry":"","_VenueProvince":"","_VenueState":"","_VenueZip":"","_VenuePhone":"","_VenueURL":"","_VenueStateProvince":"","_VenueLat":"","_VenueLng":"","_VenueShowMap":false,"_VenueShowMapLink":false,"footnotes":""},"categories":[596],"tags":[],"class_list":["post-26910","post","type-post","status-publish","format-standard","has-post-thumbnail","hentry","category-felietony","felietony"],"_links":{"self":[{"href":"https:\/\/kodmalopolska.pl\/index.php?rest_route=\/wp\/v2\/posts\/26910","targetHints":{"allow":["GET"]}}],"collection":[{"href":"https:\/\/kodmalopolska.pl\/index.php?rest_route=\/wp\/v2\/posts"}],"about":[{"href":"https:\/\/kodmalopolska.pl\/index.php?rest_route=\/wp\/v2\/types\/post"}],"author":[{"embeddable":true,"href":"https:\/\/kodmalopolska.pl\/index.php?rest_route=\/wp\/v2\/users\/34"}],"replies":[{"embeddable":true,"href":"https:\/\/kodmalopolska.pl\/index.php?rest_route=%2Fwp%2Fv2%2Fcomments&post=26910"}],"version-history":[{"count":0,"href":"https:\/\/kodmalopolska.pl\/index.php?rest_route=\/wp\/v2\/posts\/26910\/revisions"}],"wp:featuredmedia":[{"embeddable":true,"href":"https:\/\/kodmalopolska.pl\/index.php?rest_route=\/wp\/v2\/media\/26412"}],"wp:attachment":[{"href":"https:\/\/kodmalopolska.pl\/index.php?rest_route=%2Fwp%2Fv2%2Fmedia&parent=26910"}],"wp:term":[{"taxonomy":"category","embeddable":true,"href":"https:\/\/kodmalopolska.pl\/index.php?rest_route=%2Fwp%2Fv2%2Fcategories&post=26910"},{"taxonomy":"post_tag","embeddable":true,"href":"https:\/\/kodmalopolska.pl\/index.php?rest_route=%2Fwp%2Fv2%2Ftags&post=26910"}],"curies":[{"name":"wp","href":"https:\/\/api.w.org\/{rel}","templated":true}]}}