{"id":26817,"date":"2021-08-16T10:58:58","date_gmt":"2021-08-16T08:58:58","guid":{"rendered":"https:\/\/kodmalopolska.pl\/?p=26817"},"modified":"2021-08-16T10:59:02","modified_gmt":"2021-08-16T08:59:02","slug":"straznik-konstytucji-felieton-fryderyka-zolla-328","status":"publish","type":"post","link":"https:\/\/kodmalopolska.pl\/?p=26817","title":{"rendered":"Stra\u017cnik Konstytucji. Felieton Fryderyka Zolla (328)"},"content":{"rendered":"\n<h4 class=\"wp-block-heading\">Prezydent Duda we wczorajszym przem\u00f3wieniu o\u015bwiadczy\u0142, \u017ce b\u0119dzie sta\u0142 na stra\u017cy wolno\u015bci s\u0142owa, wolno\u015bci dzia\u0142alno\u015bci gospodarczej i przestrzegania um\u00f3w mi\u0119dzynarodowych, tak jak stoi na stra\u017cy Konstytucji. S\u0142owa te sta\u0142y si\u0119 przedmiotem r\u00f3\u017cnych dywagacji.<\/h4>\n\n\n\n<p>Zastanawiano si\u0119, czy Kaczy\u0144ski postanowi\u0142 zleci\u0107 Andrzejowi Dudzie weto do ustawy przeciw wolnym mediom czy zamro\u017cenie jej przez skierowanie do r\u0105k mgr Przy\u0142\u0119bskiej, co pozwoli\u0142oby trzyma\u0107 spraw\u0119 w zawieszeniu tak d\u0142ugo, jak d\u0142ugo Kaczy\u0144ski uzna to za przydatne. Przem\u00f3wienie Andrzeja Dudy spaja\u0142y g\u0119sto klamry w postaci: \u201eprezydent b\u0119dzie sta\u0142 na stra\u017cy, bo takie jest zadanie prezydenta, co wynika st\u0105d, \u017ce jako prezydent tak rol\u0119 prezydenta widz\u0119\u201d. S\u0142owom towarzyszy\u0142a marsowa mina, podkre\u015blaj\u0105ca twardo\u015b\u0107 deklaracji.<\/p>\n\n\n\n<p>Czy mamy z przem\u00f3wienia wywnioskowa\u0107, \u017ce prezydent b\u0119dzie sta\u0142 na stra\u017cy wolno\u015bci s\u0142owa tak, jak sta\u0142 dot\u0105d na stra\u017cy Konstytucji, a um\u00f3w bilateralnych b\u0119dzie przestrzega\u0142 tak, jak przestrzega\u0142 innych um\u00f3w mi\u0119dzynarodowych, na przyk\u0142ad Traktatu o Unii Europejskiej czy Europejskiej konwencji praw cz\u0142owieka? Do tej pory wszak Duda nadzwyczajnie wzbogaci\u0142 orzecznictwo Europejskiego Trybuna\u0142u Praw Cz\u0142owieka, przyjmuj\u0105c przyrzeczenie od s\u0119dzi\u00f3w dubler\u00f3w. Konstytucji te\u017c pilnowa\u0142 gorliwie, powo\u0142uj\u0105c s\u0119dzi\u00f3w przedstawionych przez niekonstytucyjn\u0105 Krajow\u0105 Rad\u0119 S\u0105downictwa. Dlatego wczorajsze przem\u00f3wienie znaczy tyle, co zapewnienia Dudy o w\u0142asnej niez\u0142omno\u015bci. Tyle znacz\u0105 s\u0142owa, \u017ce o wolno\u015b\u0107 s\u0142owa b\u0119dzie dba\u0142 tak jak o Konstytucj\u0119, a o Konstytucj\u0119 tak jak o umowy mi\u0119dzynarodowe. Jest przecie\u017c prezydentem, a prezydent, zw\u0142aszcza prezydent niez\u0142omny, musi by\u0107 twardy. I tak bla, bla.<\/p>\n\n\n\n<hr class=\"wp-block-separator\"\/>\n\n\n\n<p><em>Felieton jest wyrazem opinii autora. Nie prezentuje stanowiska ZR Ma\u0142opolskie<\/em>.<\/p>\n","protected":false},"excerpt":{"rendered":"<p>Prezydent Duda we wczorajszym przem\u00f3wieniu o\u015bwiadczy\u0142, \u017ce b\u0119dzie sta\u0142 na stra\u017cy wolno\u015bci s\u0142owa, wolno\u015bci dzia\u0142alno\u015bci gospodarczej i przestrzegania um\u00f3w mi\u0119dzynarodowych, tak jak stoi na stra\u017cy Konstytucji. S\u0142owa te sta\u0142y si\u0119 przedmiotem r\u00f3\u017cnych dywagacji. <\/p>\n","protected":false},"author":34,"featured_media":24583,"comment_status":"closed","ping_status":"open","sticky":false,"template":"","format":"standard","meta":{"_EventAllDay":false,"_EventTimezone":"","_EventStartDate":"","_EventEndDate":"","_EventStartDateUTC":"","_EventEndDateUTC":"","_EventShowMap":false,"_EventShowMapLink":false,"_EventURL":"","_EventCost":"","_EventCostDescription":"","_EventCurrencySymbol":"","_EventCurrencyCode":"","_EventCurrencyPosition":"","_EventDateTimeSeparator":"","_EventTimeRangeSeparator":"","_EventOrganizerID":[],"_EventVenueID":[],"_OrganizerEmail":"","_OrganizerPhone":"","_OrganizerWebsite":"","_VenueAddress":"","_VenueCity":"","_VenueCountry":"","_VenueProvince":"","_VenueState":"","_VenueZip":"","_VenuePhone":"","_VenueURL":"","_VenueStateProvince":"","_VenueLat":"","_VenueLng":"","_VenueShowMap":false,"_VenueShowMapLink":false,"footnotes":""},"categories":[596],"tags":[],"class_list":["post-26817","post","type-post","status-publish","format-standard","has-post-thumbnail","hentry","category-felietony","felietony"],"_links":{"self":[{"href":"https:\/\/kodmalopolska.pl\/index.php?rest_route=\/wp\/v2\/posts\/26817","targetHints":{"allow":["GET"]}}],"collection":[{"href":"https:\/\/kodmalopolska.pl\/index.php?rest_route=\/wp\/v2\/posts"}],"about":[{"href":"https:\/\/kodmalopolska.pl\/index.php?rest_route=\/wp\/v2\/types\/post"}],"author":[{"embeddable":true,"href":"https:\/\/kodmalopolska.pl\/index.php?rest_route=\/wp\/v2\/users\/34"}],"replies":[{"embeddable":true,"href":"https:\/\/kodmalopolska.pl\/index.php?rest_route=%2Fwp%2Fv2%2Fcomments&post=26817"}],"version-history":[{"count":0,"href":"https:\/\/kodmalopolska.pl\/index.php?rest_route=\/wp\/v2\/posts\/26817\/revisions"}],"wp:featuredmedia":[{"embeddable":true,"href":"https:\/\/kodmalopolska.pl\/index.php?rest_route=\/wp\/v2\/media\/24583"}],"wp:attachment":[{"href":"https:\/\/kodmalopolska.pl\/index.php?rest_route=%2Fwp%2Fv2%2Fmedia&parent=26817"}],"wp:term":[{"taxonomy":"category","embeddable":true,"href":"https:\/\/kodmalopolska.pl\/index.php?rest_route=%2Fwp%2Fv2%2Fcategories&post=26817"},{"taxonomy":"post_tag","embeddable":true,"href":"https:\/\/kodmalopolska.pl\/index.php?rest_route=%2Fwp%2Fv2%2Ftags&post=26817"}],"curies":[{"name":"wp","href":"https:\/\/api.w.org\/{rel}","templated":true}]}}