{"id":26776,"date":"2021-08-12T11:59:51","date_gmt":"2021-08-12T09:59:51","guid":{"rendered":"https:\/\/kodmalopolska.pl\/?p=26776"},"modified":"2021-08-12T11:59:54","modified_gmt":"2021-08-12T09:59:54","slug":"anatomia-rozkladu-felieton-joanny-handerek-46","status":"publish","type":"post","link":"https:\/\/kodmalopolska.pl\/?p=26776","title":{"rendered":"Anatomia rozk\u0142adu. Felieton Joanny Ha\u0144derek (46)"},"content":{"rendered":"\n<h4 class=\"wp-block-heading\">W dzisiejszym felietonie pisz\u0119 o wczorajszym zachowaniu marsza\u0142kini Sejmu i o anatomii rozk\u0142adu praworz\u0105dno\u015bci w naszym pa\u0144stwie. Nie jestem prawniczk\u0105, ale jako zwyk\u0142a obywatelka widz\u0119 jedno: nonszalancj\u0119 w\u0142adzy wobec prawa i wobec cz\u0142owieka. W zachowaniu marsza\u0142kini przera\u017caj\u0105ce jest nie tylko to, z jakim spokojem \u0142amie si\u0119 prawo, ale i to, jak traktuje si\u0119 nas wszystkich. To bardzo niebezpieczne po\u0142\u0105czenie, zw\u0142aszcza w dniach, w kt\u00f3rych pe\u0142zaj\u0105ca dyktatura odbiera nam to, co najcenniejsze: szacunek do prawa i do Sejmu oraz wolno\u015b\u0107 s\u0142owa.<\/h4>\n\n\n\n<p>Rok temu pose\u0142 Terlecki podszed\u0142 do marsza\u0142kini Sejmu Rzeczpospolitej Polskiej i przekaza\u0142 wiadomo\u015b\u0107: \u201eEl\u017cbieta, jest pro\u015bba od szefa, \u017ceby zrobi\u0107 przerw\u0119, bo reasumpcj\u0119 chyba trzeba b\u0119dzie zrobi\u0107\u201d (<a href=\"https:\/\/www.facebook.com\/watch\/?extid=SEO----&amp;v=972655386477291\">https:\/\/www.facebook.com\/watch\/?extid=SEO&#8212;-&amp;v=972655386477291<\/a>). Nagranie dost\u0119pne jest w sieci \u2013 kto nie pami\u0119ta, mo\u017ce sobie przypomnie\u0107. Wyra\u017anie s\u0142ycha\u0107 s\u0142owa wypowiadane przez pos\u0142a do marsza\u0142kini.<\/p>\n\n\n\n<p>Od 2015 roku dzieje si\u0119 co\u015b z\u0142ego. I nie chodzi teraz o s\u0105dy, szkolnictwo, ekonomi\u0119 spod znaku \u201ekoryto+\u201d ani \u201ebo im si\u0119 nale\u017ca\u0142o\u201d. To, \u017ce nasze pa\u0144stwo jest rozkradane, przejadane, niszczone, wiemy przecie\u017c wszyscy. Wczorajsze zachowanie marsza\u0142kini w parlamencie pokazuje inny powa\u017cny problem: demonta\u017c demokracji w samym jej sercu.<\/p>\n\n\n\n<p>Czym jest parlament? To miejsce \u015bwi\u0119te dla demokracji \u2013 miejsce, do kt\u00f3rego trafiaj\u0105 ludzie z mandatem spo\u0142ecznego zaufania, nasi reprezentanci, by dla nas budowa\u0107 porz\u0105dek i rzeczywisto\u015b\u0107 instytucjonaln\u0105. PiS z Sejmu zrobi\u0142o dom gry, tani\u0105 tancbud\u0119, w kt\u00f3rej mo\u017cna wrzeszcze\u0107 ordynarnie bez \u017cadnego trybu, obra\u017ca\u0107 ludzi, ob\u017cera\u0107 si\u0119 i pokazywa\u0107 \u015brodkowy palec. Powiedz\u0105 Pa\u0144stwo, \u017ce to nie problem, \u017ce to tylko kwestia savoir-vivre. Ot\u00f3\u017c nie. To oznaki rozk\u0142adu. Wczorajsza reasumpcja pani Witek nie wzi\u0119\u0142a si\u0119 z jej pomy\u0142ki, ale z konsekwentnego sprowadzania Sejmu do poziomu taniej spelunki, gdzie wszystko wolno.<\/p>\n\n\n\n<p>To bolesny obraz naszego parlamentaryzmu, bior\u0105c pod uwag\u0119 ca\u0142y proces prowadz\u0105cy do zmian zapocz\u0105tkowanych w 1989 roku i p\u00f3\u017aniejsze prace. Jakiekolwiek by\u0142y b\u0142\u0119dy lat 90., budowali\u015bmy wtedy demokracj\u0119, trwa\u0142o wielkie konstruowanie przysz\u0142o\u015bci narodu. Wprawdzie zdarza\u0142y si\u0119 egzotyczne momenty, na przyk\u0142ad pewna pos\u0142anka opowiada\u0142a, \u017ce lubi \u201eseks jak owies\u201d, ale nauka demokracji nie jest \u0142atwa, wi\u0119c na \u0142awach sejmowych, w niejasnym zreszt\u0105 pa\u0144stwie demokratycznym, niekoniecznie zasiadali ludzie zachowuj\u0105cy si\u0119 parlamentarnie. Wa\u017cne by\u0142o jedno: procedury, prawo oraz \u015bwiadomo\u015b\u0107, \u017ce Sejm to miejsce wyj\u0105tkowe.<\/p>\n\n\n\n<p>PiS dzia\u0142a jak buldo\u017cer i rozwala ten gmach zwany demokracj\u0105, zaczynaj\u0105c od jego serca, od Sejmu. Niewpuszczanie dziennikarzy, odgrodzenie budynku sejmowego barierkami i kordonem policji, pr\u00f3ba wyrzucenia protestuj\u0105cych w Sejmie rodzic\u00f3w os\u00f3b z niepe\u0142nosprawno\u015bci\u0105, a potem odseparowanie tych dzielnych ludzi kotar\u0105 od pos\u0142\u00f3w i pos\u0142anek: to ca\u0142a kampania demolowania instytucji, jak\u0105 jest parlament. W domu gry Jaros\u0142awa ma nie by\u0107 kamer, ma nie by\u0107 przedstawicieli i przedstawicielek narodu, ma nie by\u0107 rzetelnej merytorycznej dyskusji, tylko balanga na koszt narodu.<\/p>\n\n\n\n<p>Marsza\u0142kini, czytaj\u0105c poprawki, a potem ustaw\u0119 tak wa\u017cn\u0105 dla Polskiej demokracji, dla WOLNO\u015aCI S\u0141OWA \u2013 \u015bwi\u0119tej zasady demokratycznego funkcjonowania pa\u0144stwa \u2013 mamrota\u0142a s\u0142owa pod nosem. Niechlujnie wypowiedziane zdania, szybkie, niewyra\u017ane czytanie ustaw i zarz\u0105dzanie g\u0142osowania to kpina z sejmowej procedury. Marsza\u0142kini wiedzia\u0142a, \u017ce \u0142amie prawo (st\u0105d zas\u0142anianie si\u0119 prawnikami, z kt\u00f3rymi konsultowa\u0142a spraw\u0119), wiedzia\u0142a te\u017c, \u017ce mo\u017ce lekcewa\u017cy\u0107 ludzi siedz\u0105cych nie tylko w \u0142awach opozycji, ale r\u00f3wnie\u017c przed telewizorami. Zamiast precyzyjnych sformu\u0142owa\u0144, jakie powinny pada\u0107 z jej ust, dostali\u015bmy po\u015bpieszne mamrotanie pod nosem. To inna forma pokazania \u015brodkowego palca, podobnie zreszt\u0105 jak zwolnienie ministra ustami rzecznika rz\u0105du na konferencji prasowej. Polski Sejm zosta\u0142 opanowany przez chamstwo dyktatury, kt\u00f3ra na ka\u017cdym kroku daje do zrozumienia, \u017ce kto rz\u0105dzi, mo\u017ce wszystko. Buta, pycha, arogancja.<br \/>Drobne gesty maj\u0105 znaczenie. \u201eDzi\u0119kuj\u0119\u201d, \u201eprosz\u0119\u201d, \u201eprzepraszam\u201d: rodzice ucz\u0105 nas tych s\u0142\u00f3w nie bez przyczyny. Dzi\u0119ki gestom codzienno\u015bci mo\u017cemy wchodzi\u0107 w reakcje spo\u0142eczne, budowa\u0107 relacje. W Sejmie Rzeczpospolitej Polskiej norm\u0105 sta\u0142o si\u0119 brutalne przerywanie pos\u0142om i pos\u0142ankom opozycji, wy\u015bmiewanie przeciwnik\u00f3w politycznych, a uwagi typu \u201eto \u015bmierdzi\u201d kierowane do drugiego cz\u0142owieka nie budz\u0105 ju\u017c ani przera\u017cenia, ani zgorszenia. Przyzwyczajenie do chamstwa i nonszalancji otwiera drzwi do brutalnego traktowania innych. Prawna demolka, przej\u0119cie Trybuna\u0142u Konstytucyjnego, s\u0105d\u00f3w, nagonka na s\u0119dzi\u00f3w, kt\u00f3rzy staj\u0105 w obronie prawa i konstytucji, to nasilaj\u0105ce si\u0119 objawy rozk\u0142adu. Reasumpcja pani Witek jest sygna\u0142em dla nas wszystkich: ma by\u0107 tak, jak szef domu gry sobie za\u017cyczy. To, \u017ce reasumpcja \u2013 jak wszystko w Sejmie \u2013 ma swoje prawne uwarunkowania, nie obchodzi marsza\u0142kini, podobnie jak nie obchodzi jej ca\u0142e prawo.<\/p>\n\n\n\n<p>Wczoraj przeg\u0142osowano lex anty-TVN. To haniebny czyn partii rz\u0105dz\u0105cej i kl\u0119ska demokracji. Spos\u00f3b procedowania tej ha\u0144by ukazuje mechanizm rozk\u0142adu tocz\u0105cego polski parlament. Jest to r\u00f3wnie przykre i upokarzaj\u0105ce dla nas wszystkich jak sama ustawa.<\/p>\n\n\n\n<hr class=\"wp-block-separator\"\/>\n\n\n\n<p><em>Felieton jest wyrazem opinii autorki. Nie prezentuje stanowiska ZR Ma\u0142opolskie<\/em><\/p>\n","protected":false},"excerpt":{"rendered":"<p>W dzisiejszym felietonie pisz\u0119 o wczorajszym zachowaniu marsza\u0142kini Sejmu i o anatomii rozk\u0142adu praworz\u0105dno\u015bci w naszym pa\u0144stwie. Nie jestem prawniczk\u0105, ale jako zwyk\u0142a obywatelka widz\u0119 jedno: nonszalancj\u0119 w\u0142adzy wobec prawa i wobec cz\u0142owieka. W zachowaniu marsza\u0142kini przera\u017caj\u0105ce jest nie tylko to, z jakim spokojem \u0142amie si\u0119 prawo, ale i to, jak traktuje si\u0119 nas wszystkich. To bardzo niebezpieczne po\u0142\u0105czenie, zw\u0142aszcza w dniach, w kt\u00f3rych pe\u0142zaj\u0105ca dyktatura odbiera nam to, co najcenniejsze: szacunek do prawa i do Sejmu oraz wolno\u015b\u0107 s\u0142owa. <\/p>\n","protected":false},"author":34,"featured_media":19411,"comment_status":"closed","ping_status":"open","sticky":false,"template":"","format":"standard","meta":{"_EventAllDay":false,"_EventTimezone":"","_EventStartDate":"","_EventEndDate":"","_EventStartDateUTC":"","_EventEndDateUTC":"","_EventShowMap":false,"_EventShowMapLink":false,"_EventURL":"","_EventCost":"","_EventCostDescription":"","_EventCurrencySymbol":"","_EventCurrencyCode":"","_EventCurrencyPosition":"","_EventDateTimeSeparator":"","_EventTimeRangeSeparator":"","_EventOrganizerID":[],"_EventVenueID":[],"_OrganizerEmail":"","_OrganizerPhone":"","_OrganizerWebsite":"","_VenueAddress":"","_VenueCity":"","_VenueCountry":"","_VenueProvince":"","_VenueState":"","_VenueZip":"","_VenuePhone":"","_VenueURL":"","_VenueStateProvince":"","_VenueLat":"","_VenueLng":"","_VenueShowMap":false,"_VenueShowMapLink":false,"footnotes":""},"categories":[596],"tags":[],"class_list":["post-26776","post","type-post","status-publish","format-standard","has-post-thumbnail","hentry","category-felietony","felietony"],"_links":{"self":[{"href":"https:\/\/kodmalopolska.pl\/index.php?rest_route=\/wp\/v2\/posts\/26776","targetHints":{"allow":["GET"]}}],"collection":[{"href":"https:\/\/kodmalopolska.pl\/index.php?rest_route=\/wp\/v2\/posts"}],"about":[{"href":"https:\/\/kodmalopolska.pl\/index.php?rest_route=\/wp\/v2\/types\/post"}],"author":[{"embeddable":true,"href":"https:\/\/kodmalopolska.pl\/index.php?rest_route=\/wp\/v2\/users\/34"}],"replies":[{"embeddable":true,"href":"https:\/\/kodmalopolska.pl\/index.php?rest_route=%2Fwp%2Fv2%2Fcomments&post=26776"}],"version-history":[{"count":0,"href":"https:\/\/kodmalopolska.pl\/index.php?rest_route=\/wp\/v2\/posts\/26776\/revisions"}],"wp:featuredmedia":[{"embeddable":true,"href":"https:\/\/kodmalopolska.pl\/index.php?rest_route=\/wp\/v2\/media\/19411"}],"wp:attachment":[{"href":"https:\/\/kodmalopolska.pl\/index.php?rest_route=%2Fwp%2Fv2%2Fmedia&parent=26776"}],"wp:term":[{"taxonomy":"category","embeddable":true,"href":"https:\/\/kodmalopolska.pl\/index.php?rest_route=%2Fwp%2Fv2%2Fcategories&post=26776"},{"taxonomy":"post_tag","embeddable":true,"href":"https:\/\/kodmalopolska.pl\/index.php?rest_route=%2Fwp%2Fv2%2Ftags&post=26776"}],"curies":[{"name":"wp","href":"https:\/\/api.w.org\/{rel}","templated":true}]}}