{"id":26655,"date":"2021-08-11T09:34:22","date_gmt":"2021-08-11T07:34:22","guid":{"rendered":"https:\/\/kodmalopolska.pl\/?p=26655"},"modified":"2021-08-11T09:35:00","modified_gmt":"2021-08-11T07:35:00","slug":"o-prawo-do-prawdy","status":"publish","type":"post","link":"https:\/\/kodmalopolska.pl\/?p=26655","title":{"rendered":"O prawo do prawdy. Felieton Fryderyka Zolla (327)"},"content":{"rendered":"\n<h4 class=\"wp-block-heading\">Spotykamy si\u0119 w\u00a0czasie, gdy gnij\u0105ca w\u0142adza chcia\u0142aby przenie\u015b\u0107 sw\u00f3j rozk\u0142ad na ca\u0142e pa\u0144stwo. Jednym z\u00a0objaw\u00f3w tego zjawiska jest pr\u00f3ba zniszczenia TVN poprzez nadanie mu twarzy pos\u0142a Suskiego.<\/h4>\n\n\n\n<p>Rzeczywi\u015bcie, telewizja oparta o\u00a0normalne zasady dziennikarskiego dochodzenia do prawdy nie mo\u017ce istnie\u0107 w\u00a0pa\u0144stwie PiS, kt\u00f3re prze\u017carte nepotyzmem, mo\u017ce istnie\u0107 jedynie w\u00a0warunkach k\u0142amstwa. TVP traci swoj\u0105 cudown\u0105 moc, bo mi\u0119dzy rzeczywisto\u015bci\u0105 a\u00a0obrazem serwowanym przez pisowskie ministerstwo propagandy przepa\u015b\u0107 jest zbyt wielka. Pa\u0144stwo PiS nie mo\u017ce tolerowa\u0107 sytuacji, w\u00a0kt\u00f3rej telewidz, przy pomocy pilota, mo\u017ce prze\u0142\u0105czy\u0107 kana\u0142 i\u00a0zweryfikowa\u0107 k\u0142amstwo. Dlatego Suski domaga si\u0119, aby TVN by\u0142a jak TVP. Aby prze\u0142\u0105czaj\u0105c kana\u0142, k\u0142amstwo si\u0119 potwierdza\u0142o, a\u00a0nie wychodzi\u0142a prawda. Po przej\u0119ciu prasy lokalnej zniszczenie wolnego TVN jest warunkiem zwyci\u0119stwa k\u0142amstwa. Dla PiS zwyci\u0119stwo k\u0142amstwa jest niezb\u0119dne do przetrwania. Dla spo\u0142ecze\u0144stwa demokratycznego warunkiem przetrwania jest prawda. O\u00a0to toczy si\u0119 sp\u00f3r, i\u00a0dlatego jest tak zajad\u0142y. My obywatele Rzeczypospolitej musimy wyj\u015b\u0107 na ulic\u0119, aby broni\u0107 prawa do prawdy. Przez ca\u0142\u0105 dob\u0119.<\/p>\n\n\n\n<hr class=\"wp-block-separator\"\/>\n\n\n\n<p><em>Felieton jest wyrazem opinii autora. Nie prezentuje stanowiska ZR Ma\u0142opolskie<\/em>.<\/p>\n","protected":false},"excerpt":{"rendered":"<p>zjawiska jest pr\u00f3ba zniszczenia TVN poprzez nadanie mu twarzy pos\u0142a Suskiego.<\/p>\n","protected":false},"author":2,"featured_media":24583,"comment_status":"closed","ping_status":"open","sticky":false,"template":"","format":"standard","meta":{"_EventAllDay":false,"_EventTimezone":"","_EventStartDate":"","_EventEndDate":"","_EventStartDateUTC":"","_EventEndDateUTC":"","_EventShowMap":false,"_EventShowMapLink":false,"_EventURL":"","_EventCost":"","_EventCostDescription":"","_EventCurrencySymbol":"","_EventCurrencyCode":"","_EventCurrencyPosition":"","_EventDateTimeSeparator":"","_EventTimeRangeSeparator":"","_EventOrganizerID":[],"_EventVenueID":[],"_OrganizerEmail":"","_OrganizerPhone":"","_OrganizerWebsite":"","_VenueAddress":"","_VenueCity":"","_VenueCountry":"","_VenueProvince":"","_VenueState":"","_VenueZip":"","_VenuePhone":"","_VenueURL":"","_VenueStateProvince":"","_VenueLat":"","_VenueLng":"","_VenueShowMap":false,"_VenueShowMapLink":false,"footnotes":""},"categories":[596],"tags":[],"class_list":["post-26655","post","type-post","status-publish","format-standard","has-post-thumbnail","hentry","category-felietony","felietony"],"_links":{"self":[{"href":"https:\/\/kodmalopolska.pl\/index.php?rest_route=\/wp\/v2\/posts\/26655","targetHints":{"allow":["GET"]}}],"collection":[{"href":"https:\/\/kodmalopolska.pl\/index.php?rest_route=\/wp\/v2\/posts"}],"about":[{"href":"https:\/\/kodmalopolska.pl\/index.php?rest_route=\/wp\/v2\/types\/post"}],"author":[{"embeddable":true,"href":"https:\/\/kodmalopolska.pl\/index.php?rest_route=\/wp\/v2\/users\/2"}],"replies":[{"embeddable":true,"href":"https:\/\/kodmalopolska.pl\/index.php?rest_route=%2Fwp%2Fv2%2Fcomments&post=26655"}],"version-history":[{"count":0,"href":"https:\/\/kodmalopolska.pl\/index.php?rest_route=\/wp\/v2\/posts\/26655\/revisions"}],"wp:featuredmedia":[{"embeddable":true,"href":"https:\/\/kodmalopolska.pl\/index.php?rest_route=\/wp\/v2\/media\/24583"}],"wp:attachment":[{"href":"https:\/\/kodmalopolska.pl\/index.php?rest_route=%2Fwp%2Fv2%2Fmedia&parent=26655"}],"wp:term":[{"taxonomy":"category","embeddable":true,"href":"https:\/\/kodmalopolska.pl\/index.php?rest_route=%2Fwp%2Fv2%2Fcategories&post=26655"},{"taxonomy":"post_tag","embeddable":true,"href":"https:\/\/kodmalopolska.pl\/index.php?rest_route=%2Fwp%2Fv2%2Ftags&post=26655"}],"curies":[{"name":"wp","href":"https:\/\/api.w.org\/{rel}","templated":true}]}}