{"id":26499,"date":"2021-08-09T18:12:05","date_gmt":"2021-08-09T16:12:05","guid":{"rendered":"https:\/\/kodmalopolska.pl\/?p=26499"},"modified":"2021-08-09T18:12:10","modified_gmt":"2021-08-09T16:12:10","slug":"kazdemu-ile-sie-nalezy-felieton-adama-jaskowa-42","status":"publish","type":"post","link":"https:\/\/kodmalopolska.pl\/?p=26499","title":{"rendered":"Ka\u017cdemu ile si\u0119 nale\u017cy. Felieton Adama Ja\u015bkowa (42)"},"content":{"rendered":"\n<h4 class=\"wp-block-heading\">Pomys\u0142 uzale\u017cnienia wynagrodze\u0144 polityk\u00f3w od p\u0142acy minimalnej nawet mi si\u0119 podoba, nie tylko dlatego \u017ce by\u0142em cz\u0142onkiem za\u0142o\u017cycielem Razem (niech mi wybacz\u0105 ci, kt\u00f3rzy uwa\u017caj\u0105 to za grzech). Taki przelicznik ujawnia faktyczn\u0105 hierarchi\u0119 w\u0142adzy i maj\u0105tku.<\/h4>\n\n\n\n<p>Fraza \u201enam si\u0119 to nale\u017cy\u201d to takie motto aktualnej w\u0142adzy, cho\u0107 i poprzednie by go nie pot\u0119pi\u0142y. Tylko mo\u017ce tak nieco wstydliwie. Ta w\u0142adza nie ma wstydu, ale grzechy wytyka innym. Sama jest bezgrzeszna. Polityka \u201eprorodzinna\u201d Jeszczenieomalzjednoczonej Prawicy ujawni\u0142a jednak pewne braki. Nie dla wszystkich rodzin starczy\u0142o owoc\u00f3w.<\/p>\n\n\n\n<p>Prezes musia\u0142 wi\u0119c wyda\u0107 zarz\u0105dzenie o podwy\u017cce uposa\u017ce\u0144, pomimo \u017ce przecie\u017c nie tak dawno zarz\u0105dzi\u0142 karn\u0105 obni\u017ck\u0119. O ile obni\u017cka nie wywo\u0142a\u0142a d\u0142u\u017cszej dyskusji (i mo\u017ce szkoda), podwy\u017cka wzbudzi\u0142a emocje. Dyskusj\u0119 mo\u017ce te\u017c powinna.<\/p>\n\n\n\n<p>Pensje s\u0105 u nas tematem dra\u017cliwym. Szczeg\u00f3lnie nasze w\u0142asne. Wszyscy \u2013 no, mo\u017ce z wyj\u0105tkiem nauczycieli \u2013 pogodzili si\u0119 ju\u017c z niskimi p\u0142acami w o\u015bwiacie. Szacuje si\u0119, \u017ce od wrze\u015bnia niedobory nauczycieli w szko\u0142ach b\u0119d\u0105 rekordowe. Kto tylko mo\u017ce, ucieka ze szko\u0142y na emerytur\u0119, rent\u0119, do (niemal) jakiejkolwiek innej pracy.<\/p>\n\n\n\n<p>Pracownicy bud\u017cet\u00f3wki szykuj\u0105 si\u0119 do strajk\u00f3w, bo dla nich przewidziano zamro\u017cenie p\u0142ac \u2013 pewnie w trosce o klimat, \u017ceby tak szybko si\u0119 nie ociepla\u0142. Opinia premiera Morawieckiego: \u201eDzi\u015b pomimo tego przyrostu inflacji, kt\u00f3ry nas niepokoi, jednak ludzie \u2013 na szcz\u0119\u015bcie \u2013 mog\u0105 naby\u0107 wi\u0119cej artyku\u0142\u00f3w i to jest podstawowa zale\u017cno\u015b\u0107, kt\u00f3r\u0105 trzeba tutaj mie\u0107 na uwadze\u201d, nie dotyczy raczej pracownik\u00f3w bud\u017cet\u00f3wki, o\u015bwiaty i sektora ochrony zdrowia. Cho\u0107 z tym zdrowiem i pracownikami sprawa jest bardziej skomplikowana. Specjali\u015bci i dyrektorzy zarabiaj\u0105 nawet wi\u0119cej ni\u017c pos\u0142owie i ministrowie, czyli politycy. Reszta wi\u0105\u017ce koniec z ko\u0144cem, ale nie co tydzie\u0144.<\/p>\n\n\n\n<p>Wracajmy jednak do naszych baran\u00f3w. Obecnie, czyli w lipcu 2021, premier zarabia nieca\u0142e 15 tysi\u0119cy miesi\u0119cznie. Po podwy\u017cce b\u0119dzie to ponad 20 tysi\u0119cy \u2013 prawie 6 tysi\u0119cy wi\u0119cej. Szeregowy pose\u0142 otrzymuje wynagrodzenie 8 tysi\u0119cy (tyle co podsekretarz stanu w randze wiceministra), a ma otrzymywa\u0107 prawie 13 (12 827) oraz diet\u0119 w wysoko\u015bci 2500 z\u0142otych. Zapewne sko\u0144cz\u0105 si\u0119 narzekania pos\u0142\u00f3w na trudn\u0105 sytuacj\u0119 finansow\u0105, a ich (podstawowe) potrzeby zostan\u0105 wreszcie zaspokojone. Uciesz\u0105 si\u0119 te\u017c szefowie (i reszta kierownictwa) wa\u017cnych instytucji takich jak KRRiT czy IPN: p\u0142ace wzrosn\u0105 im o 40%. Nawet szef NIK nie uniknie tej podwy\u017cki. A trzeba pami\u0119ta\u0107, \u017ce tzw. er-ce przys\u0142uguj\u0105 dodatki sta\u017cowe.<\/p>\n\n\n\n<p>Pojawi\u0142 si\u0119 pomys\u0142 powrotu do systemu p\u0142ac administracji publicznej z czas\u00f3w II RP. No wi\u0119c, owszem, wtedy by\u0142o lepiej (finansowo) i prezydentowi, i premierowi, i marsza\u0142kom. Oficerom wojska i policji tak\u017ce. Pozostali pracownicy sektora pa\u0144stwowego ju\u017c nie mieli tak r\u00f3\u017cowo, cho\u0107 i tak o wiele lepiej ni\u017c ca\u0142a (prawie) reszta spo\u0142ecze\u0144stwa. Warto te\u017c pami\u0119ta\u0107, \u017ce ten demokratyczny eksperyment trwa\u0142 niewiele ponad pi\u0119\u0107 lat, od ko\u0144ca wojny polsko-bolszewickiej w 1921 roku do maja 1926. Potem by\u0142o prawie jak teraz.<\/p>\n\n\n\n<p>Uprzejmie wi\u0119c prosz\u0119 darowa\u0107 sobie wszelkie polityczne powroty do okresu mi\u0119dzywojennego. Chyba \u017ce po to, by przypomnie\u0107 Asnyka. Ale w\u0105tpi\u0119, by politycy akurat Asnyka pami\u0119tali.<\/p>\n\n\n\n<p>U swojego zarania partia Razem zg\u0142asza\u0142a postulat, \u017ceby p\u0142ace parlamentarzyst\u00f3w by\u0142y okre\u015blane w relacji do najni\u017cszego wynagrodzenia i r\u00f3wne jego trzykrotno\u015bci. W 2022 roku najni\u017csze wynagrodzenie ma wynosi\u0107 3000 z\u0142, wi\u0119c jego trzykrotno\u015bci\u0105 by\u0142oby 9000 z\u0142 \u2013 mniej ni\u017c po darowanych przez Kaczy\u0144skiego za po\u015brednictwem Dudy podwy\u017ckach, ale nieco wi\u0119cej ni\u017c obecnie. Pomys\u0142 uzale\u017cnienia wynagrodze\u0144 polityk\u00f3w od p\u0142acy minimalnej nawet mi si\u0119 podoba, nie tylko dlatego \u017ce by\u0142em cz\u0142onkiem za\u0142o\u017cycielem Razem (niech mi wybacz\u0105 ci, kt\u00f3rzy uwa\u017caj\u0105 to za grzech). Taki przelicznik ujawnia faktyczn\u0105 hierarchi\u0119 w\u0142adzy i maj\u0105tku.<\/p>\n\n\n\n<p>Je\u015bli parlamentarzyst(k)a ma otrzymywa\u0107 trzy minimalne wynagrodzenia, to ile powinien dostawa\u0107 premier? Cztery czy pi\u0119\u0107 minimalnych wynagrodze\u0144? Cztery i p\u00f3\u0142? A prezydent? Skoro mo\u017ce nim zosta\u0107 ka\u017cdy \u2013 co poniek\u0105d potwierdza aktualny lokator Pa\u0142acu Prezydenckiego \u2013 to czy nie wystarczy jedno? \u017bartuj\u0119 (troch\u0119). Prezydent powinien by\u0107 op\u0142acany tak jak premier. A szefowie urz\u0119d\u00f3w centralnych? Nie powinni chyba zarabia\u0107 wi\u0119cej ni\u017c ministrowie, kt\u00f3rym podlegaj\u0105, a je\u015bli im nie podlegaj\u0105, to nie wi\u0119cej ni\u017c szefowie powo\u0142uj\u0105cych ich organ\u00f3w.<\/p>\n\n\n\n<p>Tak czy inaczej, zwi\u0105zanie p\u0142ac polityk\u00f3w pe\u0142ni\u0105cych jakie\u015b funkcje w pa\u0144stwie z p\u0142ac\u0105 minimaln\u0105 uwa\u017cam za sensowne i po\u017c\u0105dane. Z korzy\u015bci\u0105 dla polityk\u00f3w i obywateli.<\/p>\n\n\n\n<p>No, chyba \u017ce przydarzy si\u0119 premier, kt\u00f3ry t\u0119 p\u0142ac\u0119 minimaln\u0105 zamrozi, co ju\u017c nie raz i nie dwa si\u0119 zdarza\u0142o. W tym jednak wypadku winni b\u0119d\u0105 i politycy, i obywatele. Takiego wybrali sobie premiera.<\/p>\n\n\n\n<p><em><br \/>r\u00f3wnie\u017c na\u00a0<\/em><a href=\"https:\/\/aristoskr.wordpress.com\/\">aristoskr.wordpress.com<\/a><\/p>\n\n\n\n<hr class=\"wp-block-separator\"\/>\n\n\n\n<p><em>Felieton jest wyrazem opinii autora. Nie prezentuje stanowiska ZR Ma\u0142opolskie<\/em><\/p>\n","protected":false},"excerpt":{"rendered":"<p>Pomys\u0142 uzale\u017cnienia wynagrodze\u0144 polityk\u00f3w od p\u0142acy minimalnej nawet mi si\u0119 podoba, nie tylko dlatego \u017ce by\u0142em cz\u0142onkiem za\u0142o\u017cycielem Razem (niech mi wybacz\u0105 ci, kt\u00f3rzy uwa\u017caj\u0105 to za grzech). Taki przelicznik ujawnia faktyczn\u0105 hierarchi\u0119 w\u0142adzy i maj\u0105tku. <\/p>\n","protected":false},"author":34,"featured_media":20415,"comment_status":"closed","ping_status":"open","sticky":false,"template":"","format":"standard","meta":{"_EventAllDay":false,"_EventTimezone":"","_EventStartDate":"","_EventEndDate":"","_EventStartDateUTC":"","_EventEndDateUTC":"","_EventShowMap":false,"_EventShowMapLink":false,"_EventURL":"","_EventCost":"","_EventCostDescription":"","_EventCurrencySymbol":"","_EventCurrencyCode":"","_EventCurrencyPosition":"","_EventDateTimeSeparator":"","_EventTimeRangeSeparator":"","_EventOrganizerID":[],"_EventVenueID":[],"_OrganizerEmail":"","_OrganizerPhone":"","_OrganizerWebsite":"","_VenueAddress":"","_VenueCity":"","_VenueCountry":"","_VenueProvince":"","_VenueState":"","_VenueZip":"","_VenuePhone":"","_VenueURL":"","_VenueStateProvince":"","_VenueLat":"","_VenueLng":"","_VenueShowMap":false,"_VenueShowMapLink":false,"footnotes":""},"categories":[596],"tags":[],"class_list":["post-26499","post","type-post","status-publish","format-standard","has-post-thumbnail","hentry","category-felietony","felietony"],"_links":{"self":[{"href":"https:\/\/kodmalopolska.pl\/index.php?rest_route=\/wp\/v2\/posts\/26499","targetHints":{"allow":["GET"]}}],"collection":[{"href":"https:\/\/kodmalopolska.pl\/index.php?rest_route=\/wp\/v2\/posts"}],"about":[{"href":"https:\/\/kodmalopolska.pl\/index.php?rest_route=\/wp\/v2\/types\/post"}],"author":[{"embeddable":true,"href":"https:\/\/kodmalopolska.pl\/index.php?rest_route=\/wp\/v2\/users\/34"}],"replies":[{"embeddable":true,"href":"https:\/\/kodmalopolska.pl\/index.php?rest_route=%2Fwp%2Fv2%2Fcomments&post=26499"}],"version-history":[{"count":0,"href":"https:\/\/kodmalopolska.pl\/index.php?rest_route=\/wp\/v2\/posts\/26499\/revisions"}],"wp:featuredmedia":[{"embeddable":true,"href":"https:\/\/kodmalopolska.pl\/index.php?rest_route=\/wp\/v2\/media\/20415"}],"wp:attachment":[{"href":"https:\/\/kodmalopolska.pl\/index.php?rest_route=%2Fwp%2Fv2%2Fmedia&parent=26499"}],"wp:term":[{"taxonomy":"category","embeddable":true,"href":"https:\/\/kodmalopolska.pl\/index.php?rest_route=%2Fwp%2Fv2%2Fcategories&post=26499"},{"taxonomy":"post_tag","embeddable":true,"href":"https:\/\/kodmalopolska.pl\/index.php?rest_route=%2Fwp%2Fv2%2Ftags&post=26499"}],"curies":[{"name":"wp","href":"https:\/\/api.w.org\/{rel}","templated":true}]}}