{"id":26455,"date":"2021-08-05T19:02:28","date_gmt":"2021-08-05T17:02:28","guid":{"rendered":"https:\/\/kodmalopolska.pl\/?p=26455"},"modified":"2021-08-05T19:02:33","modified_gmt":"2021-08-05T17:02:33","slug":"sprawa-cimanouskiej-felieton-fryderyka-zolla-325","status":"publish","type":"post","link":"https:\/\/kodmalopolska.pl\/?p=26455","title":{"rendered":"Sprawa Cimanouskiej. Felieton Fryderyka Zolla (325)"},"content":{"rendered":"\n<h4 class=\"wp-block-heading\">Bardzo dobrze, \u017ce udzielono pomocy bia\u0142oruskiej sprinterce Kryscinie Cimanouskiej. Przy rz\u0105dzie PiS\u2011u wcale nie by\u0142o to oczywiste. Jeszcze niedawno PiS-owski wicemarsza\u0142ek Sejmu Ryszard Terlecki wysy\u0142a\u0142 Swiat\u0142an\u0119 Cichanousk\u0105, wybran\u0105 na prezydentk\u0119 Bia\u0142orusi, do Moskwy.<\/h4>\n\n\n\n<p>Dobrze te\u017c, \u017ce operacj\u0119 przewiezienia sprinterki zaplanowano starannie, bo z Cimanousk\u0105 mog\u0142o si\u0119 wydarzy\u0107 to samo co z Ramanem Pratasiewiczem i Sofi\u0105 Sapieg\u0105. Teraz trzeba zrobi\u0107 wszystko, by zapewni\u0107 powr\u00f3t do sportu m\u0142odej zawodniczce, kt\u00f3ra po prostu skrytykowa\u0142a organizacj\u0119 przygotowa\u0144 do igrzysk olimpijskich ze strony bia\u0142oruskich w\u0142adz sportowych, czyli wypowiedzia\u0142a si\u0119 w sprawie upolitycznianej tylko w ob\u0142\u0105kanych systemach autorytarnych. Takiemu powrotowi nie s\u0142u\u017c\u0105 bu\u0144czuczne konferencje prasowe z udzia\u0142em PiS-owskich ministr\u00f3w, bo mog\u0105 \u015bci\u0105gn\u0105\u0107 represje na rodzin\u0119 Cimanouskiej pozostaj\u0105c\u0105 w Bia\u0142orusi. Tu trzeba ciszy. Bardzo wa\u017cne jest, by humanitarny gest polskich w\u0142adz pozosta\u0142 humanitarny, a nie by\u0142 wykorzystywany do politycznych cel\u00f3w PiS\u2011u.<\/p>\n\n\n\n<hr class=\"wp-block-separator\"\/>\n\n\n\n<p><em>Felieton jest wyrazem opinii autora. Nie prezentuje stanowiska ZR Ma\u0142opolskie<\/em>.<\/p>\n","protected":false},"excerpt":{"rendered":"<p>Bardzo dobrze, \u017ce udzielono pomocy bia\u0142oruskiej sprinterce Kryscinie Cimanouskiej. Przy rz\u0105dzie PiS\u2011u wcale nie by\u0142o to oczywiste. Jeszcze niedawno PiS-owski wicemarsza\u0142ek Sejmu Ryszard Terlecki wysy\u0142a\u0142 Swiat\u0142an\u0119 Cichanousk\u0105, wybran\u0105 na prezydentk\u0119 Bia\u0142orusi, do Moskwy. <\/p>\n","protected":false},"author":34,"featured_media":24583,"comment_status":"closed","ping_status":"open","sticky":false,"template":"","format":"standard","meta":{"_EventAllDay":false,"_EventTimezone":"","_EventStartDate":"","_EventEndDate":"","_EventStartDateUTC":"","_EventEndDateUTC":"","_EventShowMap":false,"_EventShowMapLink":false,"_EventURL":"","_EventCost":"","_EventCostDescription":"","_EventCurrencySymbol":"","_EventCurrencyCode":"","_EventCurrencyPosition":"","_EventDateTimeSeparator":"","_EventTimeRangeSeparator":"","_EventOrganizerID":[],"_EventVenueID":[],"_OrganizerEmail":"","_OrganizerPhone":"","_OrganizerWebsite":"","_VenueAddress":"","_VenueCity":"","_VenueCountry":"","_VenueProvince":"","_VenueState":"","_VenueZip":"","_VenuePhone":"","_VenueURL":"","_VenueStateProvince":"","_VenueLat":"","_VenueLng":"","_VenueShowMap":false,"_VenueShowMapLink":false,"footnotes":""},"categories":[596],"tags":[],"class_list":["post-26455","post","type-post","status-publish","format-standard","has-post-thumbnail","hentry","category-felietony","felietony"],"_links":{"self":[{"href":"https:\/\/kodmalopolska.pl\/index.php?rest_route=\/wp\/v2\/posts\/26455","targetHints":{"allow":["GET"]}}],"collection":[{"href":"https:\/\/kodmalopolska.pl\/index.php?rest_route=\/wp\/v2\/posts"}],"about":[{"href":"https:\/\/kodmalopolska.pl\/index.php?rest_route=\/wp\/v2\/types\/post"}],"author":[{"embeddable":true,"href":"https:\/\/kodmalopolska.pl\/index.php?rest_route=\/wp\/v2\/users\/34"}],"replies":[{"embeddable":true,"href":"https:\/\/kodmalopolska.pl\/index.php?rest_route=%2Fwp%2Fv2%2Fcomments&post=26455"}],"version-history":[{"count":0,"href":"https:\/\/kodmalopolska.pl\/index.php?rest_route=\/wp\/v2\/posts\/26455\/revisions"}],"wp:featuredmedia":[{"embeddable":true,"href":"https:\/\/kodmalopolska.pl\/index.php?rest_route=\/wp\/v2\/media\/24583"}],"wp:attachment":[{"href":"https:\/\/kodmalopolska.pl\/index.php?rest_route=%2Fwp%2Fv2%2Fmedia&parent=26455"}],"wp:term":[{"taxonomy":"category","embeddable":true,"href":"https:\/\/kodmalopolska.pl\/index.php?rest_route=%2Fwp%2Fv2%2Fcategories&post=26455"},{"taxonomy":"post_tag","embeddable":true,"href":"https:\/\/kodmalopolska.pl\/index.php?rest_route=%2Fwp%2Fv2%2Ftags&post=26455"}],"curies":[{"name":"wp","href":"https:\/\/api.w.org\/{rel}","templated":true}]}}