{"id":26400,"date":"2021-07-27T18:44:59","date_gmt":"2021-07-27T16:44:59","guid":{"rendered":"https:\/\/kodmalopolska.pl\/?p=26400"},"modified":"2021-07-27T18:45:00","modified_gmt":"2021-07-27T16:45:00","slug":"kosciol-instytucjonalny-a-demokracja-felieton-polemiczny-pawla-grabskiego-5","status":"publish","type":"post","link":"https:\/\/kodmalopolska.pl\/?p=26400","title":{"rendered":"Ko\u015bci\u00f3\u0142 instytucjonalny a demokracja \u2013 felieton polemiczny Paw\u0142a Grabskiego (5)"},"content":{"rendered":"\n<h4 class=\"wp-block-heading\">Ko\u015bci\u00f3\u0142 rzymskokatolicki funkcjonuje w dw\u00f3ch postaciach. Z jednej strony pi\u0119kne i wznios\u0142e nauki: mi\u0142o\u015b\u0107 bli\u017aniego, solidarno\u015b\u0107 i pomoc s\u0142abszym, wzajemne wspieranie si\u0119 w trudach codziennego \u017cycia. Z drugiej strony Ko\u015bci\u00f3\u0142 jako instytucja: feudalna organizacja, kt\u00f3ra funkcjonuje w jak najbardziej materialnym \u015bwiecie, walczy wszelkimi sposobami o pieni\u0105dze i ma za nic zdanie swoich wyznawc\u00f3w.<\/h4>\n\n\n\n<p>Szanuj\u0119 ludzi wierz\u0105cych, kt\u00f3rzy koncentruj\u0105 si\u0119 na pi\u0119knie chrze\u015bcija\u0144stwa. Zasady Dekalogu (pomi\u0144my, \u017ce modyfikowane przez wieki) nie s\u0105 w \u017caden spos\u00f3b sprzeczne z ideami wolno\u015bci i demokracji, na kt\u00f3rych opiera si\u0119 KOD. Sam b\u0119d\u0105c ateist\u0105, nie widz\u0119 \u017cadnych problem\u00f3w w porozumiewaniu si\u0119 z katolikami w wi\u0119kszo\u015bci spraw, kt\u00f3re stanowi\u0105 obszar zainteresowania naszego stowarzyszenia. Okazuje si\u0119 jednak, \u017ce jest pewna granica wzajemnego zrozumienia: jest ni\u0105 publiczne wskazywanie problemu, jakim jest instytucjonalna strona Ko\u015bcio\u0142a, i proponowanie radykalnych rozwi\u0105za\u0144.<\/p>\n\n\n\n<p>Polityczna rola feudalnej instytucji ko\u015bcielnej nigdy nie b\u0119dzie w zgodzie z ide\u0105 demokracji. Wr\u0119cz przeciwnie: organizacja ta opiera si\u0119 na pos\u0142usze\u0144stwie, podporz\u0105dkowaniu i milczeniu. Zasady te dotycz\u0105 wiernych w r\u00f3\u017cnym stopniu, w zale\u017cno\u015bci od pozycji w hierarchii, ale z pewno\u015bci\u0105 wierni spoza kleru \u2013 najni\u017cszy poziom hierarchii \u2013 nie maj\u0105 \u017cadnego wp\u0142ywu na postaw\u0119 biskup\u00f3w. Mog\u0105 dyskutowa\u0107 z w\u0142asnym proboszczem, gdy jednak oka\u017ce si\u0119 on zbyt uleg\u0142y, zostanie przeniesiony do innej parafii. Wierz\u0119, \u017ce sytuacja ta dla wielu wierz\u0105cych jest mocno niekomfortowa. Zapewne istniej\u0105 r\u00f3\u017cne drogi do poprawy sytuacji. W XVI wieku tak\u0105 pr\u00f3b\u0105 by\u0142a reformacja. Dzi\u015b w Polsce rysuj\u0105 si\u0119 trzy perspektywy.<\/p>\n\n\n\n<p>O naj\u0142agodniejszej z nich wspomnia\u0142 Fryderyk Zoll w swoim felietonie. Kongres Katoliczek i Katolik\u00f3w zapewne zamierza przekona\u0107 episkopat racjami moralnymi i perswazj\u0105. Nie wiem nic o skuteczno\u015bci tego dzia\u0142ania, nic jednak r\u00f3wnie\u017c nie s\u0142ysza\u0142em o osi\u0105gni\u0119ciach. Protesty przed kuri\u0105, listy otwarte \u2013 wszystko to sp\u0142ywa po biskupach jak woda po kaczce. Hierarchia nie widzi powodu ani tym bardziej konieczno\u015bci dyskutowania z wiernymi. Czy mo\u017ce by\u0107 na to lepszy przyk\u0142ad ni\u017c wysiedlenie \u201eTygodnika Powszechnego\u201d?<\/p>\n\n\n\n<p>Je\u017celi has\u0142o apostazji tak silnie oddzia\u0142uje na wierz\u0105cych demokrat\u00f3w, to mo\u017ce jednak zadzia\u0142a i na biskup\u00f3w? Oczywi\u015bcie pojedyncze przypadki b\u0119d\u0105 wy\u015bmiewane. Gdyby jednak nast\u0105pi\u0142a masowa demonstracja sprzeciwu, tego ju\u017c biskupi nie mogliby nie zauwa\u017cy\u0107. A wszak akt apostazji jest wy\u0142\u0105czeniem si\u0119 tylko z Ko\u015bcio\u0142a instytucjonalnego, nie ma \u017cadnego wp\u0142ywu na stosunek odchodz\u0105cego do Boga i jego przykaza\u0144. Czy taka sytuacja nie wzmocni\u0142aby pozycji Kongresu wobec hierarchii? Nie s\u0105dz\u0119, by kto\u015b si\u0119 spodziewa\u0142, \u017ce do takiej akcji do\u0142\u0105cz\u0105 osobi\u015bcie zainteresowani powodzeniem drogi perswazji \u2013 ale czy nie lepiej traktowa\u0107 si\u0119 nawzajem jako sojusznik\u00f3w o wsp\u00f3lnym celu: przemianie nieakceptowalnej obecnie instytucji?<\/p>\n\n\n\n<p>Jest jeszcze trzecia droga \u2013 nazwijmy j\u0105 irlandzk\u0105: nie robi\u0107 nic, pozwoli\u0107 instytucji zniech\u0119ci\u0107 do siebie coraz wi\u0119cej ludzi. Ko\u015bci\u00f3\u0142 straci wtedy i wiernych, i jakikolwiek autorytet moralny, a wiele zaw\u0142aszczonych d\u00f3br zostanie mu znowu odebrane. Nie da si\u0119 ju\u017c wszystkiego zamiata\u0107 pod dywan.<\/p>\n\n\n\n<p>Mo\u017cna zapyta\u0107: dlaczego ja, ateista, zabieram g\u0142os w tej sprawie? Bo zale\u017cy mi \u2013 tak jak i wierz\u0105cym obro\u0144com demokracji \u2013 na rozwi\u0105zywaniu problem\u00f3w naszego kraju. Niestety, jednym z tych problem\u00f3w jest, opr\u00f3cz PiS, anachroniczna feudalna nak\u0142adka na demokratyczne pa\u0144stwo, jak\u0105 jest Ko\u015bci\u00f3\u0142 instytucjonalny. To tak\u017ce Ko\u015bcio\u0142owi zawdzi\u0119czamy przekonanie, \u017ce za zas\u0142on\u0105 \u201e\u015bwi\u0119to\u015bci\u201d da si\u0119 ukry\u0107 ka\u017cdy temat, o kt\u00f3rym ju\u017c nie mo\u017cna dyskutowa\u0107.<\/p>\n\n\n\n<p>Mo\u017cna, i trzeba, dyskutowa\u0107 na ka\u017cdy temat. Z szacunkiem i zrozumieniem dla stanowiska innych. Tu jeste\u015bmy w pe\u0142ni zgodni.<\/p>\n\n\n\n<hr class=\"wp-block-separator\"\/>\n\n\n\n<p><em>Felieton jest wyrazem opinii autora. Nie prezentuje stanowiska ZR Ma\u0142opolskie KOD.<\/em><\/p>\n","protected":false},"excerpt":{"rendered":"<p>Ko\u015bci\u00f3\u0142 rzymskokatolicki funkcjonuje w dw\u00f3ch postaciach. Z jednej strony pi\u0119kne i wznios\u0142e nauki: mi\u0142o\u015b\u0107 bli\u017aniego, solidarno\u015b\u0107 i pomoc s\u0142abszym, wzajemne wspieranie si\u0119 w trudach codziennego \u017cycia. Z drugiej strony Ko\u015bci\u00f3\u0142 jako instytucja: feudalna organizacja, kt\u00f3ra funkcjonuje w jak najbardziej materialnym \u015bwiecie, walczy wszelkimi sposobami o pieni\u0105dze i ma za nic zdanie swoich wyznawc\u00f3w.<\/p>\n","protected":false},"author":34,"featured_media":23094,"comment_status":"closed","ping_status":"open","sticky":false,"template":"","format":"standard","meta":{"_EventAllDay":false,"_EventTimezone":"","_EventStartDate":"","_EventEndDate":"","_EventStartDateUTC":"","_EventEndDateUTC":"","_EventShowMap":false,"_EventShowMapLink":false,"_EventURL":"","_EventCost":"","_EventCostDescription":"","_EventCurrencySymbol":"","_EventCurrencyCode":"","_EventCurrencyPosition":"","_EventDateTimeSeparator":"","_EventTimeRangeSeparator":"","_EventOrganizerID":[],"_EventVenueID":[],"_OrganizerEmail":"","_OrganizerPhone":"","_OrganizerWebsite":"","_VenueAddress":"","_VenueCity":"","_VenueCountry":"","_VenueProvince":"","_VenueState":"","_VenueZip":"","_VenuePhone":"","_VenueURL":"","_VenueStateProvince":"","_VenueLat":"","_VenueLng":"","_VenueShowMap":false,"_VenueShowMapLink":false,"footnotes":""},"categories":[596],"tags":[],"class_list":["post-26400","post","type-post","status-publish","format-standard","has-post-thumbnail","hentry","category-felietony","felietony"],"_links":{"self":[{"href":"https:\/\/kodmalopolska.pl\/index.php?rest_route=\/wp\/v2\/posts\/26400","targetHints":{"allow":["GET"]}}],"collection":[{"href":"https:\/\/kodmalopolska.pl\/index.php?rest_route=\/wp\/v2\/posts"}],"about":[{"href":"https:\/\/kodmalopolska.pl\/index.php?rest_route=\/wp\/v2\/types\/post"}],"author":[{"embeddable":true,"href":"https:\/\/kodmalopolska.pl\/index.php?rest_route=\/wp\/v2\/users\/34"}],"replies":[{"embeddable":true,"href":"https:\/\/kodmalopolska.pl\/index.php?rest_route=%2Fwp%2Fv2%2Fcomments&post=26400"}],"version-history":[{"count":0,"href":"https:\/\/kodmalopolska.pl\/index.php?rest_route=\/wp\/v2\/posts\/26400\/revisions"}],"wp:featuredmedia":[{"embeddable":true,"href":"https:\/\/kodmalopolska.pl\/index.php?rest_route=\/wp\/v2\/media\/23094"}],"wp:attachment":[{"href":"https:\/\/kodmalopolska.pl\/index.php?rest_route=%2Fwp%2Fv2%2Fmedia&parent=26400"}],"wp:term":[{"taxonomy":"category","embeddable":true,"href":"https:\/\/kodmalopolska.pl\/index.php?rest_route=%2Fwp%2Fv2%2Fcategories&post=26400"},{"taxonomy":"post_tag","embeddable":true,"href":"https:\/\/kodmalopolska.pl\/index.php?rest_route=%2Fwp%2Fv2%2Ftags&post=26400"}],"curies":[{"name":"wp","href":"https:\/\/api.w.org\/{rel}","templated":true}]}}