{"id":26289,"date":"2021-07-18T20:31:03","date_gmt":"2021-07-18T18:31:03","guid":{"rendered":"https:\/\/kodmalopolska.pl\/?p=26289"},"modified":"2021-07-18T20:31:06","modified_gmt":"2021-07-18T18:31:06","slug":"niby-konserwatyzm-felieton-fryderyka-zolla-317","status":"publish","type":"post","link":"https:\/\/kodmalopolska.pl\/?p=26289","title":{"rendered":"Niby-konserwatyzm. Felieton Fryderyka Zolla (317)"},"content":{"rendered":"\n<h4 class=\"wp-block-heading\">W \u201eNewsweeku\u201d datowanym na 5\u201311 lipca ukaza\u0142 si\u0119 bardzo interesuj\u0105cy wywiad Tomasza Lisa z Niallem Fergusonem na temat globalnych zagro\u017ce\u0144. Oksfordzko-harvardzki profesor odnosi si\u0119 na marginesie do rzekomego braku miejsca dla konserwatyst\u00f3w w Unii Europejskiej. Jego zdaniem w Unii powinna si\u0119 znale\u017a\u0107 przestrze\u0144 dla legalnych projekt\u00f3w konserwatywnych, na przyk\u0142ad dla planu Jaros\u0142awa Kaczy\u0144skiego, a nazywanie zamierze\u0144 Kaczy\u0144skiego czy Orbana faszystowskimi przek\u0142amuje rzeczywisto\u015b\u0107.<\/h4>\n\n\n\n<p>Pogl\u0105d ten wynika z ca\u0142kowitego niezrozumienia, czym jest PiS. Okre\u015blanie bezideowych re\u017cym\u00f3w jako konserwatywnych ma fatalne skutki dla obrazu sceny politycznej, poniewa\u017c prowadzi do uto\u017csamiania konserwatyzmu z dewastowaniem pa\u0144stwa prawa. Przez to wielu obywateli o zapatrywaniach konserwatywnych porzuca ob\u00f3z demokracji. Nale\u017ca\u0142oby raczej zabiega\u0107 o to, by pa\u0144stwo prawa popierali wszyscy, od konserwatyst\u00f3w do lewicy. W przeciwnym razie przysz\u0142o\u015b\u0107 demokracji b\u0119dzie powa\u017cnie zagro\u017cona.<\/p>\n\n\n\n<p>Dla PiS\u2011u nie ma znaczenia, czy kto\u015b jest konserwatyst\u0105 czy lewicowcem. Kaczy\u0144ski bez trudu znalaz\u0142by wsp\u00f3lny j\u0119zyk z tymi przedstawicielami lewicy, dla kt\u00f3rych pa\u0144stwo prawa nie jest priorytetem. Trybuna\u0142 Konstytucyjny pod rz\u0105dami prof. Rzepli\u0144skiego by\u0142 bardzo konserwatywny. Profesor jako urz\u0119duj\u0105cy prezes TK otrzyma\u0142 watyka\u0144skie odznaczenie Pro Ecclesia et Pontifice \u2013 bynajmniej nie za nadmierny progresywizm. T\u0119pionego przez PiS prof. W\u0142odzimierza Wr\u00f3bla, s\u0119dziego S\u0105du Najwy\u017cszego, te\u017c trudno by\u0142oby nazwa\u0107 progresist\u0105. T\u0119 list\u0119 mo\u017cna by ci\u0105gn\u0105\u0107. PiS popiera projekty o charakterze konserwatywnym tylko wtedy, gdy daj\u0105 mu szans\u0119 na umocnienie w\u0142adzy lub na sp\u0142at\u0119 trybutu Ko\u015bcio\u0142owi (te\u017c w celu umocnienia w\u0142adzy). Dla tego ugrupowania liczy si\u0119 g\u0142\u00f3wnie scentralizowana w\u0142adza bez ogranicze\u0144, a jej utrzymanie jest tam jedyn\u0105 warto\u015bci\u0105.<\/p>\n\n\n\n<p>Demonta\u017c pa\u0144stwa nie daje si\u0119 pogodzi\u0107 z konserwatyzmem; raczej jest dla konserwatyzmu \u015bmiertelnym zagro\u017ceniem. Istot\u0119 narodowej i socjalistycznej w\u0142adzy znacznie lepiej oddaje termin \u201efaszyzm\u201d.<\/p>\n\n\n\n<p>W jednym tylko mo\u017cna si\u0119 zgodzi\u0107 z profesorem Fergusonem: wp\u0142yw pandemii na dzisiejszy \u015bwiat jest z\u0142o\u017cony. Przez pandemi\u0119 przegra\u0142 Trump, pandemia op\u00f3\u017ani\u0142a te\u017c proces niszczenia s\u0105downictwa w Polsce. By\u0107 mo\u017ce to, \u017ce PiS musia\u0142 si\u0119 zaj\u0105\u0107 covidem, uratuje w Polsce demokracj\u0119. Do tego trzeba jednak tak\u017ce demokratycznych, broni\u0105cych pa\u0144stwa prawa konserwatyst\u00f3w.<\/p>\n\n\n\n<hr class=\"wp-block-separator\"\/>\n\n\n\n<p><em>Felieton jest wyrazem opinii autora. Nie prezentuje stanowiska ZR Ma\u0142opolskie<\/em><\/p>\n","protected":false},"excerpt":{"rendered":"<p>W \u201eNewsweeku\u201d datowanym na 5\u201311 lipca ukaza\u0142 si\u0119 bardzo interesuj\u0105cy wywiad Tomasza Lisa z Niallem Fergusonem na temat globalnych zagro\u017ce\u0144. Oksfordzko-harvardzki profesor odnosi si\u0119 na marginesie do rzekomego braku miejsca dla konserwatyst\u00f3w w Unii Europejskiej. Jego zdaniem w Unii powinna si\u0119 znale\u017a\u0107 przestrze\u0144 dla legalnych projekt\u00f3w konserwatywnych, na przyk\u0142ad dla planu Jaros\u0142awa Kaczy\u0144skiego, a nazywanie zamierze\u0144 Kaczy\u0144skiego czy Orbana faszystowskimi przek\u0142amuje rzeczywisto\u015b\u0107.<\/p>\n","protected":false},"author":34,"featured_media":24583,"comment_status":"closed","ping_status":"open","sticky":false,"template":"","format":"standard","meta":{"_EventAllDay":false,"_EventTimezone":"","_EventStartDate":"","_EventEndDate":"","_EventStartDateUTC":"","_EventEndDateUTC":"","_EventShowMap":false,"_EventShowMapLink":false,"_EventURL":"","_EventCost":"","_EventCostDescription":"","_EventCurrencySymbol":"","_EventCurrencyCode":"","_EventCurrencyPosition":"","_EventDateTimeSeparator":"","_EventTimeRangeSeparator":"","_EventOrganizerID":[],"_EventVenueID":[],"_OrganizerEmail":"","_OrganizerPhone":"","_OrganizerWebsite":"","_VenueAddress":"","_VenueCity":"","_VenueCountry":"","_VenueProvince":"","_VenueState":"","_VenueZip":"","_VenuePhone":"","_VenueURL":"","_VenueStateProvince":"","_VenueLat":"","_VenueLng":"","_VenueShowMap":false,"_VenueShowMapLink":false,"footnotes":""},"categories":[596],"tags":[],"class_list":["post-26289","post","type-post","status-publish","format-standard","has-post-thumbnail","hentry","category-felietony","felietony"],"_links":{"self":[{"href":"https:\/\/kodmalopolska.pl\/index.php?rest_route=\/wp\/v2\/posts\/26289","targetHints":{"allow":["GET"]}}],"collection":[{"href":"https:\/\/kodmalopolska.pl\/index.php?rest_route=\/wp\/v2\/posts"}],"about":[{"href":"https:\/\/kodmalopolska.pl\/index.php?rest_route=\/wp\/v2\/types\/post"}],"author":[{"embeddable":true,"href":"https:\/\/kodmalopolska.pl\/index.php?rest_route=\/wp\/v2\/users\/34"}],"replies":[{"embeddable":true,"href":"https:\/\/kodmalopolska.pl\/index.php?rest_route=%2Fwp%2Fv2%2Fcomments&post=26289"}],"version-history":[{"count":0,"href":"https:\/\/kodmalopolska.pl\/index.php?rest_route=\/wp\/v2\/posts\/26289\/revisions"}],"wp:featuredmedia":[{"embeddable":true,"href":"https:\/\/kodmalopolska.pl\/index.php?rest_route=\/wp\/v2\/media\/24583"}],"wp:attachment":[{"href":"https:\/\/kodmalopolska.pl\/index.php?rest_route=%2Fwp%2Fv2%2Fmedia&parent=26289"}],"wp:term":[{"taxonomy":"category","embeddable":true,"href":"https:\/\/kodmalopolska.pl\/index.php?rest_route=%2Fwp%2Fv2%2Fcategories&post=26289"},{"taxonomy":"post_tag","embeddable":true,"href":"https:\/\/kodmalopolska.pl\/index.php?rest_route=%2Fwp%2Fv2%2Ftags&post=26289"}],"curies":[{"name":"wp","href":"https:\/\/api.w.org\/{rel}","templated":true}]}}