{"id":26259,"date":"2021-07-16T18:30:14","date_gmt":"2021-07-16T16:30:14","guid":{"rendered":"https:\/\/kodmalopolska.pl\/?p=26259"},"modified":"2021-07-17T18:25:40","modified_gmt":"2021-07-17T16:25:40","slug":"czarnek-rydzyk-a-boniecki-felieton-dariusza-szostka-19","status":"publish","type":"post","link":"https:\/\/kodmalopolska.pl\/?p=26259","title":{"rendered":"Czarnek, Rydzyk a Boniecki. Felieton Dariusza Szostka (19)"},"content":{"rendered":"\n<h4 class=\"wp-block-heading\">Ks. Boniecki to nie jest Ko\u015bci\u00f3\u0142 katolicki czy chrze\u015bcija\u0144ski, ale jaki\u015b zb\u00f3r neoprotestancki, bo nic wsp\u00f3lnego z\u00a0Dekalogiem nie ma.<\/h4>\n\n\n\n<p>Przez ostatnie sze\u015b\u0107 lat przyzwyczai\u0142em si\u0119 do tego, \u017ce nie powinienem si\u0119 ju\u017c niczemu dziwi\u0107. Z\u00a0regu\u0142y mi si\u0119 to udaje \u2013 ale nie dzisiaj. Nie mia\u0142em poj\u0119cia, \u017ce ks. Boniecki oraz jego s\u0142uchane przeze mnie i\u00a0czytywane s\u0142owa to neoprotestantyzm. Na szcz\u0119\u015bcie minister, prof. Czarnek, mnie o\u015bwieci\u0142. Po tylu latach wreszcie wiem, dlaczego tak dobrze mi si\u0119 dyskutuje z\u00a0protestantami, a\u00a0coraz gorzej z\u00a0katolikami. Schizma polska og\u0142oszona. \u201eTygodnik Powszechny\u201d nie jest katolicki, Boniecki nie jest katolikiem, wielu moich znajomych w\u00a0zwi\u0105zku z\u00a0tym te\u017c nie wyznaje katolicyzmu. I\u00a0wszystko jasne. W\u00a0spisie powszechnym chyba wpisz\u0119 inne wyznanie ni\u017c katolickie (a\u00a0mo\u017ce nawet inne ni\u017c chrze\u015bcija\u0144skie, skoro wed\u0142ug ministra protestanci nie s\u0105 chrze\u015bcijanami), bo szacunku do ks. Bonieckiego si\u0119 nie wyrzekn\u0119.<\/p>\n\n\n\n<hr class=\"wp-block-separator\"\/>\n\n\n\n<p><em>Felieton jest wyrazem opinii autora. Nie prezentuje stanowiska ZR Ma\u0142opolskie KOD.<\/em><\/p>\n","protected":false},"excerpt":{"rendered":"<p>Ks. Boniecki to nie jest Ko\u015bci\u00f3\u0142 katolicki czy chrze\u015bcija\u0144ski, ale jaki\u015b zb\u00f3r neoprotestancki, bo nic wsp\u00f3lnego z Dekalogiem nie ma.<\/p>\n","protected":false},"author":34,"featured_media":19897,"comment_status":"closed","ping_status":"open","sticky":false,"template":"","format":"standard","meta":{"_EventAllDay":false,"_EventTimezone":"","_EventStartDate":"","_EventEndDate":"","_EventStartDateUTC":"","_EventEndDateUTC":"","_EventShowMap":false,"_EventShowMapLink":false,"_EventURL":"","_EventCost":"","_EventCostDescription":"","_EventCurrencySymbol":"","_EventCurrencyCode":"","_EventCurrencyPosition":"","_EventDateTimeSeparator":"","_EventTimeRangeSeparator":"","_EventOrganizerID":[],"_EventVenueID":[],"_OrganizerEmail":"","_OrganizerPhone":"","_OrganizerWebsite":"","_VenueAddress":"","_VenueCity":"","_VenueCountry":"","_VenueProvince":"","_VenueState":"","_VenueZip":"","_VenuePhone":"","_VenueURL":"","_VenueStateProvince":"","_VenueLat":"","_VenueLng":"","_VenueShowMap":false,"_VenueShowMapLink":false,"footnotes":""},"categories":[596],"tags":[],"class_list":["post-26259","post","type-post","status-publish","format-standard","has-post-thumbnail","hentry","category-felietony","felietony"],"_links":{"self":[{"href":"https:\/\/kodmalopolska.pl\/index.php?rest_route=\/wp\/v2\/posts\/26259","targetHints":{"allow":["GET"]}}],"collection":[{"href":"https:\/\/kodmalopolska.pl\/index.php?rest_route=\/wp\/v2\/posts"}],"about":[{"href":"https:\/\/kodmalopolska.pl\/index.php?rest_route=\/wp\/v2\/types\/post"}],"author":[{"embeddable":true,"href":"https:\/\/kodmalopolska.pl\/index.php?rest_route=\/wp\/v2\/users\/34"}],"replies":[{"embeddable":true,"href":"https:\/\/kodmalopolska.pl\/index.php?rest_route=%2Fwp%2Fv2%2Fcomments&post=26259"}],"version-history":[{"count":0,"href":"https:\/\/kodmalopolska.pl\/index.php?rest_route=\/wp\/v2\/posts\/26259\/revisions"}],"wp:featuredmedia":[{"embeddable":true,"href":"https:\/\/kodmalopolska.pl\/index.php?rest_route=\/wp\/v2\/media\/19897"}],"wp:attachment":[{"href":"https:\/\/kodmalopolska.pl\/index.php?rest_route=%2Fwp%2Fv2%2Fmedia&parent=26259"}],"wp:term":[{"taxonomy":"category","embeddable":true,"href":"https:\/\/kodmalopolska.pl\/index.php?rest_route=%2Fwp%2Fv2%2Fcategories&post=26259"},{"taxonomy":"post_tag","embeddable":true,"href":"https:\/\/kodmalopolska.pl\/index.php?rest_route=%2Fwp%2Fv2%2Ftags&post=26259"}],"curies":[{"name":"wp","href":"https:\/\/api.w.org\/{rel}","templated":true}]}}