{"id":26189,"date":"2021-07-13T19:12:37","date_gmt":"2021-07-13T17:12:37","guid":{"rendered":"https:\/\/kodmalopolska.pl\/?p=26189"},"modified":"2021-07-13T20:44:24","modified_gmt":"2021-07-13T18:44:24","slug":"wnetrze-i-zewnetrze-felieton-fryderyka-zolla-315","status":"publish","type":"post","link":"https:\/\/kodmalopolska.pl\/?p=26189","title":{"rendered":"Wn\u0119trze i zewn\u0119trze. Felieton Fryderyka Zolla (315)"},"content":{"rendered":"\n<h4 class=\"wp-block-heading\">Ilo\u015b\u0107 nonsens\u00f3w, kt\u00f3re produkuje ostatnio w\u0142adza, powoduje ca\u0142kowit\u0105 apati\u0119 i&nbsp;zniech\u0119cenie. Obserwuj\u0105c polsk\u0105 polityk\u0119, cz\u0142owiek zaczyna traci\u0107 mo\u017cliwo\u015b\u0107 oddzielenia rzeczywisto\u015bci od fikcji.<\/h4>\n\n\n\n<p>Ka\u017cdego dnia docieraj\u0105 informacje, kt\u00f3re s\u0105 tak nieracjonalne, \u017ce ka\u017c\u0105 pow\u0105tpiewa\u0107 we w\u0142asn\u0105 zdolno\u015b\u0107 do postrzegania \u015bwiata. Oczywi\u015bcie na pewnym poziomie absurdu mo\u017cna dostrzec miejsca racjonalne pisowskiej polityki. K\u0142amstwo sta\u0142o si\u0119 dla w\u0142adzy zasadniczym narz\u0119dziem dla utrzymania ich chwiej\u0105cej si\u0119 pozycji. Problem w&nbsp;tym, \u017ce mi\u0119dzy obrazem serwowanym w&nbsp;TVP a&nbsp;rzeczywisto\u015bci\u0105 zaczyna rosn\u0105\u0107 przepa\u015b\u0107. Poszukuj\u0105cy wyja\u015bnienia telewidzowie w\u0142\u0105czaj\u0105 TVN i&nbsp;nagle rzeczywisto\u015b\u0107 zaczyna pokrywa\u0107 si\u0119 z&nbsp;przekazem. A&nbsp;w\u0142adza nie mo\u017ce utraci\u0107 takiego narz\u0119dzia propagandy jak TVP. Z&nbsp;rzeczywisto\u015bci\u0105 nic nie mo\u017ce zrobi\u0107: musi wi\u0119c uderzy\u0107 w&nbsp;TVN.<\/p>\n\n\n\n<p>Podobne motywacje le\u017c\u0105 u&nbsp;podstaw zwlekania z&nbsp;akceptacj\u0105 Marka Brzezi\u0144skiego jako ambasadora USA w&nbsp;Polsce. Polityka PiS opiera si\u0119 o&nbsp;sprzedawanie na zewn\u0105trz innej opowie\u015bci ni\u017c do wewn\u0105trz. PiS do cel\u00f3w wewn\u0119trznych potrzebuje narracji anty-LGBT, antysemickiej i&nbsp;<em>anty<\/em> w&nbsp;og\u00f3le. Ale na zewn\u0105trz koszty tego <em>anty<\/em> s\u0105 zbyt wysokie. Dlatego ambasador rozumiej\u0105cy Polsk\u0119 do g\u0142\u0119bi jest zagro\u017ceniem dla takiej polityki.<\/p>\n\n\n\n<p>Minister Kurtyka pisze do UE list, z\u00a0kt\u00f3rego wynika, \u017ce wycinanie las\u00f3w \u2013 zw\u0142aszcza starodrzewia \u2013 s\u0142u\u017cy \u015brodowisku. Przed Trybuna\u0142em Przy\u0142\u0119bskim procedowany jest wniosek premiera o\u00a0polexit. Te\u017c zreszt\u0105 na potrzeby wewn\u0119trzne. Tylko nie da si\u0119 na d\u0142ugo rozdzieli\u0107 wn\u0119trza od zewn\u0119trza. Powoli rz\u0105d nie wie, gdzie jest fikcja, kt\u00f3r\u0105 wykreowa\u0142 \u2013 gdzie jest prawda, a\u00a0gdzie fikcja zaczyna kreowa\u0107 rzeczywisto\u015b\u0107. Aby nowe pokolenie te\u017c nie mog\u0142o tego rozr\u00f3\u017cni\u0107, od \u015bwitu do nocy pracuje minister Czarnek. Co ci ludzie zrobili z\u00a0Polsk\u0105, jest niewiarygodne. Pogubi\u0142a si\u0119 nawet nies\u0119dzia Manowska, szukaj\u0105ca prawa do s\u0105du w\u00a0Strasburgu. Inflacja przerobi zaraz 500 plus w\u00a020 minus.<\/p>\n\n\n\n<p>Czy kto\u015b si\u0119 w\u00a0ko\u0144cu ogarnie i\u00a0zmieni ten rz\u0105d? Zaraz naprawd\u0119 nie b\u0119dzie czego zbiera\u0107.<\/p>\n\n\n\n<hr class=\"wp-block-separator\"\/>\n\n\n\n<p><em>Felieton jest wyrazem opinii autora. Nie prezentuje stanowiska ZR Ma\u0142opolskie<\/em><\/p>\n","protected":false},"excerpt":{"rendered":"<p>Ilo\u015b\u0107 nonsens\u00f3w, kt\u00f3re produkuje ostatnio w\u0142adza, powoduje ca\u0142kowit\u0105 apati\u0119 i&nbsp;zniech\u0119cenie. Obserwuj\u0105c polsk\u0105 polityk\u0119, cz\u0142owiek zaczyna traci\u0107 mo\u017cliwo\u015b\u0107 oddzielenia rzeczywisto\u015bci od [&#8230;]<\/p>\n","protected":false},"author":2,"featured_media":24583,"comment_status":"closed","ping_status":"open","sticky":false,"template":"","format":"standard","meta":{"_EventAllDay":false,"_EventTimezone":"","_EventStartDate":"","_EventEndDate":"","_EventStartDateUTC":"","_EventEndDateUTC":"","_EventShowMap":false,"_EventShowMapLink":false,"_EventURL":"","_EventCost":"","_EventCostDescription":"","_EventCurrencySymbol":"","_EventCurrencyCode":"","_EventCurrencyPosition":"","_EventDateTimeSeparator":"","_EventTimeRangeSeparator":"","_EventOrganizerID":[],"_EventVenueID":[],"_OrganizerEmail":"","_OrganizerPhone":"","_OrganizerWebsite":"","_VenueAddress":"","_VenueCity":"","_VenueCountry":"","_VenueProvince":"","_VenueState":"","_VenueZip":"","_VenuePhone":"","_VenueURL":"","_VenueStateProvince":"","_VenueLat":"","_VenueLng":"","_VenueShowMap":false,"_VenueShowMapLink":false,"footnotes":""},"categories":[596],"tags":[],"class_list":["post-26189","post","type-post","status-publish","format-standard","has-post-thumbnail","hentry","category-felietony","felietony"],"_links":{"self":[{"href":"https:\/\/kodmalopolska.pl\/index.php?rest_route=\/wp\/v2\/posts\/26189","targetHints":{"allow":["GET"]}}],"collection":[{"href":"https:\/\/kodmalopolska.pl\/index.php?rest_route=\/wp\/v2\/posts"}],"about":[{"href":"https:\/\/kodmalopolska.pl\/index.php?rest_route=\/wp\/v2\/types\/post"}],"author":[{"embeddable":true,"href":"https:\/\/kodmalopolska.pl\/index.php?rest_route=\/wp\/v2\/users\/2"}],"replies":[{"embeddable":true,"href":"https:\/\/kodmalopolska.pl\/index.php?rest_route=%2Fwp%2Fv2%2Fcomments&post=26189"}],"version-history":[{"count":0,"href":"https:\/\/kodmalopolska.pl\/index.php?rest_route=\/wp\/v2\/posts\/26189\/revisions"}],"wp:featuredmedia":[{"embeddable":true,"href":"https:\/\/kodmalopolska.pl\/index.php?rest_route=\/wp\/v2\/media\/24583"}],"wp:attachment":[{"href":"https:\/\/kodmalopolska.pl\/index.php?rest_route=%2Fwp%2Fv2%2Fmedia&parent=26189"}],"wp:term":[{"taxonomy":"category","embeddable":true,"href":"https:\/\/kodmalopolska.pl\/index.php?rest_route=%2Fwp%2Fv2%2Fcategories&post=26189"},{"taxonomy":"post_tag","embeddable":true,"href":"https:\/\/kodmalopolska.pl\/index.php?rest_route=%2Fwp%2Fv2%2Ftags&post=26189"}],"curies":[{"name":"wp","href":"https:\/\/api.w.org\/{rel}","templated":true}]}}