{"id":26153,"date":"2021-07-09T18:17:05","date_gmt":"2021-07-09T16:17:05","guid":{"rendered":"https:\/\/kodmalopolska.pl\/?p=26153"},"modified":"2021-07-09T18:17:08","modified_gmt":"2021-07-09T16:17:08","slug":"gowin-i-czarnek-felieton-fryderyka-zolla-314","status":"publish","type":"post","link":"https:\/\/kodmalopolska.pl\/?p=26153","title":{"rendered":"Gowin i Czarnek. Felieton Fryderyka Zolla (314)"},"content":{"rendered":"\n<h4 class=\"wp-block-heading\">Porozumienie (Gowina Gowina, w odr\u00f3\u017cnieniu od Porozumienia Gowina, kt\u00f3re jest przeciwko Gowinowi \u2013 cho\u0107 mo\u017ce ju\u017c zmieni\u0142o nazw\u0119) zadeklarowa\u0142o, \u017ce nie poprze wniosku o odwo\u0142anie ministra Czarnka. S\u0142usznie. Dzi\u0119ki temu nie mo\u017cna ju\u017c w\u0105tpi\u0107, \u017ce Czarnek nie jest wypaczeniem, ale logicznym nast\u0119pstwem Gowinowej Konstytucji dla nauki 2.0, czyli programowego zast\u0105pienia idei uniwersytetu jako republiki uczonych i student\u00f3w struktur\u0105 autorytarn\u0105.<\/h4>\n\n\n\n<p>Dot\u0105d mo\u017cna by\u0142o jeszcze \u017cywi\u0107 nadziej\u0119, \u017ce za swoich ministerialnych czas\u00f3w Gowin pragn\u0105\u0142 z\u0142o\u017cy\u0107 ide\u0119 uniwersytetu na o\u0142tarzu jako\u015b tam rozumianej pseudobiznesowej efektywno\u015bci. Przy takim spojrzeniu Czarnek jawi\u0142 si\u0119 jako kto\u015b, kto przejmuje stworzone w innym celu (cho\u0107 fatalne) struktury, aby je wykorzysta\u0107 do ostatecznej zag\u0142ady wolnej polskiej nauki i zast\u0105pienia jej zideologizowan\u0105 szko\u0142\u0105 dostarczaj\u0105c\u0105 uzasadniaczy k\u0142amstw PiS\u2011u. Je\u015bli Gowin, przeprowadzaj\u0105c swoj\u0105 reform\u0119, rzeczywi\u015bcie mia\u0142 propa\u0144stwowe intencje, powinien zrobi\u0107 wszystko, by zatrzyma\u0107 szykowan\u0105 przez Czarnka dewastacj\u0119. Zapowied\u017a g\u0142osowania za obecnym ministrem ka\u017ce jednak patrze\u0107 na wszystko inaczej. Plany obecnego ministra nie s\u0105 deformacj\u0105 projektu Gowina, ale jego zamierzon\u0105 od pocz\u0105tku konsekwencj\u0105. Z\u0142amanie republiki profesor\u00f3w i student\u00f3w mia\u0142o s\u0142u\u017cy\u0107 otwarciu drogi do ideologizacji uniwersytetu i do zdemolowania wolnej nauki. I tej konsekwencji teraz do\u015bwiadczamy.<\/p>\n\n\n\n<hr class=\"wp-block-separator\"\/>\n\n\n\n<p><em>Felieton jest wyrazem opinii autora. Nie prezentuje stanowiska ZR Ma\u0142opolskie<\/em><\/p>\n","protected":false},"excerpt":{"rendered":"<p>Porozumienie (Gowina Gowina, w odr\u00f3\u017cnieniu od Porozumienia Gowina, kt\u00f3re jest przeciwko Gowinowi \u2013 cho\u0107 mo\u017ce ju\u017c zmieni\u0142o nazw\u0119) zadeklarowa\u0142o, \u017ce nie poprze wniosku o odwo\u0142anie ministra Czarnka. S\u0142usznie. Dzi\u0119ki temu nie mo\u017cna ju\u017c w\u0105tpi\u0107, \u017ce Czarnek nie jest wypaczeniem, ale logicznym nast\u0119pstwem Gowinowej Konstytucji dla nauki 2.0, czyli programowego zast\u0105pienia idei uniwersytetu jako republiki uczonych i student\u00f3w struktur\u0105 autorytarn\u0105.<\/p>\n","protected":false},"author":34,"featured_media":24583,"comment_status":"closed","ping_status":"open","sticky":false,"template":"","format":"standard","meta":{"_EventAllDay":false,"_EventTimezone":"","_EventStartDate":"","_EventEndDate":"","_EventStartDateUTC":"","_EventEndDateUTC":"","_EventShowMap":false,"_EventShowMapLink":false,"_EventURL":"","_EventCost":"","_EventCostDescription":"","_EventCurrencySymbol":"","_EventCurrencyCode":"","_EventCurrencyPosition":"","_EventDateTimeSeparator":"","_EventTimeRangeSeparator":"","_EventOrganizerID":[],"_EventVenueID":[],"_OrganizerEmail":"","_OrganizerPhone":"","_OrganizerWebsite":"","_VenueAddress":"","_VenueCity":"","_VenueCountry":"","_VenueProvince":"","_VenueState":"","_VenueZip":"","_VenuePhone":"","_VenueURL":"","_VenueStateProvince":"","_VenueLat":"","_VenueLng":"","_VenueShowMap":false,"_VenueShowMapLink":false,"footnotes":""},"categories":[596],"tags":[],"class_list":["post-26153","post","type-post","status-publish","format-standard","has-post-thumbnail","hentry","category-felietony","felietony"],"_links":{"self":[{"href":"https:\/\/kodmalopolska.pl\/index.php?rest_route=\/wp\/v2\/posts\/26153","targetHints":{"allow":["GET"]}}],"collection":[{"href":"https:\/\/kodmalopolska.pl\/index.php?rest_route=\/wp\/v2\/posts"}],"about":[{"href":"https:\/\/kodmalopolska.pl\/index.php?rest_route=\/wp\/v2\/types\/post"}],"author":[{"embeddable":true,"href":"https:\/\/kodmalopolska.pl\/index.php?rest_route=\/wp\/v2\/users\/34"}],"replies":[{"embeddable":true,"href":"https:\/\/kodmalopolska.pl\/index.php?rest_route=%2Fwp%2Fv2%2Fcomments&post=26153"}],"version-history":[{"count":0,"href":"https:\/\/kodmalopolska.pl\/index.php?rest_route=\/wp\/v2\/posts\/26153\/revisions"}],"wp:featuredmedia":[{"embeddable":true,"href":"https:\/\/kodmalopolska.pl\/index.php?rest_route=\/wp\/v2\/media\/24583"}],"wp:attachment":[{"href":"https:\/\/kodmalopolska.pl\/index.php?rest_route=%2Fwp%2Fv2%2Fmedia&parent=26153"}],"wp:term":[{"taxonomy":"category","embeddable":true,"href":"https:\/\/kodmalopolska.pl\/index.php?rest_route=%2Fwp%2Fv2%2Fcategories&post=26153"},{"taxonomy":"post_tag","embeddable":true,"href":"https:\/\/kodmalopolska.pl\/index.php?rest_route=%2Fwp%2Fv2%2Ftags&post=26153"}],"curies":[{"name":"wp","href":"https:\/\/api.w.org\/{rel}","templated":true}]}}