{"id":26034,"date":"2021-07-01T21:58:51","date_gmt":"2021-07-01T19:58:51","guid":{"rendered":"https:\/\/kodmalopolska.pl\/?p=26034"},"modified":"2021-07-01T22:10:03","modified_gmt":"2021-07-01T20:10:03","slug":"tuskowski-felieton-marcina-nowaka-39","status":"publish","type":"post","link":"https:\/\/kodmalopolska.pl\/?p=26034","title":{"rendered":"Tuskowski. Felieton Marcina Nowaka (39)"},"content":{"rendered":"\n<h4 class=\"wp-block-heading\">Tusk czy Trzaskowski? My\u015bl\u0119, \u017ce ka\u017cde z pokazanych rozwi\u0105za\u0144 ma swoje mocne i s\u0142abe strony, pozytywne i negatywne skutki, niemniej ka\u017cde z nich b\u0119dzie dobre, a rzeczywisto\u015b\u0107 u\u0142o\u017cy si\u0119 pomy\u015blnie \u2013 o ile wszyscy szczerze je zaakceptuj\u0105 i stan\u0105 murem za wybran\u0105 osob\u0105.<\/h4>\n\n\n\n<p>Wszyscy spekuluj\u0105, wi\u0119c i ja postanowi\u0142em dorzuci\u0107 moje 5 groszy. B\u0119dzie to 5 groszy ze wszech miar wielokrotnie ju\u017c obracane w \u015bwiecie politycznych komentarzy, wi\u0119c zapewne Ameryki nie odkryj\u0119 i nie \u015bci\u0105gn\u0119 na siebie uwagi wielkich wydawc\u00f3w medialnego \u015bwiata. Niemniej nie o to tu chodzi. Wa\u017cne, \u017ce puszcz\u0119 w obieg moje 4 grosze, a one z czasem przynios\u0105 zyski na r\u00f3\u017cnych poziomach. Ostatni grosik zachowam dla siebie, bo jak to m\u00f3wi\u0105, on jest pocz\u0105tkiem fortuny.<\/p>\n\n\n\n<p>Stoj\u0105 przed nami dwa rozwi\u0105zania: Tusk i Trzaskowski. Wszechobecne komentarze ukazuj\u0105, \u017ce szanse mia\u0142by Tuskowski, czyli pewnego rodzaju hybryda. Troch\u0119 jak ten hybrydowy samoch\u00f3d, co\u015b pomi\u0119dzy starym a nowym porz\u0105dkiem. Tusk wydaje si\u0119 by\u0107 ikon\u0105 z\u0142otej, mijaj\u0105cej ju\u017c epoki, kt\u00f3ra w latach swojej \u015bwietno\u015bci pozwoli\u0142a realizowa\u0107 Polkom i Polakom swoje marzenia i pasje, a tym samym projekt demokratycznej Polski. On jak w soczewce skupia osi\u0105gni\u0119te sukcesy i niespe\u0142nione marzenia. To w\u0142a\u015bnie one nap\u0119dzaj\u0105 zwolennik\u00f3w jego powrotu zar\u00f3wno z prawej, jak i z lewej strony. Z tym \u017ce zwolennicy opozycji widz\u0105 w nim superbohatera, kt\u00f3ry wybawi Polsk\u0119 z obecnych autokratycznych tarapat\u00f3w, jednocz\u0105c przy okazji Platform\u0119 Obywatelsk\u0105. Zwolennicy rz\u0105du popieraj\u0105cy powr\u00f3t Tuska do polskiej polityki licz\u0105 natomiast na odgrzanie starej, dosy\u0107 dobrze ugruntowanej w obozie rz\u0105dz\u0105cym narracji, kt\u00f3ra skupia si\u0119 w s\u0142ynnym: &#8222;a przez 8 lat rz\u0105d\u00f3w platformy\u2026&#8221;<\/p>\n\n\n\n<p>Trzaskowski natomiast jest zapowiedzi\u0105 nowego porz\u0105dku. Odwo\u0142uj\u0105c si\u0119 do hybrydowego por\u00f3wnania, to jest ta ekologiczna, nowoczesna cz\u0119\u015b\u0107 nap\u0119du. Trzaskowski jest nadziej\u0105 nowego pokolenia, kt\u00f3re chce i pragnie nie tyle zwyci\u0119stwa nad PiSem, ile nowej jako\u015bci w polityce i gospodarce, ale tak\u017ce w sferze spo\u0142ecznej, w kulturze, w edukacji oraz w przekazie informacji i komunikacji. On daje tego pr\u00f3bk\u0119 na co dzie\u0144, \u015bwietnie radz\u0105c sobie na stanowisku w\u0142odarza miasta sto\u0142ecznego Warszawy i to mimo k\u0142\u00f3d rzucanych mu pod nogi przez centraln\u0105 w\u0142adz\u0119.<\/p>\n\n\n\n<p>Czasami wydaje mi si\u0119, \u017ce Tusk musi wr\u00f3ci\u0107 do polskiej polityki. My\u015bl\u0119 tak dlatego, \u017ce liczni wyborcy, widz\u0105cy w nim ikon\u0119, kt\u00f3ra odwr\u00f3ci z\u0142\u0105 pass\u0119, wyci\u0105gnie nas z autokratycznych tarapat\u00f3w i zjednoczy Platform\u0119, b\u0119d\u0105 si\u0119 mogli przekona\u0107 czy rzeczywi\u015bcie mieli racj\u0119. I &#8211; je\u017celi wr\u00f3ci &#8211; oby faktycznie tak si\u0119 sta\u0142o. Moim jednak zdaniem ogl\u0105daj\u0105 si\u0119 wstecz, nie widz\u0105c szans, jakie przynosi tera\u017aniejszo\u015b\u0107. Wydaje si\u0119, \u017ce nie dostrzegaj\u0105 zaistnia\u0142ych i nast\u0119puj\u0105cych zmian sytuacji i okoliczno\u015bci. Idea powrotu Tuska blokuje ich niejako i blokuje ich pozytywn\u0105 energi\u0119, niezb\u0119dn\u0105 do budowy rozwoju opartego na wsp\u00f3\u0142pracy.<\/p>\n\n\n\n<p>Po raz kolejny rzeczywisto\u015b\u0107 wydaje si\u0119 pokazywa\u0107, \u017ce wa\u017cniejsza jest wsp\u00f3\u0142praca ni\u017c jednoosobowe przyw\u00f3dztwo, ale czy taka formu\u0142a jest w og\u00f3le mo\u017cliwa do przyj\u0119cia i zrealizowania?<\/p>\n\n\n\n<p>My\u015bl\u0119, \u017ce ka\u017cde z pokazanych na wst\u0119pie rozwi\u0105za\u0144 ma swoje mocne i s\u0142abe strony, pozytywne i negatywne skutki, niemniej ka\u017cde z nich b\u0119dzie dobre, a rzeczywisto\u015b\u0107 u\u0142o\u017cy si\u0119 pomy\u015blnie &#8211; o ile wszyscy szczerze je zaakceptuj\u0105 i stan\u0105 murem za wybran\u0105 osob\u0105.<\/p>\n\n\n\n<hr class=\"wp-block-separator\"\/>\n\n\n\n<p><em>Felieton jest wyrazem opinii autora. Nie prezentuje stanowiska ZR Ma\u0142opolskie KOD.<\/em><\/p>\n","protected":false},"excerpt":{"rendered":"<p>Tusk czy Trzaskowski? My\u015bl\u0119, \u017ce ka\u017cde z pokazanych na wst\u0119pie rozwi\u0105za\u0144 ma swoje mocne i s\u0142abe strony, pozytywne i negatywne skutki, niemniej ka\u017cde z nich b\u0119dzie dobre, a rzeczywisto\u015b\u0107 u\u0142o\u017cy si\u0119 pomy\u015blnie \u2013 o ile wszyscy szczerze je zaakceptuj\u0105 i stan\u0105 murem za wybran\u0105 osob\u0105.<\/p>\n","protected":false},"author":34,"featured_media":18827,"comment_status":"closed","ping_status":"open","sticky":false,"template":"","format":"standard","meta":{"_EventAllDay":false,"_EventTimezone":"","_EventStartDate":"","_EventEndDate":"","_EventStartDateUTC":"","_EventEndDateUTC":"","_EventShowMap":false,"_EventShowMapLink":false,"_EventURL":"","_EventCost":"","_EventCostDescription":"","_EventCurrencySymbol":"","_EventCurrencyCode":"","_EventCurrencyPosition":"","_EventDateTimeSeparator":"","_EventTimeRangeSeparator":"","_EventOrganizerID":[],"_EventVenueID":[],"_OrganizerEmail":"","_OrganizerPhone":"","_OrganizerWebsite":"","_VenueAddress":"","_VenueCity":"","_VenueCountry":"","_VenueProvince":"","_VenueState":"","_VenueZip":"","_VenuePhone":"","_VenueURL":"","_VenueStateProvince":"","_VenueLat":"","_VenueLng":"","_VenueShowMap":false,"_VenueShowMapLink":false,"footnotes":""},"categories":[596],"tags":[],"class_list":["post-26034","post","type-post","status-publish","format-standard","has-post-thumbnail","hentry","category-felietony","felietony"],"_links":{"self":[{"href":"https:\/\/kodmalopolska.pl\/index.php?rest_route=\/wp\/v2\/posts\/26034","targetHints":{"allow":["GET"]}}],"collection":[{"href":"https:\/\/kodmalopolska.pl\/index.php?rest_route=\/wp\/v2\/posts"}],"about":[{"href":"https:\/\/kodmalopolska.pl\/index.php?rest_route=\/wp\/v2\/types\/post"}],"author":[{"embeddable":true,"href":"https:\/\/kodmalopolska.pl\/index.php?rest_route=\/wp\/v2\/users\/34"}],"replies":[{"embeddable":true,"href":"https:\/\/kodmalopolska.pl\/index.php?rest_route=%2Fwp%2Fv2%2Fcomments&post=26034"}],"version-history":[{"count":0,"href":"https:\/\/kodmalopolska.pl\/index.php?rest_route=\/wp\/v2\/posts\/26034\/revisions"}],"wp:featuredmedia":[{"embeddable":true,"href":"https:\/\/kodmalopolska.pl\/index.php?rest_route=\/wp\/v2\/media\/18827"}],"wp:attachment":[{"href":"https:\/\/kodmalopolska.pl\/index.php?rest_route=%2Fwp%2Fv2%2Fmedia&parent=26034"}],"wp:term":[{"taxonomy":"category","embeddable":true,"href":"https:\/\/kodmalopolska.pl\/index.php?rest_route=%2Fwp%2Fv2%2Fcategories&post=26034"},{"taxonomy":"post_tag","embeddable":true,"href":"https:\/\/kodmalopolska.pl\/index.php?rest_route=%2Fwp%2Fv2%2Ftags&post=26034"}],"curies":[{"name":"wp","href":"https:\/\/api.w.org\/{rel}","templated":true}]}}