{"id":25947,"date":"2021-06-29T19:42:03","date_gmt":"2021-06-29T17:42:03","guid":{"rendered":"https:\/\/kodmalopolska.pl\/?p=25947"},"modified":"2021-06-30T09:23:29","modified_gmt":"2021-06-30T07:23:29","slug":"statystyka-grozy-felieton-dariusza-szostka-18","status":"publish","type":"post","link":"https:\/\/kodmalopolska.pl\/?p=25947","title":{"rendered":"Statystyka grozy. Felieton Dariusza Szostka (18)"},"content":{"rendered":"\n<h4 class=\"wp-block-heading\">Zero tolerancji dla przest\u0119pc\u00f3w wykorzystuj\u0105cych seksualnie dzieci. Tak\u017ce tych ukrywaj\u0105cych si\u0119 pod sutann\u0105.<\/h4>\n\n\n\n<p>Polski Ko\u015bci\u00f3\u0142 katolicki przedstawi\u0142 raport o\u00a0wykorzystaniu seksualnym nieletnich. Tylko suche liczby, ale i\u00a0one przera\u017caj\u0105. Na przestrzeni dw\u00f3ch i\u00a0p\u00f3\u0142 roku (od po\u0142owy 2018 do ko\u0144ca 2020) wp\u0142yn\u0119\u0142o 368 zg\u0142osze\u0144 o\u00a0wykorzystaniu nieletnich! Oznacza to, \u017ce co dwa i\u00a0p\u00f3\u0142 dnia nast\u0119powa\u0142o zg\u0142oszenie. Zaledwie 10 procent zg\u0142osze\u0144 odrzucono jako niewiarygodne. Potwierdzono 144, a\u00a0186 przypadk\u00f3w jest w trakcie rozpatrywania. Czyli mamy pewno\u015b\u0107, \u017ce raz na tydzie\u0144 (!!!!!) w\u00a0polskim Ko\u015bciele mamy skuteczne zg\u0142oszenie dotycz\u0105ce os\u00f3b duchownych wykorzystuj\u0105cych seksualnie ma\u0142oletnich, przy czym prawie po\u0142owa nie mia\u0142a 15 lat. Statystycznie (po zako\u0144czeniu rozpatrywania spraw) drugie tyle zostanie do\u0142o\u017cone. A\u00a0to tylko czubek g\u00f3ry lodowej.<\/p>\n\n\n\n<p>Duchowni, a\u00a0raczej przest\u0119pcy w sutannach, krzywdz\u0105 nasze dzieci. To stwierdzony fakt, przez lata skrupulatnie ukrywany przez zwyk\u0142ych ksi\u0119\u017cy, ale te\u017c przez hierarch\u00f3w. Wierni ciesz\u0105 si\u0119 z\u00a0nak\u0142adanych kar. Ale c\u00f3\u017c to za kary \u2013 usuni\u0119cie z\u00a0tron\u00f3w i\u00a0dobrowolne datki, przeprosiny prymasa i\u00a0s\u0142owa odnosz\u0105ce si\u0119 do wstydu, odsuni\u0119cie od pracy z\u00a0dzie\u0107mi (sic!). \u017badna grupa nie jest w\u00a0stanie oczy\u015bci\u0107 si\u0119 sama. A\u00a0tym bardziej grupa zamkni\u0119ta, hermetyczna maj\u0105ca poczucie obl\u0119\u017conej twierdzy i\u00a0silne poczucie wy\u017cszo\u015bci nad innymi. W\u00a0pe\u0142ni zgadzam si\u0119 z\u00a0redaktorem Terlikowskim (a\u017c sam jestem zdumiony tym\u017ce zdaniem), \u017ce bez zewn\u0119trznych dzia\u0142a\u0144, przeszukiwa\u0144, a\u00a0osobi\u015bcie doda\u0142bym bez traktowania duchownych wykorzystuj\u0105cych dzieci jak zwyk\u0142ych przest\u0119pc\u00f3w, dodatkowo wydaleniem ze stanu kap\u0142a\u0144skiego, a\u00a0tak\u017ce upublicznianiem ich nazwisk \u2013 polski Ko\u015bci\u00f3\u0142 si\u0119 nie oczy\u015bci. A\u00a0proceder b\u0119dzie nadal trwa\u0142. Jako ojciec wo\u0142am w\u00a0imieniu setek wykorzystanych seksualnie dzieci i\u00a0ich rodzic\u00f3w: <strong>Dosy\u0107<\/strong>. Nazywajmy rzecz po imieniu. Cz\u0142owiek w sutannie i\u00a0koloratce, je\u015bli pope\u0142nia przest\u0119pstwo na tle seksualnym, jest pospolitym przest\u0119pc\u0105 i\u00a0musi ponie\u015b\u0107 kar\u0119. Ofierze nale\u017cy si\u0119, obok pro\u015bby Prymasa o\u00a0wybaczenie, uczciwe zado\u015b\u0107uczynienie i\u00a0pomoc psychologiczna, a\u00a0tak\u017ce innego rodzaju wsparcie. Wykorzystuj\u0105cy seksualnie dzieci i\u00a0kryj\u0105cy ich hierarchowie powinni by\u0107 napi\u0119tnowani i\u00a0usuni\u0119ci poza normalnie funkcjonuj\u0105ce spo\u0142ecze\u0144stwo. Nie wa\u017cne, czy\u015b profesor, biskup, ksi\u0105dz czy zwyk\u0142y Kowalski \u2013 skrzywdzi\u0142e\u015b najmniejszych i\u00a0bezbronnych i\u00a0nie mo\u017cna ci tego zapomnie\u0107. Jestem ojcem (biologicznym) i\u00a0nie potrafi\u0119 sobie wyobrazi\u0107 cierpienia tych dzieci, a\u00a0tak\u017ce ich najbli\u017cszych. I\u00a0jako ojciec \u2013 apeluj\u0119:<strong> \u201ezero tolerancji\u201d tak\u017ce dla duchownych<\/strong>.<\/p>\n\n\n\n<p>Swoj\u0105 drog\u0105 mo\u017ce czas rozpocz\u0105\u0107 dyskusj\u0119 nad problemem braku rodziny, dzieci i\u00a0problem\u00f3w emocjonalnych duchownych, kt\u00f3rego pok\u0142osiem jest wykorzystywanie seksualne dzieci? Problem stanu polskiego duchowie\u0144stwa jest o\u00a0wiele g\u0142\u0119bszy ni\u017c nam si\u0119 wydaje, wielop\u0142aszczyznowy, ale to ju\u017c temat na odr\u0119bny felieton.<\/p>\n\n\n\n<hr class=\"wp-block-separator\"\/>\n\n\n\n<p><em>Felieton jest wyrazem opinii autora. Nie prezentuje stanowiska ZR Ma\u0142opolskie KOD.<\/em><\/p>\n","protected":false},"excerpt":{"rendered":"<p>Zero tolerancji dla przest\u0119pc\u00f3w wykorzystuj\u0105cych seksualnie dzieci. Tak\u017ce tych ukrywaj\u0105cych si\u0119 pod sutann\u0105.<\/p>\n","protected":false},"author":34,"featured_media":19897,"comment_status":"closed","ping_status":"open","sticky":false,"template":"","format":"standard","meta":{"_EventAllDay":false,"_EventTimezone":"","_EventStartDate":"","_EventEndDate":"","_EventStartDateUTC":"","_EventEndDateUTC":"","_EventShowMap":false,"_EventShowMapLink":false,"_EventURL":"","_EventCost":"","_EventCostDescription":"","_EventCurrencySymbol":"","_EventCurrencyCode":"","_EventCurrencyPosition":"","_EventDateTimeSeparator":"","_EventTimeRangeSeparator":"","_EventOrganizerID":[],"_EventVenueID":[],"_OrganizerEmail":"","_OrganizerPhone":"","_OrganizerWebsite":"","_VenueAddress":"","_VenueCity":"","_VenueCountry":"","_VenueProvince":"","_VenueState":"","_VenueZip":"","_VenuePhone":"","_VenueURL":"","_VenueStateProvince":"","_VenueLat":"","_VenueLng":"","_VenueShowMap":false,"_VenueShowMapLink":false,"footnotes":""},"categories":[596],"tags":[],"class_list":["post-25947","post","type-post","status-publish","format-standard","has-post-thumbnail","hentry","category-felietony","felietony"],"_links":{"self":[{"href":"https:\/\/kodmalopolska.pl\/index.php?rest_route=\/wp\/v2\/posts\/25947","targetHints":{"allow":["GET"]}}],"collection":[{"href":"https:\/\/kodmalopolska.pl\/index.php?rest_route=\/wp\/v2\/posts"}],"about":[{"href":"https:\/\/kodmalopolska.pl\/index.php?rest_route=\/wp\/v2\/types\/post"}],"author":[{"embeddable":true,"href":"https:\/\/kodmalopolska.pl\/index.php?rest_route=\/wp\/v2\/users\/34"}],"replies":[{"embeddable":true,"href":"https:\/\/kodmalopolska.pl\/index.php?rest_route=%2Fwp%2Fv2%2Fcomments&post=25947"}],"version-history":[{"count":0,"href":"https:\/\/kodmalopolska.pl\/index.php?rest_route=\/wp\/v2\/posts\/25947\/revisions"}],"wp:featuredmedia":[{"embeddable":true,"href":"https:\/\/kodmalopolska.pl\/index.php?rest_route=\/wp\/v2\/media\/19897"}],"wp:attachment":[{"href":"https:\/\/kodmalopolska.pl\/index.php?rest_route=%2Fwp%2Fv2%2Fmedia&parent=25947"}],"wp:term":[{"taxonomy":"category","embeddable":true,"href":"https:\/\/kodmalopolska.pl\/index.php?rest_route=%2Fwp%2Fv2%2Fcategories&post=25947"},{"taxonomy":"post_tag","embeddable":true,"href":"https:\/\/kodmalopolska.pl\/index.php?rest_route=%2Fwp%2Fv2%2Ftags&post=25947"}],"curies":[{"name":"wp","href":"https:\/\/api.w.org\/{rel}","templated":true}]}}