{"id":25795,"date":"2021-06-16T20:41:11","date_gmt":"2021-06-16T18:41:11","guid":{"rendered":"https:\/\/kodmalopolska.pl\/?p=25795"},"modified":"2021-06-16T20:41:15","modified_gmt":"2021-06-16T18:41:15","slug":"ta-twierdza-sejm-sie-nazywa-felieton-marcina-nowaka-38","status":"publish","type":"post","link":"https:\/\/kodmalopolska.pl\/?p=25795","title":{"rendered":"Ta twierdza Sejm si\u0119 nazywa. Felieton Marcina Nowaka (38)"},"content":{"rendered":"\n<h4 class=\"wp-block-heading\">Od sze\u015bciu lat w\u0142adza skutecznie ukrywa swoje prawdziwe intencje, tymczasem spo\u0142ecze\u0144stwu powinno przy\u015bwieca\u0107 powiedzenie \u201enic o nas bez nas\u201d. Nie mo\u017ce by\u0107 tak, \u017ce za brak kompetencji rz\u0105dz\u0105cych p\u0142ac\u0105 obywatelki i obywatele. Przecie\u017c to jest nasz kraj, a nie kraj garstki ludzi przekonanych o w\u0142asnej nieomylno\u015bci \u2013 ludzi, kt\u00f3rzy nie tylko nie potrafi\u0105 m\u00f3wi\u0107 prawdy, ale te\u017c pr\u00f3buj\u0105 ukry\u0107 swoj\u0105 niekompetencj\u0119 za klauzul\u0105 \u201e\u015bci\u015ble tajne\u201d.<\/h4>\n\n\n\n<p>Dzisiaj odby\u0142o si\u0119 tajne posiedzenie Sejmu w sprawie cyberbezpiecze\u0144stwa. Brzmi powa\u017cnie, bo tak w\u0142a\u015bnie ma brzmie\u0107. Zastosowano nadzwyczajne \u015brodki, kt\u00f3re w TVP b\u0119d\u0105 zapewne przedstawione jako dba\u0142o\u015b\u0107 o interes narodowy, bo atak przypuszczono przecie\u017c nie na niekompetentnych ludzi rz\u0105dz\u0105cych naszym pa\u0144stwem, ale na sam\u0105 Polsk\u0119, \u201eukochan\u0105 Ojczyzn\u0119\u201d. Brak WiFi, zakaz wnoszenia sprz\u0119tu elektronicznego, torebek i plecak\u00f3w na sal\u0119 obrad. Dziennikarze trzymani na odleg\u0142o\u015b\u0107 \u2013 ale akurat to sta\u0142o si\u0119 ju\u017c w polskiej rzeczywisto\u015bci norm\u0105. Wy\u0142\u0105czone kamery sejmowe oraz aparaty telefoniczne w sali posiedze\u0144 i w przyleg\u0142ych pomieszczeniach, by\u0107 mo\u017ce z wykorzystaniem zag\u0142uszaczy sieci kom\u00f3rkowych.<\/p>\n\n\n\n<p>Po co ca\u0142y ten cyrk? \u201eShow must go on\u201d, jak \u015bpiewa\u0142 kiedy\u015b Freddie Mercury. Mit spisku przeciwko Polsce trwa, a takie posuni\u0119cia maj\u0105 utwierdzi\u0107 spo\u0142ecze\u0144stwo w przekonaniu o prawdziwo\u015bci mitu. Polki i Polacy nie b\u0119d\u0105 mogli si\u0119 zapozna\u0107 z dzisiejszymi wydarzeniami w twierdzy Sejm, podobnie jak nie wiedz\u0105, co dzieje si\u0119 za p\u0142otem na Nowogrodzkiej podczas tajnych obrad partii rz\u0105dz\u0105cej. W\u0142adza coraz bardziej odgradza si\u0119 od obywateli, a Polki i Polacy trac\u0105 nad ni\u0105 jak\u0105kolwiek kontrol\u0119. Zagraniczne wywiady i tak zdob\u0119d\u0105 interesuj\u0105ce ich informacje, a spo\u0142ecze\u0144stwo zostanie nakarmione odpowiednio spreparowan\u0105 propagand\u0105.<\/p>\n\n\n\n<p>Od sze\u015bciu lat w\u0142adza skutecznie ukrywa swoje prawdziwe intencje, tymczasem spo\u0142ecze\u0144stwu powinno przy\u015bwieca\u0107 powiedzenie \u201enic o nas bez nas\u201d. Nie mo\u017ce by\u0107 tak, \u017ce za brak kompetencji rz\u0105dz\u0105cych p\u0142ac\u0105 obywatelki i obywatele. Przecie\u017c to jest nasz kraj, a nie kraj garstki ludzi przekonanych o w\u0142asnej nieomylno\u015bci \u2013 ludzi, kt\u00f3rzy nie tylko nie potrafi\u0105 m\u00f3wi\u0107 prawdy, ale te\u017c pr\u00f3buj\u0105 ukry\u0107 swoj\u0105 niekompetencj\u0119 za klauzul\u0105 \u201e\u015bci\u015ble tajne\u201d.<\/p>\n\n\n\n<hr class=\"wp-block-separator\"\/>\n\n\n\n<p><em>Felieton jest wyrazem opinii autora. Nie prezentuje stanowiska ZR Ma\u0142opolskie KOD.<\/em><\/p>\n","protected":false},"excerpt":{"rendered":"<p>Od sze\u015bciu lat w\u0142adza skutecznie ukrywa swoje prawdziwe intencje, tymczasem spo\u0142ecze\u0144stwu powinno przy\u015bwieca\u0107 powiedzenie \u201enic o nas bez nas\u201d. Nie mo\u017ce by\u0107 tak, \u017ce za brak kompetencji rz\u0105dz\u0105cych p\u0142ac\u0105 obywatelki i obywatele. Przecie\u017c to jest nasz kraj, a nie kraj garstki ludzi przekonanych o w\u0142asnej nieomylno\u015bci \u2013 ludzi, kt\u00f3rzy nie tylko nie potrafi\u0105 m\u00f3wi\u0107 prawdy, ale te\u017c pr\u00f3buj\u0105 ukry\u0107 swoj\u0105 niekompetencj\u0119 za klauzul\u0105 \u201e\u015bci\u015ble tajne\u201d.<\/p>\n","protected":false},"author":34,"featured_media":18827,"comment_status":"closed","ping_status":"open","sticky":false,"template":"","format":"standard","meta":{"_EventAllDay":false,"_EventTimezone":"","_EventStartDate":"","_EventEndDate":"","_EventStartDateUTC":"","_EventEndDateUTC":"","_EventShowMap":false,"_EventShowMapLink":false,"_EventURL":"","_EventCost":"","_EventCostDescription":"","_EventCurrencySymbol":"","_EventCurrencyCode":"","_EventCurrencyPosition":"","_EventDateTimeSeparator":"","_EventTimeRangeSeparator":"","_EventOrganizerID":[],"_EventVenueID":[],"_OrganizerEmail":"","_OrganizerPhone":"","_OrganizerWebsite":"","_VenueAddress":"","_VenueCity":"","_VenueCountry":"","_VenueProvince":"","_VenueState":"","_VenueZip":"","_VenuePhone":"","_VenueURL":"","_VenueStateProvince":"","_VenueLat":"","_VenueLng":"","_VenueShowMap":false,"_VenueShowMapLink":false,"footnotes":""},"categories":[596],"tags":[],"class_list":["post-25795","post","type-post","status-publish","format-standard","has-post-thumbnail","hentry","category-felietony","felietony"],"_links":{"self":[{"href":"https:\/\/kodmalopolska.pl\/index.php?rest_route=\/wp\/v2\/posts\/25795","targetHints":{"allow":["GET"]}}],"collection":[{"href":"https:\/\/kodmalopolska.pl\/index.php?rest_route=\/wp\/v2\/posts"}],"about":[{"href":"https:\/\/kodmalopolska.pl\/index.php?rest_route=\/wp\/v2\/types\/post"}],"author":[{"embeddable":true,"href":"https:\/\/kodmalopolska.pl\/index.php?rest_route=\/wp\/v2\/users\/34"}],"replies":[{"embeddable":true,"href":"https:\/\/kodmalopolska.pl\/index.php?rest_route=%2Fwp%2Fv2%2Fcomments&post=25795"}],"version-history":[{"count":0,"href":"https:\/\/kodmalopolska.pl\/index.php?rest_route=\/wp\/v2\/posts\/25795\/revisions"}],"wp:featuredmedia":[{"embeddable":true,"href":"https:\/\/kodmalopolska.pl\/index.php?rest_route=\/wp\/v2\/media\/18827"}],"wp:attachment":[{"href":"https:\/\/kodmalopolska.pl\/index.php?rest_route=%2Fwp%2Fv2%2Fmedia&parent=25795"}],"wp:term":[{"taxonomy":"category","embeddable":true,"href":"https:\/\/kodmalopolska.pl\/index.php?rest_route=%2Fwp%2Fv2%2Fcategories&post=25795"},{"taxonomy":"post_tag","embeddable":true,"href":"https:\/\/kodmalopolska.pl\/index.php?rest_route=%2Fwp%2Fv2%2Ftags&post=25795"}],"curies":[{"name":"wp","href":"https:\/\/api.w.org\/{rel}","templated":true}]}}