{"id":25785,"date":"2021-06-14T15:31:26","date_gmt":"2021-06-14T13:31:26","guid":{"rendered":"https:\/\/kodmalopolska.pl\/?p=25785"},"modified":"2021-06-14T15:31:29","modified_gmt":"2021-06-14T13:31:29","slug":"jednosc-opozycji-felieton-fryderyka-zolla-309","status":"publish","type":"post","link":"https:\/\/kodmalopolska.pl\/?p=25785","title":{"rendered":"Jedno\u015b\u0107 opozycji. Felieton Fryderyka Zolla (309)"},"content":{"rendered":"\n<h4 class=\"wp-block-heading\">Wsz\u0119dzie tam, gdzie si\u0142y demokratyczne si\u0119 jednocz\u0105, autokraci przegrywaj\u0105. Tak si\u0119 sta\u0142o w Izraelu: opozycji uda\u0142o si\u0119 odsun\u0105\u0107 Beniamina Netanjahu od w\u0142adzy. Tak te\u017c si\u0119 sta\u0142o w naszym Rzeszowie. Tak mo\u017ce si\u0119 sta\u0107 na W\u0119grzech w przysz\u0142ym roku. Komitet Obrony Demokracji powsta\u0142 po to, aby wspiera\u0107 jednoczenie si\u0119 si\u0142 opozycyjnych wobec antydemokratycznej, antyeuropejskiej i antypraworz\u0105dno\u015bciowej rewolucji w Polsce.<\/h4>\n\n\n\n<p>Rzeszowskie wybory dowodz\u0105, \u017ce tego rodzaju wsp\u00f3\u0142praca przynosi sukces. Z pomrukiwa\u0144 Kaczy\u0144skiego w czasie kampanii wynika wprawdzie, \u017ce na Rzesz\u00f3w mog\u0105 teraz spa\u015b\u0107 sankcje (zreszt\u0105 niekoniecznie na Rzesz\u00f3w, bo Kaczy\u0144ski nie odr\u00f3\u017cnia Rzeszowa od Szczecina \u2013 co\u015b tam zamamrocze pod nosem, s\u0142u\u017calcy b\u0119d\u0105 si\u0119 bali zwr\u00f3ci\u0107 mu uwag\u0119 i kar\u0119 poniesie Szczecin), dziwnie te\u017c zabrzmia\u0142y s\u0142owa o wsp\u00f3\u0142czuciu dla zwyci\u0119skiego konkurenta wypowiedziane przez kandydatk\u0119 PiS\u2011u. Sankcje takie jednak \u2013 paradoksalnie \u2013 doprowadz\u0105 zapewne do dalszego pogn\u0119bienia PiS\u2011u w jego dotychczasowym mateczniku. Ludzie maj\u0105 do\u015b\u0107 rz\u0105dz\u0105cej koalicji, kt\u00f3rej nie jednoczy nic poza sprawowaniem w\u0142adzy. Rzesz\u00f3w, miasto sukcesu, w kt\u00f3rym rozwija si\u0119 \u017cycie akademickie, jest dla PiS\u2011u stracone. Wie to Czarnek, dlatego tak bardzo stara si\u0119 uderzy\u0107 w szko\u0142y wy\u017csze. Kultury wiedzy nie da si\u0119 pogodzi\u0107 z PiS\u2011owskim \u015bwiatem, st\u0105d ta antyintelektualna krucjata. Wydarzenia w Rzeszowie mog\u0105 doda\u0107 Czarnkowi paliwa do walki z intelektem. Uruchamiaj\u0105 si\u0119 ju\u017c jednak procesy, kt\u00f3rych PiS nie zatrzyma. Si\u0142om opozycji natomiast nie wolno teraz pope\u0142ni\u0107 b\u0142\u0119du: konieczna jest \u015bcis\u0142a wsp\u00f3\u0142praca i dobrze uzgodnione priorytety, w\u015br\u00f3d kt\u00f3rych najpilniejsze musi by\u0107 przywr\u00f3cenie porz\u0105dku konstytucyjnego. Wtedy noc PiS\u2011owska si\u0119 sko\u0144czy.<\/p>\n\n\n\n<p>Wybory w Rzeszowie daj\u0105 nadziej\u0119 i pokazuj\u0105, co trzeba zrobi\u0107, by wygra\u0107. Nie pozw\u00f3lmy, aby z tej lekcji nie wyci\u0105gni\u0119to wniosk\u00f3w. Fala demokracji z Rzeszowa musi ponie\u015b\u0107 ca\u0142y ruch demokratyczny do zwyci\u0119stwa. Dla nas wszystkich.<\/p>\n\n\n\n<hr class=\"wp-block-separator\"\/>\n\n\n\n<p><em>Felieton jest wyrazem opinii autora. Nie prezentuje stanowiska ZR Ma\u0142opolskie KOD.<\/em><\/p>\n","protected":false},"excerpt":{"rendered":"<p>Wsz\u0119dzie tam, gdzie si\u0142y demokratyczne si\u0119 jednocz\u0105, autokraci przegrywaj\u0105. Tak si\u0119 sta\u0142o w Izraelu: opozycji uda\u0142o si\u0119 odsun\u0105\u0107 Beniamina Netanjahu od w\u0142adzy. Tak te\u017c si\u0119 sta\u0142o w naszym Rzeszowie. Tak mo\u017ce si\u0119 sta\u0107 na W\u0119grzech w przysz\u0142ym roku. Komitet Obrony Demokracji powsta\u0142 po to, aby wspiera\u0107 jednoczenie si\u0119 si\u0142 opozycyjnych wobec antydemokratycznej, antyeuropejskiej i antypraworz\u0105dno\u015bciowej rewolucji w Polsce.<\/p>\n","protected":false},"author":34,"featured_media":24583,"comment_status":"closed","ping_status":"open","sticky":false,"template":"","format":"standard","meta":{"_EventAllDay":false,"_EventTimezone":"","_EventStartDate":"","_EventEndDate":"","_EventStartDateUTC":"","_EventEndDateUTC":"","_EventShowMap":false,"_EventShowMapLink":false,"_EventURL":"","_EventCost":"","_EventCostDescription":"","_EventCurrencySymbol":"","_EventCurrencyCode":"","_EventCurrencyPosition":"","_EventDateTimeSeparator":"","_EventTimeRangeSeparator":"","_EventOrganizerID":[],"_EventVenueID":[],"_OrganizerEmail":"","_OrganizerPhone":"","_OrganizerWebsite":"","_VenueAddress":"","_VenueCity":"","_VenueCountry":"","_VenueProvince":"","_VenueState":"","_VenueZip":"","_VenuePhone":"","_VenueURL":"","_VenueStateProvince":"","_VenueLat":"","_VenueLng":"","_VenueShowMap":false,"_VenueShowMapLink":false,"footnotes":""},"categories":[596],"tags":[],"class_list":["post-25785","post","type-post","status-publish","format-standard","has-post-thumbnail","hentry","category-felietony","felietony"],"_links":{"self":[{"href":"https:\/\/kodmalopolska.pl\/index.php?rest_route=\/wp\/v2\/posts\/25785","targetHints":{"allow":["GET"]}}],"collection":[{"href":"https:\/\/kodmalopolska.pl\/index.php?rest_route=\/wp\/v2\/posts"}],"about":[{"href":"https:\/\/kodmalopolska.pl\/index.php?rest_route=\/wp\/v2\/types\/post"}],"author":[{"embeddable":true,"href":"https:\/\/kodmalopolska.pl\/index.php?rest_route=\/wp\/v2\/users\/34"}],"replies":[{"embeddable":true,"href":"https:\/\/kodmalopolska.pl\/index.php?rest_route=%2Fwp%2Fv2%2Fcomments&post=25785"}],"version-history":[{"count":0,"href":"https:\/\/kodmalopolska.pl\/index.php?rest_route=\/wp\/v2\/posts\/25785\/revisions"}],"wp:featuredmedia":[{"embeddable":true,"href":"https:\/\/kodmalopolska.pl\/index.php?rest_route=\/wp\/v2\/media\/24583"}],"wp:attachment":[{"href":"https:\/\/kodmalopolska.pl\/index.php?rest_route=%2Fwp%2Fv2%2Fmedia&parent=25785"}],"wp:term":[{"taxonomy":"category","embeddable":true,"href":"https:\/\/kodmalopolska.pl\/index.php?rest_route=%2Fwp%2Fv2%2Fcategories&post=25785"},{"taxonomy":"post_tag","embeddable":true,"href":"https:\/\/kodmalopolska.pl\/index.php?rest_route=%2Fwp%2Fv2%2Ftags&post=25785"}],"curies":[{"name":"wp","href":"https:\/\/api.w.org\/{rel}","templated":true}]}}