{"id":25765,"date":"2021-06-11T21:11:00","date_gmt":"2021-06-11T19:11:00","guid":{"rendered":"https:\/\/kodmalopolska.pl\/?p=25765"},"modified":"2021-06-11T21:11:04","modified_gmt":"2021-06-11T19:11:04","slug":"samosad-felieton-marcina-nowaka-37","status":"publish","type":"post","link":"https:\/\/kodmalopolska.pl\/?p=25765","title":{"rendered":"Samos\u0105d. Felieton Marcina Nowaka (37)"},"content":{"rendered":"\n<h4 class=\"wp-block-heading\">Nic dziwnego, \u017ce spo\u0142ecze\u0144stwo si\u0119 broni i broni najs\u0142abszych tak, jak potrafi. Stara si\u0119 zyska\u0107 kontrol\u0119 tam, gdzie nikt zdaje si\u0119 jej nie mie\u0107. Ale czy samos\u0105d mo\u017ce by\u0107 w\u0142a\u015bciwym rozwi\u0105zaniem? Czy prowokacje ukazuj\u0105 prawd\u0119, czy pr\u00f3buj\u0105 tylko udowodni\u0107 tez\u0119 prowokatora? Czy w tym wszystkim chodzi o dobro dziecka, czy o rozgrzeszenie niespokojnego sumienia z grzechu zaniedbania? A mo\u017ce chodzi o liczb\u0119 lajk\u00f3w i komentarzy pod transmisj\u0105 na \u017cywo, o popularno\u015b\u0107 walcz\u0105cych w s\u0142usznej sprawie, bo temat no\u015bny?<\/h4>\n\n\n\n<p>Kilka lat temu polski Internet obieg\u0142a informacja o tym, jak grupy nale\u017c\u0105ce do proputinowskiej propagandy prowadz\u0105 w Rosji nagonk\u0119 na osoby LGBT+. Cz\u0142onkowie tych grup zak\u0142adali fa\u0142szywe konta w mediach spo\u0142eczno\u015bciowych, nawi\u0105zywali relacje z osobami nieheteronormatywnymi, po czym umawiali si\u0119 na spotkanie, kt\u00f3re cz\u0119sto ko\u0144czy\u0142o si\u0119 pobiciem i zastraszaniem tych os\u00f3b. Wszystko to w obronie \u201ewy\u017cszych\u201d warto\u015bci.<\/p>\n\n\n\n<p>Ostatnio media obieg\u0142a informacja, \u017ce cz\u0142onkowie polskiego oddzia\u0142u ECPU (z ang. Elusive Child Protection Unit), czyli \u201e\u0142owcy pedofil\u00f3w\u201d, stosuj\u0105c dok\u0142adnie te same metody, pojawili si\u0119 przed domem Antoniego P. i w transmisji online dokonali samos\u0105du na 47-letnim m\u0119\u017cczy\u017anie. Ich akcji nie mo\u017cna nazwa\u0107 inaczej jak samos\u0105dem w\u0142a\u015bnie. Chc\u0119 podkre\u015bli\u0107, \u017ce w \u017caden spos\u00f3b nie usprawiedliwiam pedofilii ani nie wybielam pedofil\u00f3w. Jest to z\u0142o zas\u0142uguj\u0105ce na pot\u0119pienie. Niemniej pot\u0119pi\u0107 trzeba czyn, nie cz\u0142owieka, a w sprawach tak powa\u017cnych nale\u017cy zachowa\u0107 szczeg\u00f3ln\u0105 ostro\u017cno\u015b\u0107.<\/p>\n\n\n\n<p>Z medialnego szumu informacyjnego i fali komentatorskiej kakofonii trudno jednoznacznie wywnioskowa\u0107, czy pan Antonii pedofilem by\u0142 w rzeczywisto\u015bci i czy kiedykolwiek kogo\u015b skrzywdzi\u0142. Czy za dowody mo\u017cna uzna\u0107 specjalnie podgrzane wpisy w internetowej prowokacji? Przera\u017caj\u0105ce s\u0105 komentarze, kt\u00f3re pojawi\u0142y si\u0119 w czasie transmisji online, a tak\u017ce p\u00f3\u017aniej, po wiadomo\u015bci, \u017ce pan Antoni rzuci\u0142 si\u0119 pod poci\u0105g. Przera\u017caj\u0105cy jest ostracyzm, z jakim spotka\u0142a si\u0119 rodzina Antoniego, jego siostra, kt\u00f3rej Antoni pomaga\u0142 w wychowywaniu niepe\u0142nosprawnej c\u00f3rki.<\/p>\n\n\n\n<p>Staraj\u0105c si\u0119 spojrze\u0107 szerzej, mo\u017cna powiedzie\u0107, \u017ce komentarze te wynikaj\u0105 z bezsilno\u015bci ludzi wobec bezkarnych pedofil\u00f3w, m.in. nad wyraz chronionych ksi\u0119\u017cy i os\u00f3b duchownych, a tak\u017ce wobec braku skutecznych dzia\u0142a\u0144 pa\u0144stwa. Od lat m\u00f3wi si\u0119 o pedofilii, kt\u00f3ra dotyka wszystkie grupy spo\u0142eczne, bo jest zwi\u0105zana z cz\u0142owiekiem, a nie z rolami spo\u0142ecznymi. Wci\u0105\u017c wychodz\u0105 na jaw straszliwe fakty w tej sprawie i ro\u015bnie skala problemu. Instytucja Ko\u015bcio\u0142a uparcie neguje zarzuty, t\u0142umacz\u0105c je atakiem na jej \u015bwi\u0119to\u015b\u0107 i nieskazitelno\u015b\u0107. W opozycji do zideologizowanej, idealnej \u015bwi\u0119tej rodziny obrywa si\u0119 osobom samotnym, nieheteronormatywnym, przedstawicielom r\u00f3\u017cnych zawod\u00f3w, ojcom samotnie wychowuj\u0105cym dzieci. Rz\u0105dz\u0105cy interesuj\u0105 si\u0119 g\u0142\u00f3wnie walk\u0105 o sto\u0142ki i utrzymanie si\u0119 przy w\u0142adzy. Policja pilnuje domu Jaros\u0142awa. Prokuratura zajmuje si\u0119 tropieniem opozycji i niszczeniem pa\u0144stwa prawa. S\u0142u\u017cby zajmuj\u0105 si\u0119 spisywaniem demonstruj\u0105cych Polek i Polak\u00f3w oraz bia\u0142oruskich opozycjonist\u00f3w protestuj\u0105cych w Polsce przeciwko \u0141ukaszence. Nic dziwnego, \u017ce spo\u0142ecze\u0144stwo si\u0119 broni oraz broni najs\u0142abszych tak, jak potrafi. Stara si\u0119 zyska\u0107 kontrol\u0119 tam, gdzie nikt zdaje si\u0119 jej nie mie\u0107. Ale czy samos\u0105d mo\u017ce by\u0107 w\u0142a\u015bciwym rozwi\u0105zaniem? Czy prowokacje ukazuj\u0105 prawd\u0119, czy pr\u00f3buj\u0105 tylko udowodni\u0107 tez\u0119 prowokatora? Czy w tym wszystkim chodzi o dobro dziecka, czy o rozgrzeszenie niespokojnego sumienia z grzechu zaniedbania? A mo\u017ce chodzi o liczb\u0119 lajk\u00f3w i komentarzy pod transmisj\u0105 na \u017cywo, o popularno\u015b\u0107 walcz\u0105cych w s\u0142usznej sprawie, bo temat no\u015bny?<\/p>\n\n\n\n<p>Jedno jest pewne: pan Antoni broni\u0107 si\u0119 ju\u017c nie b\u0119dzie, nie poznamy jego wersji wydarze\u0144. Pozostaj\u0105 \u201ezranienia\u201d wabik\u00f3w, dzia\u0142anie na granicy prawa, transmisja z zatrzymania samotnego cz\u0142owieka, fala hejtu, rodzina odrzucona przez lokaln\u0105 i nie tylko lokaln\u0105 spo\u0142eczno\u015b\u0107 oraz niepe\u0142nosprawna siostrzenica, kt\u00f3ra w\u0142a\u015bnie si\u0119 dowiedzia\u0142a, \u017ce wspieraj\u0105cy jej mam\u0119 wujek rzuci\u0142 si\u0119 pod poci\u0105g. O to w tym wszystkim chodzi\u0142o?<\/p>\n\n\n\n<p>A mo\u017ce chodzi o to w\u0142a\u015bnie, by ludzie dokonywali samos\u0105d\u00f3w, bo puszczona dzi\u015b w obieg plotka mo\u017ce zrujnowa\u0107 \u017cycie niejednego dobrego, ale niewygodnego i niesprzyjaj\u0105cego w\u0142adzy cz\u0142owieka.<\/p>\n\n\n\n<p>Tym bardziej potrzebujemy pa\u0144stwa prawa i zaufania do wymiaru sprawiedliwo\u015bci, kt\u00f3ry niezale\u017cnie od polityk\u00f3w i ideologicznej mody rzeczowo i bezstronnie zajmie si\u0119 tym nagl\u0105cym problemem.<\/p>\n\n\n\n<hr class=\"wp-block-separator\"\/>\n\n\n\n<p><em>Felieton jest wyrazem opinii autora. Nie prezentuje stanowiska ZR Ma\u0142opolskie KOD.<\/em><\/p>\n","protected":false},"excerpt":{"rendered":"<p>Nic dziwnego, \u017ce spo\u0142ecze\u0144stwo si\u0119 broni i broni najs\u0142abszych tak, jak potrafi. Stara si\u0119 zyska\u0107 kontrol\u0119 tam, gdzie nikt zdaje si\u0119 jej nie mie\u0107. Ale czy samos\u0105d mo\u017ce by\u0107 w\u0142a\u015bciwym rozwi\u0105zaniem? Czy prowokacje ukazuj\u0105 prawd\u0119, czy pr\u00f3buj\u0105 tylko udowodni\u0107 tez\u0119 prowokatora? Czy w tym wszystkim chodzi o dobro dziecka, czy o rozgrzeszenie niespokojnego sumienia z grzechu zaniedbania? A mo\u017ce chodzi o liczb\u0119 lajk\u00f3w i komentarzy pod transmisj\u0105 na \u017cywo, o popularno\u015b\u0107 walcz\u0105cych w s\u0142usznej sprawie, bo temat no\u015bny?<\/p>\n","protected":false},"author":34,"featured_media":18827,"comment_status":"closed","ping_status":"open","sticky":false,"template":"","format":"standard","meta":{"_EventAllDay":false,"_EventTimezone":"","_EventStartDate":"","_EventEndDate":"","_EventStartDateUTC":"","_EventEndDateUTC":"","_EventShowMap":false,"_EventShowMapLink":false,"_EventURL":"","_EventCost":"","_EventCostDescription":"","_EventCurrencySymbol":"","_EventCurrencyCode":"","_EventCurrencyPosition":"","_EventDateTimeSeparator":"","_EventTimeRangeSeparator":"","_EventOrganizerID":[],"_EventVenueID":[],"_OrganizerEmail":"","_OrganizerPhone":"","_OrganizerWebsite":"","_VenueAddress":"","_VenueCity":"","_VenueCountry":"","_VenueProvince":"","_VenueState":"","_VenueZip":"","_VenuePhone":"","_VenueURL":"","_VenueStateProvince":"","_VenueLat":"","_VenueLng":"","_VenueShowMap":false,"_VenueShowMapLink":false,"footnotes":""},"categories":[596],"tags":[],"class_list":["post-25765","post","type-post","status-publish","format-standard","has-post-thumbnail","hentry","category-felietony","felietony"],"_links":{"self":[{"href":"https:\/\/kodmalopolska.pl\/index.php?rest_route=\/wp\/v2\/posts\/25765","targetHints":{"allow":["GET"]}}],"collection":[{"href":"https:\/\/kodmalopolska.pl\/index.php?rest_route=\/wp\/v2\/posts"}],"about":[{"href":"https:\/\/kodmalopolska.pl\/index.php?rest_route=\/wp\/v2\/types\/post"}],"author":[{"embeddable":true,"href":"https:\/\/kodmalopolska.pl\/index.php?rest_route=\/wp\/v2\/users\/34"}],"replies":[{"embeddable":true,"href":"https:\/\/kodmalopolska.pl\/index.php?rest_route=%2Fwp%2Fv2%2Fcomments&post=25765"}],"version-history":[{"count":0,"href":"https:\/\/kodmalopolska.pl\/index.php?rest_route=\/wp\/v2\/posts\/25765\/revisions"}],"wp:featuredmedia":[{"embeddable":true,"href":"https:\/\/kodmalopolska.pl\/index.php?rest_route=\/wp\/v2\/media\/18827"}],"wp:attachment":[{"href":"https:\/\/kodmalopolska.pl\/index.php?rest_route=%2Fwp%2Fv2%2Fmedia&parent=25765"}],"wp:term":[{"taxonomy":"category","embeddable":true,"href":"https:\/\/kodmalopolska.pl\/index.php?rest_route=%2Fwp%2Fv2%2Fcategories&post=25765"},{"taxonomy":"post_tag","embeddable":true,"href":"https:\/\/kodmalopolska.pl\/index.php?rest_route=%2Fwp%2Fv2%2Ftags&post=25765"}],"curies":[{"name":"wp","href":"https:\/\/api.w.org\/{rel}","templated":true}]}}