{"id":25753,"date":"2021-06-09T22:32:06","date_gmt":"2021-06-09T20:32:06","guid":{"rendered":"https:\/\/kodmalopolska.pl\/?p=25753"},"modified":"2021-06-09T22:32:09","modified_gmt":"2021-06-09T20:32:09","slug":"jezus-maria-podatki-felieton-adama-jaskowa-35","status":"publish","type":"post","link":"https:\/\/kodmalopolska.pl\/?p=25753","title":{"rendered":"Jezus Maria, podatki! Felieton Adama Ja\u015bkowa (35)"},"content":{"rendered":"\n<h4 class=\"wp-block-heading\">Og\u00f3lno\u015bwiatowy trend to dzisiaj zwi\u0119kszenie progresji podatkowej zar\u00f3wno wobec os\u00f3b, jak i firm oraz walka z rajami podatkowymi, optymalizacjami i unikaniem p\u0142acenia podatk\u00f3w. Nad takimi przepisami pracuj\u0105 kraje G-7.<br \/>Polska wy\u0142amuje si\u0119 tradycyjnie ze \u015bwiatowych trend\u00f3w. Propozycje Polskiego (nie)\u0141adu pocz\u0105tkowo wprowadza\u0142y drobne korekty skutkuj\u0105ce minimalnym zwi\u0119kszeniem progresji podatkowej oraz zmniejszeniem klina podatkowego dla os\u00f3b o najni\u017cszych dochodach. Samozwa\u0144czy reprezentanci klasy \u015bredniej podnie\u015bli lament. Szybko jednak zaproponowano korekty, kt\u00f3re maj\u0105 uratowa\u0107 klas\u0119 \u015bredni\u0105 przed fiskusem.<\/h4>\n\n\n\n<p>Widmo podatk\u00f3w kr\u0105\u017cy po Europie, a nawet po \u015bwiecie. Podobno jest tylko jedna rzecz gorsza od komunizmu: w\u0142a\u015bnie podatki. Jak powszechnie wiadomo, w \u015bwiecie biznesu podatki p\u0142ac\u0105 tylko naiwni, mali i biedni. Reszta nie musi, wi\u0119c nie p\u0142aci. Wielkie korporacje nie musz\u0105 p\u0142aci\u0107 podatk\u00f3w, wi\u0119c nie p\u0142ac\u0105. Zmiana, jaka nast\u0105pi\u0142a w administracji Stan\u00f3w Zjednoczonych, mo\u017ce by\u0107 zmian\u0105 rewolucyjn\u0105. Zamiary administracji Bidena wykraczaj\u0105 daleko poza horyzonty wyznaczane przez Obam\u0119, cho\u0107 trzeba przyzna\u0107, \u017ce Biden dzia\u0142a w nieco korzystniejszych warunkach, maj\u0105c przewag\u0119 \u2013 minimaln\u0105, ale jednak \u2013 w Senacie.<\/p>\n\n\n\n<p>To tylko subtelne uwzgl\u0119dnienie rzeczywisto\u015bci przez przyw\u00f3dc\u00f3w najbardziej rozwini\u0119tych kraj\u00f3w. Do realnych wdro\u017ce\u0144 jeszcze droga daleka, tak samo jak do postulowanej przez Bidena podwy\u017cki podatku korporacyjnego do 28% (z 21%), podatku od zysk\u00f3w kapita\u0142owych do 39%, podatku dochodowego dla os\u00f3b fizycznych osi\u0105gaj\u0105cych dochody powy\u017cej 400 tysi\u0119cy dolar\u00f3w.<\/p>\n\n\n\n<p>Porozumienie kraj\u00f3w G-7 dotycz\u0105ce koordynacji podatk\u00f3w CIT jest pierwsz\u0105 rewolucj\u0105 2021 roku, a przynajmniej zapowiedz\u0105 rewolucji. S\u0142ysz\u0119 ju\u017c szloch szko\u0142y chicagowskiej, otwockiej oraz szloch na forum FOR-u. To\u017c to wraca brodata tr\u00f3jca komunistycznych wampir\u00f3w z Marksem na czele! A tak naprawd\u0119 to nawet jeszcze nie milutki Drakula z Hotelu Transylwania.<\/p>\n\n\n\n<p>Podobnie ma si\u0119 rzecz z podatkami od os\u00f3b fizycznych. W kr\u00f3tkim okresie ameryka\u0144skiego raju i prosperity, mi\u0119dzy zako\u0144czeniem wojny w 1945 roku a zako\u0144czeniem prezydentury Johnsona w 1969 roku, kra\u0144cowa stawka podatku dochodowego si\u0119ga\u0142a 90%.<\/p>\n\n\n\n<p>Teraz \u2013 jak odkry\u0142a ameryka\u0144ska fundacja Pro Publica \u2013 dane z zezna\u0144 podatkowych pokazuj\u0105, \u017ce najbogatsi mog\u0105 ca\u0142kowicie legalnie p\u0142aci\u0107 podatki dochodowe b\u0119d\u0105ce niewielkim u\u0142amkiem setek milion\u00f3w, je\u015bli nie miliard\u00f3w, o kt\u00f3re ich fortuny powi\u0119kszaj\u0105 si\u0119 ka\u017cdego roku. Efektywne opodatkowanie najbogatszych w USA jest bliskie zeru. Maj\u0105tek 25 najbogatszych Amerykan\u00f3w wynosi\u0142 w 2018 roku 1,1 biliarda dolar\u00f3w. W tym roku oddali oni fiskusowi 1,9 miliarda dolar\u00f3w, co stanowi 0,2% ich maj\u0105tku.<\/p>\n\n\n\n<p>I w\u0142a\u015bnie o tak\u0105 Ameryk\u0119 w Polsce walczyli\u015bmy, czy\u017c nie?<\/p>\n\n\n\n<p>Po\u015brednie skutki takiej polityki oraz globalizacja uruchomi\u0142a nieko\u0144cz\u0105c\u0105 si\u0119 pogo\u0144 koncern\u00f3w (nie tylko ameryka\u0144skich) za zyskami. Przenoszono produkcj\u0119 do Chin i innych kraj\u00f3w Azji. W rezultacie w roku 2020 Chiny sprzeda\u0142y Ameryce komputery za 68 miliard\u00f3w, smartfony za 62 miliardy dolar\u00f3w i sprz\u0119t telekomunikacyjny o warto\u015bci 18 miliard\u00f3w. Stany Zjednoczone pozostaj\u0105 wa\u017cnym partnerem handlowym Chin i najwa\u017cniejszym dostawc\u0105\u2026 soi.<\/p>\n\n\n\n<p>Andrzej Lubawski cytowa\u0142 w \u201eGazecie Wyborczej\u201d Steve\u2019a Jobsa. Do nadzoru nad dwustu tysi\u0105cami ludzi zatrudnionych przy produkcji iPhone\u2019a potrzeba oko\u0142o 8700 in\u017cynier\u00f3w. Ich znalezienie w USA zaj\u0119\u0142oby dziewi\u0119\u0107 miesi\u0119cy. W Chinach trwa\u0142o to dwa tygodnie.<\/p>\n\n\n\n<p>Jobs pozostawa\u0142 oczywi\u015bcie, tak samo jak jego Apple, specjalist\u0105 od optymalizacji podatkowych. Dzi\u015b liderami w tej dziedzinie s\u0105, co chyba nikogo nie zaskakuje, Elon Musk i Jeff Bezos. Niewiele si\u0119 od nich r\u00f3\u017cni najbogatszy aktualnie cz\u0142owiek \u015bwiata \u2013 Francuz, a w zasadzie dzi\u015b chyba Belg, Bernard Arnault. Belgiem zosta\u0142, uciekaj\u0105c z Francji, oczywi\u015bcie uciekaj\u0105c przed podatkami. Belgia na tym chyba nie zyska\u0142a du\u017co, ewentualnie poza jego op\u0142at\u0105 paszportow\u0105.<\/p>\n\n\n\n<p>Og\u00f3lno\u015bwiatowy trend to dzisiaj zwi\u0119kszanie progresji podatkowej zar\u00f3wno wobec os\u00f3b jak i firm, oraz walka z rajami podatkowymi, optymalizacjami i unikaniem p\u0142acenia podatk\u00f3w. Nad takimi przepisami pracuj\u0105 kraje G-7.<\/p>\n\n\n\n<p>Polska wy\u0142amuje si\u0119 tradycyjnie ze \u015bwiatowych trend\u00f3w. Propozycje Polskiego (nie)\u0141adu pocz\u0105tkowo wprowadza\u0142y drobne korekty skutkuj\u0105ce minimalnym zwi\u0119kszeniem progresji podatkowej oraz zmniejszeniem klina podatkowego dla os\u00f3b o najni\u017cszych dochodach. Samozwa\u0144czy reprezentanci klasy \u015bredniej podnie\u015bli lament. Szybko jednak zaproponowano korekty, kt\u00f3re maj\u0105 uratowa\u0107 klas\u0119 \u015bredni\u0105 przed fiskusem.<\/p>\n\n\n\n<p>Polscy milionerzy na razie nie wypowiadaj\u0105 si\u0119 na temat zmian. Nie wiemy, czy znios\u0105 dzielnie przysz\u0142e dolegliwo\u015bci podatkowe, czy ju\u017c szykuj\u0105 si\u0119 do optymalizacji, czy te\u017c mo\u017ce doskonale wiedz\u0105, \u017ce ze zmian nic nie wyjdzie. Kuluary polityczne ju\u017c plotkuj\u0105 o mo\u017cliwych jesiennych wyborach, kt\u00f3re spowodowa\u0142yby przynajmniej jedno \u2013 to, \u017ce \u017cadnych zmian podatkowych od 1 stycznia 2022 raczej nie b\u0119dzie.<\/p>\n\n\n\n<p>Wygl\u0105da na to, \u017ce najwa\u017cniejsze dla Polski dzie\u0142o ekonomiczne napisa\u0142 Miko\u0142aj Rej. Chodzi oczywi\u015bcie o \u201eKr\u00f3tk\u0105 rozmow\u0119 mi\u0119dzy trzema osobami: Panem, W\u00f3jtem i Plebanem\u201d. W tym tek\u015bcie nie wyst\u0119puje wprawdzie klasa ludowa, bo W\u00f3jt to dzisiejsza klasa \u015brednia, ale dzi\u015b te\u017c klasa ludowa albo nie ma g\u0142osu, albo desperacko udaje \u015bredni\u0105. Pointa natomiast zostaje bez zmian. Ksi\u0105dz Pana wini, a Pan Ksi\u0119dza, a nam biednym zawsze\u2026 dobrobyt. Przynajmniej tak by\u0142o w wersji napisanej przez Ryszarda Marka Gro\u0144skiego dla Kabaretu pod Egid\u0105.<\/p>\n\n\n\n<p>\u017bycie znowu przeros\u0142o kabaret.<\/p>\n\n\n\n<hr class=\"wp-block-separator\"\/>\n\n\n\n<p><em>Felieton jest wyrazem opinii autora. Nie prezentuje stanowiska ZR Ma\u0142opolskie KOD.<\/em><\/p>\n","protected":false},"excerpt":{"rendered":"<p>Og\u00f3lno\u015bwiatowy trend to dzisiaj zwi\u0119kszenie progresji podatkowej zar\u00f3wno wobec os\u00f3b, jak i firm oraz walka z rajami podatkowymi, optymalizacjami i unikaniem p\u0142acenia podatk\u00f3w. Nad takimi przepisami pracuj\u0105 kraje G-7.<br \/>\nPolska wy\u0142amuje si\u0119 tradycyjnie ze \u015bwiatowych trend\u00f3w. Propozycje Polskiego (nie)\u0141adu pocz\u0105tkowo wprowadza\u0142y drobne korekty skutkuj\u0105ce minimalnym zwi\u0119kszeniem progresji podatkowej oraz zmniejszeniem klina podatkowego dla os\u00f3b o najni\u017cszych dochodach. Samozwa\u0144czy reprezentanci klasy \u015bredniej podnie\u015bli lament. Szybko jednak zaproponowano korekty, kt\u00f3re maj\u0105 uratowa\u0107 klas\u0119 \u015bredni\u0105 przed fiskusem.<\/p>\n","protected":false},"author":34,"featured_media":20415,"comment_status":"closed","ping_status":"open","sticky":false,"template":"","format":"standard","meta":{"_EventAllDay":false,"_EventTimezone":"","_EventStartDate":"","_EventEndDate":"","_EventStartDateUTC":"","_EventEndDateUTC":"","_EventShowMap":false,"_EventShowMapLink":false,"_EventURL":"","_EventCost":"","_EventCostDescription":"","_EventCurrencySymbol":"","_EventCurrencyCode":"","_EventCurrencyPosition":"","_EventDateTimeSeparator":"","_EventTimeRangeSeparator":"","_EventOrganizerID":[],"_EventVenueID":[],"_OrganizerEmail":"","_OrganizerPhone":"","_OrganizerWebsite":"","_VenueAddress":"","_VenueCity":"","_VenueCountry":"","_VenueProvince":"","_VenueState":"","_VenueZip":"","_VenuePhone":"","_VenueURL":"","_VenueStateProvince":"","_VenueLat":"","_VenueLng":"","_VenueShowMap":false,"_VenueShowMapLink":false,"footnotes":""},"categories":[596],"tags":[],"class_list":["post-25753","post","type-post","status-publish","format-standard","has-post-thumbnail","hentry","category-felietony","felietony"],"_links":{"self":[{"href":"https:\/\/kodmalopolska.pl\/index.php?rest_route=\/wp\/v2\/posts\/25753","targetHints":{"allow":["GET"]}}],"collection":[{"href":"https:\/\/kodmalopolska.pl\/index.php?rest_route=\/wp\/v2\/posts"}],"about":[{"href":"https:\/\/kodmalopolska.pl\/index.php?rest_route=\/wp\/v2\/types\/post"}],"author":[{"embeddable":true,"href":"https:\/\/kodmalopolska.pl\/index.php?rest_route=\/wp\/v2\/users\/34"}],"replies":[{"embeddable":true,"href":"https:\/\/kodmalopolska.pl\/index.php?rest_route=%2Fwp%2Fv2%2Fcomments&post=25753"}],"version-history":[{"count":0,"href":"https:\/\/kodmalopolska.pl\/index.php?rest_route=\/wp\/v2\/posts\/25753\/revisions"}],"wp:featuredmedia":[{"embeddable":true,"href":"https:\/\/kodmalopolska.pl\/index.php?rest_route=\/wp\/v2\/media\/20415"}],"wp:attachment":[{"href":"https:\/\/kodmalopolska.pl\/index.php?rest_route=%2Fwp%2Fv2%2Fmedia&parent=25753"}],"wp:term":[{"taxonomy":"category","embeddable":true,"href":"https:\/\/kodmalopolska.pl\/index.php?rest_route=%2Fwp%2Fv2%2Fcategories&post=25753"},{"taxonomy":"post_tag","embeddable":true,"href":"https:\/\/kodmalopolska.pl\/index.php?rest_route=%2Fwp%2Fv2%2Ftags&post=25753"}],"curies":[{"name":"wp","href":"https:\/\/api.w.org\/{rel}","templated":true}]}}