{"id":25654,"date":"2021-06-06T11:05:35","date_gmt":"2021-06-06T09:05:35","guid":{"rendered":"https:\/\/kodmalopolska.pl\/?p=25654"},"modified":"2021-06-06T11:06:04","modified_gmt":"2021-06-06T09:06:04","slug":"ii-rajd-im-tadeusza-kusia-relacja","status":"publish","type":"post","link":"https:\/\/kodmalopolska.pl\/?p=25654","title":{"rendered":"II Rajd im. Tadeusza Kusia [RELACJA]"},"content":{"rendered":"\n<p>W rocznic\u0119 4 czerwca spotkali\u015bmy si\u0119 na olkuskim Rynku na II \u015awi\u0119cie Wolno\u015bci im. Tadeusza Kusia. Poza naszym nieod\u017ca\u0142owanym Koleg\u0105, wraz z uczestnikami, w\u015br\u00f3d kt\u00f3rych by\u0142a pani pos\u0142anka R\u00f3\u017ca Thun, by\u0142y burmistrz Olkusza Andrzej Ryszka oraz koderzy z O\u015bwi\u0119cimia, Krakowa i &#8211; oczywi\u015bcie &#8211; samego Olkusza, wspominali\u015bmy dzie\u0144 wybor\u00f3w, kt\u00f3re zmieni\u0142y zwrot naszej historii.<\/p>\n\n\n\n<p>Transmisja: <a href=\"https:\/\/www.facebook.com\/KODMalopolskie\/videos\/513185919869067\">https:\/\/www.facebook.com\/KODMalopolskie\/videos\/513185919869067<\/a><\/p>\n\n\n\n<p>fot. Magdalena Kuba\u0144ska<\/p>\n\n\n\n<figure class=\"wp-block-gallery columns-3 is-cropped wp-block-gallery-1 is-layout-flex wp-block-gallery-is-layout-flex\"><ul class=\"blocks-gallery-grid\"><li class=\"blocks-gallery-item\"><figure><img loading=\"lazy\" decoding=\"async\" width=\"1024\" height=\"1024\" src=\"https:\/\/kodmalopolska.pl\/wp-content\/uploads\/2021\/06\/WhatsApp-Image-2021-06-05-at-21.15.31-1-1024x1024.jpeg\" alt=\"\" data-id=\"25655\" data-full-url=\"https:\/\/kodmalopolska.pl\/wp-content\/uploads\/2021\/06\/WhatsApp-Image-2021-06-05-at-21.15.31-1.jpeg\" data-link=\"https:\/\/kodmalopolska.pl\/?attachment_id=25655\" class=\"wp-image-25655\" srcset=\"https:\/\/kodmalopolska.pl\/wp-content\/uploads\/2021\/06\/WhatsApp-Image-2021-06-05-at-21.15.31-1-1024x1024.jpeg 1024w, https:\/\/kodmalopolska.pl\/wp-content\/uploads\/2021\/06\/WhatsApp-Image-2021-06-05-at-21.15.31-1-400x400.jpeg 400w, https:\/\/kodmalopolska.pl\/wp-content\/uploads\/2021\/06\/WhatsApp-Image-2021-06-05-at-21.15.31-1-150x150.jpeg 150w, https:\/\/kodmalopolska.pl\/wp-content\/uploads\/2021\/06\/WhatsApp-Image-2021-06-05-at-21.15.31-1-493x493.jpeg 493w, https:\/\/kodmalopolska.pl\/wp-content\/uploads\/2021\/06\/WhatsApp-Image-2021-06-05-at-21.15.31-1.jpeg 1440w\" sizes=\"auto, (max-width: 1024px) 100vw, 1024px\" \/><\/figure><\/li><li class=\"blocks-gallery-item\"><figure><img loading=\"lazy\" decoding=\"async\" width=\"1024\" height=\"1024\" src=\"https:\/\/kodmalopolska.pl\/wp-content\/uploads\/2021\/06\/WhatsApp-Image-2021-06-05-at-21.15.31-2-1024x1024.jpeg\" alt=\"\" data-id=\"25656\" data-full-url=\"https:\/\/kodmalopolska.pl\/wp-content\/uploads\/2021\/06\/WhatsApp-Image-2021-06-05-at-21.15.31-2.jpeg\" data-link=\"https:\/\/kodmalopolska.pl\/?attachment_id=25656\" class=\"wp-image-25656\" srcset=\"https:\/\/kodmalopolska.pl\/wp-content\/uploads\/2021\/06\/WhatsApp-Image-2021-06-05-at-21.15.31-2-1024x1024.jpeg 1024w, https:\/\/kodmalopolska.pl\/wp-content\/uploads\/2021\/06\/WhatsApp-Image-2021-06-05-at-21.15.31-2-400x400.jpeg 400w, https:\/\/kodmalopolska.pl\/wp-content\/uploads\/2021\/06\/WhatsApp-Image-2021-06-05-at-21.15.31-2-150x150.jpeg 150w, https:\/\/kodmalopolska.pl\/wp-content\/uploads\/2021\/06\/WhatsApp-Image-2021-06-05-at-21.15.31-2-493x493.jpeg 493w, https:\/\/kodmalopolska.pl\/wp-content\/uploads\/2021\/06\/WhatsApp-Image-2021-06-05-at-21.15.31-2.jpeg 1440w\" sizes=\"auto, (max-width: 1024px) 100vw, 1024px\" \/><\/figure><\/li><li class=\"blocks-gallery-item\"><figure><img loading=\"lazy\" decoding=\"async\" width=\"1024\" height=\"1024\" src=\"https:\/\/kodmalopolska.pl\/wp-content\/uploads\/2021\/06\/WhatsApp-Image-2021-06-05-at-21.15.31-1024x1024.jpeg\" alt=\"\" data-id=\"25657\" data-full-url=\"https:\/\/kodmalopolska.pl\/wp-content\/uploads\/2021\/06\/WhatsApp-Image-2021-06-05-at-21.15.31.jpeg\" data-link=\"https:\/\/kodmalopolska.pl\/?attachment_id=25657\" class=\"wp-image-25657\" srcset=\"https:\/\/kodmalopolska.pl\/wp-content\/uploads\/2021\/06\/WhatsApp-Image-2021-06-05-at-21.15.31-1024x1024.jpeg 1024w, https:\/\/kodmalopolska.pl\/wp-content\/uploads\/2021\/06\/WhatsApp-Image-2021-06-05-at-21.15.31-400x400.jpeg 400w, https:\/\/kodmalopolska.pl\/wp-content\/uploads\/2021\/06\/WhatsApp-Image-2021-06-05-at-21.15.31-150x150.jpeg 150w, https:\/\/kodmalopolska.pl\/wp-content\/uploads\/2021\/06\/WhatsApp-Image-2021-06-05-at-21.15.31-493x493.jpeg 493w, https:\/\/kodmalopolska.pl\/wp-content\/uploads\/2021\/06\/WhatsApp-Image-2021-06-05-at-21.15.31.jpeg 1440w\" sizes=\"auto, (max-width: 1024px) 100vw, 1024px\" \/><\/figure><\/li><\/ul><\/figure>\n","protected":false},"excerpt":{"rendered":"<p>W rocznic\u0119 4 czerwca spotkali\u015bmy si\u0119 na olkuskim Rynku na II \u015awi\u0119cie Wolno\u015bci im. Tadeusza Kusia. Poza naszym nieod\u017ca\u0142owanym Koleg\u0105, [&#8230;]<\/p>\n","protected":false},"author":24,"featured_media":25655,"comment_status":"closed","ping_status":"open","sticky":false,"template":"","format":"standard","meta":{"_EventAllDay":false,"_EventTimezone":"","_EventStartDate":"","_EventEndDate":"","_EventStartDateUTC":"","_EventEndDateUTC":"","_EventShowMap":false,"_EventShowMapLink":false,"_EventURL":"","_EventCost":"","_EventCostDescription":"","_EventCurrencySymbol":"","_EventCurrencyCode":"","_EventCurrencyPosition":"","_EventDateTimeSeparator":"","_EventTimeRangeSeparator":"","_EventOrganizerID":[],"_EventVenueID":[],"_OrganizerEmail":"","_OrganizerPhone":"","_OrganizerWebsite":"","_VenueAddress":"","_VenueCity":"","_VenueCountry":"","_VenueProvince":"","_VenueState":"","_VenueZip":"","_VenuePhone":"","_VenueURL":"","_VenueStateProvince":"","_VenueLat":"","_VenueLng":"","_VenueShowMap":false,"_VenueShowMapLink":false,"footnotes":""},"categories":[28],"tags":[],"class_list":["post-25654","post","type-post","status-publish","format-standard","has-post-thumbnail","hentry","category-malopolskie-news","malopolskie-news"],"_links":{"self":[{"href":"https:\/\/kodmalopolska.pl\/index.php?rest_route=\/wp\/v2\/posts\/25654","targetHints":{"allow":["GET"]}}],"collection":[{"href":"https:\/\/kodmalopolska.pl\/index.php?rest_route=\/wp\/v2\/posts"}],"about":[{"href":"https:\/\/kodmalopolska.pl\/index.php?rest_route=\/wp\/v2\/types\/post"}],"author":[{"embeddable":true,"href":"https:\/\/kodmalopolska.pl\/index.php?rest_route=\/wp\/v2\/users\/24"}],"replies":[{"embeddable":true,"href":"https:\/\/kodmalopolska.pl\/index.php?rest_route=%2Fwp%2Fv2%2Fcomments&post=25654"}],"version-history":[{"count":0,"href":"https:\/\/kodmalopolska.pl\/index.php?rest_route=\/wp\/v2\/posts\/25654\/revisions"}],"wp:featuredmedia":[{"embeddable":true,"href":"https:\/\/kodmalopolska.pl\/index.php?rest_route=\/wp\/v2\/media\/25655"}],"wp:attachment":[{"href":"https:\/\/kodmalopolska.pl\/index.php?rest_route=%2Fwp%2Fv2%2Fmedia&parent=25654"}],"wp:term":[{"taxonomy":"category","embeddable":true,"href":"https:\/\/kodmalopolska.pl\/index.php?rest_route=%2Fwp%2Fv2%2Fcategories&post=25654"},{"taxonomy":"post_tag","embeddable":true,"href":"https:\/\/kodmalopolska.pl\/index.php?rest_route=%2Fwp%2Fv2%2Ftags&post=25654"}],"curies":[{"name":"wp","href":"https:\/\/api.w.org\/{rel}","templated":true}]}}