{"id":25571,"date":"2021-06-03T13:29:14","date_gmt":"2021-06-03T11:29:14","guid":{"rendered":"https:\/\/kodmalopolska.pl\/?p=25571"},"modified":"2021-06-03T13:29:17","modified_gmt":"2021-06-03T11:29:17","slug":"i-co-nam-zrobicie-felieton-dariusza-szostka-17","status":"publish","type":"post","link":"https:\/\/kodmalopolska.pl\/?p=25571","title":{"rendered":"I co nam zrobicie? Felieton Dariusza Szostka (17)"},"content":{"rendered":"\n<h4 class=\"wp-block-heading\">Charakterystyczn\u0105 cech\u0105 systemu kontroli w\u0142adzy powinna by\u0107 praworz\u0105dno\u015b\u0107. My ju\u017c praktycznie takiego systemu nie mamy, a politycy i spo\u0142ecze\u0144stwo zoboj\u0119tnieli wobec naruszania prawa. Pi\u0119\u0107 lat prania m\u00f3zgu wystarczy\u0142o\u2026<\/h4>\n\n\n\n<p>Wczoraj (2 czerwca) media internetowe obieg\u0142a nieoficjalna wiadomo\u015b\u0107, \u017ce odmowa wszcz\u0119cia \u015bledztwa w sprawie wniosk\u00f3w prezesa NIK Mariana Banasia dotycz\u0105cych nieprawid\u0142owo\u015bci przy pr\u00f3bie przeprowadzenia korespondencyjnych wybor\u00f3w prezydenckich jest ju\u017c w zasadzie postanowiona, i to bez post\u0119powania sprawdzaj\u0105cego (informacja ze \u017ar\u00f3de\u0142 Onet.pl w prokuraturze). Decyzja zapad\u0142a na najwy\u017cszych szczeblach prokuratury. Wiadomo\u015b\u0107 ta nikogo nie zaskoczy\u0142a ani nawet nie by\u0142a przez dziennikarzy szerzej omawiana. Czekamy na oficjalny komunikat, ale niespodzianki raczej nie b\u0119dzie.<\/p>\n\n\n\n<p>Wida\u0107 tu jak w soczewce poziom demokracji w Polsce, iluzoryczno\u015b\u0107 podzia\u0142u w\u0142adzy, upolitycznienie organ\u00f3w pa\u0144stwowych i kontrolnych. I nic w tym zaskakuj\u0105cego, podobnie jak nie zaskakuje formu\u0142owana przez wi\u0119kszo\u015b\u0107 prawnik\u00f3w ocena dzia\u0142a\u0144 w\u0142adzy w zakresie wybor\u00f3w korespondencyjnych. Ale te\u017c jak w soczewce wida\u0107 tu jako\u015b\u0107 opozycji, kt\u00f3ra kwituje tak\u0105 wiadomo\u015b\u0107 wzruszeniem ramion, kilkoma zdaniami na konferencji prasowej \u2013 i tyle, bo c\u00f3\u017c my mo\u017cemy? Wida\u0107 tak\u017ce kondycj\u0119 spo\u0142ecze\u0144stwa, kt\u00f3re zm\u0119czone covidem, grami politycznymi i pustos\u0142owiem, kibicuj\u0105c b\u0105d\u017a jednej, b\u0105d\u017a drugiej stronie, te\u017c wzrusza ramionami: przecie\u017c my nic nie mo\u017cemy\u2026<\/p>\n\n\n\n<p>Bierno\u015b\u0107 \u2013 idealny stan dla rz\u0105d\u00f3w niedemokratycznych. Czas si\u0119 przebudzi\u0107 i zacz\u0105\u0107 aktywnie uczestniczy\u0107 w \u017cyciu spo\u0142ecznym, ale i politycznym. W przeciwnym razie nasze pa\u0144stwo, nasze prawa, a tak\u017ce \u2013 jak wida\u0107 \u2013 \u015brodki publiczne b\u0119d\u0105 jeszcze intensywniej zaw\u0142aszczane.<\/p>\n\n\n\n<p>Czy podobnie wygl\u0105da to za granic\u0105? I tak, i nie. W USA prezydenta Trumpa postawiono w stan oskar\u017cenia, a politycznie \u201euwolniono\u201d go dopiero w Kongresie. Aktualnie toczy si\u0119 przeciw niemu szereg post\u0119powa\u0144, kt\u00f3re by\u0142y przygotowywane przez niezale\u017cne organy jeszcze w czasach, gdy Trump korzysta\u0142 z immunitetu. A czy kto\u015b z nas wyobra\u017ca sobie, \u017ce w Niemczech wzruszano by ramionami, gdyby najwa\u017cniejsze organy kontroli z\u0142o\u017cy\u0142y do prokuratury wniosek o wszcz\u0119cie post\u0119powania w sprawie nieprawid\u0142owych dzia\u0142a\u0144 rz\u0105du kosztuj\u0105cych dziesi\u0105tki milion\u00f3w euro? Sytuacja taka odbi\u0142aby si\u0119 echem na ca\u0142ym \u015bwiecie i doprowadzi\u0142a do upadku rz\u0105du Niemiec. Nikogo z nas natomiast nie zdziwi\u0142aby bierno\u015b\u0107 organ\u00f3w Bia\u0142orusi, Turcji czy Rosji.<\/p>\n\n\n\n<p>Czy Polska le\u017cy mi\u0119dzy Wschodem a Zachodem? Czy mo\u017ce dryfuje coraz dalej od Zachodu, od Europy \u015arodkowej, a coraz bli\u017cej Wschodu? Wzruszajmy ramionami dalej.<\/p>\n\n\n\n<hr class=\"wp-block-separator\"\/>\n\n\n\n<p><em>Felieton jest wyrazem opinii autora. Nie prezentuje stanowiska ZR Ma\u0142opolskie KOD.<\/em><\/p>\n","protected":false},"excerpt":{"rendered":"<p>Charakterystyczn\u0105 cech\u0105 systemu kontroli w\u0142adzy powinna by\u0107 praworz\u0105dno\u015b\u0107. My ju\u017c praktycznie takiego systemu nie mamy, a politycy i spo\u0142ecze\u0144stwo zoboj\u0119tnieli wobec naruszania prawa. Pi\u0119\u0107 lat prania m\u00f3zgu wystarczy\u0142o\u2026<\/p>\n","protected":false},"author":34,"featured_media":19897,"comment_status":"closed","ping_status":"open","sticky":false,"template":"","format":"standard","meta":{"_EventAllDay":false,"_EventTimezone":"","_EventStartDate":"","_EventEndDate":"","_EventStartDateUTC":"","_EventEndDateUTC":"","_EventShowMap":false,"_EventShowMapLink":false,"_EventURL":"","_EventCost":"","_EventCostDescription":"","_EventCurrencySymbol":"","_EventCurrencyCode":"","_EventCurrencyPosition":"","_EventDateTimeSeparator":"","_EventTimeRangeSeparator":"","_EventOrganizerID":[],"_EventVenueID":[],"_OrganizerEmail":"","_OrganizerPhone":"","_OrganizerWebsite":"","_VenueAddress":"","_VenueCity":"","_VenueCountry":"","_VenueProvince":"","_VenueState":"","_VenueZip":"","_VenuePhone":"","_VenueURL":"","_VenueStateProvince":"","_VenueLat":"","_VenueLng":"","_VenueShowMap":false,"_VenueShowMapLink":false,"footnotes":""},"categories":[596],"tags":[],"class_list":["post-25571","post","type-post","status-publish","format-standard","has-post-thumbnail","hentry","category-felietony","felietony"],"_links":{"self":[{"href":"https:\/\/kodmalopolska.pl\/index.php?rest_route=\/wp\/v2\/posts\/25571","targetHints":{"allow":["GET"]}}],"collection":[{"href":"https:\/\/kodmalopolska.pl\/index.php?rest_route=\/wp\/v2\/posts"}],"about":[{"href":"https:\/\/kodmalopolska.pl\/index.php?rest_route=\/wp\/v2\/types\/post"}],"author":[{"embeddable":true,"href":"https:\/\/kodmalopolska.pl\/index.php?rest_route=\/wp\/v2\/users\/34"}],"replies":[{"embeddable":true,"href":"https:\/\/kodmalopolska.pl\/index.php?rest_route=%2Fwp%2Fv2%2Fcomments&post=25571"}],"version-history":[{"count":0,"href":"https:\/\/kodmalopolska.pl\/index.php?rest_route=\/wp\/v2\/posts\/25571\/revisions"}],"wp:featuredmedia":[{"embeddable":true,"href":"https:\/\/kodmalopolska.pl\/index.php?rest_route=\/wp\/v2\/media\/19897"}],"wp:attachment":[{"href":"https:\/\/kodmalopolska.pl\/index.php?rest_route=%2Fwp%2Fv2%2Fmedia&parent=25571"}],"wp:term":[{"taxonomy":"category","embeddable":true,"href":"https:\/\/kodmalopolska.pl\/index.php?rest_route=%2Fwp%2Fv2%2Fcategories&post=25571"},{"taxonomy":"post_tag","embeddable":true,"href":"https:\/\/kodmalopolska.pl\/index.php?rest_route=%2Fwp%2Fv2%2Ftags&post=25571"}],"curies":[{"name":"wp","href":"https:\/\/api.w.org\/{rel}","templated":true}]}}