{"id":25549,"date":"2021-06-02T21:08:04","date_gmt":"2021-06-02T19:08:04","guid":{"rendered":"https:\/\/kodmalopolska.pl\/?p=25549"},"modified":"2021-06-02T21:08:09","modified_gmt":"2021-06-02T19:08:09","slug":"antysystemowiec-felieton-fryderyka-zolla-305","status":"publish","type":"post","link":"https:\/\/kodmalopolska.pl\/?p=25549","title":{"rendered":"Antysystemowiec. Felieton Fryderyka Zolla (305)"},"content":{"rendered":"\n<h4 class=\"wp-block-heading\">Podpisanie przez Paw\u0142a Kukiza aktu poparcia dla PiS\u2011u Kaczy\u0144skiego stanowi ukoronowanie aktywno\u015bci politycznej tego antysystemowca.<\/h4>\n\n\n\n<p>By\u0142a to droga zawi\u0142a \u2013 od pr\u00f3by przeforsowania modelu wyborczego, kt\u00f3ry mia\u0142 wzmacnia\u0107 demokracj\u0119 (s\u0142ynne JOW), a\u017c do sojuszu z faszyzuj\u0105cym, antywolno\u015bciowym i antydemokratycznym ugrupowaniem niszcz\u0105cym Polsk\u0119.<br \/>Mo\u017cna si\u0119 zastanawia\u0107, czy ta najnowsza decyzja Kukiza stanowi ewentualny przedmiot zainteresowania dla poszukiwaczy sprzeczno\u015bci, czy \u2013 przeciwnie \u2013 jest sp\u00f3jnym posuni\u0119ciem rockmana, zgodnym z jego pogl\u0105dami. Co zabawne, Kukiz udzieli\u0142 poparcia w zamian za rozmow\u0119, przy czym mieszany model wyborczy, o kt\u00f3ry chcia\u0142 zabiega\u0107, zosta\u0142 przez popieranego wy\u015bmiany i zbyty mglist\u0105 obietnic\u0105 dyskusji. O tyle jest to konsekwentne, \u017ce w\u0142a\u015bciwie nie wiadomo, za czym (opr\u00f3cz PiS\u2011u) Kukiz si\u0119 opowiada i co w polityce stara si\u0119 osi\u0105gn\u0105\u0107. Cho\u0107 mo\u017ce si\u0119 myl\u0119. Mo\u017ce sztandarowa antysystemowo\u015b\u0107 polega w\u0142a\u015bnie na d\u0105\u017ceniu do zdemontowania systemu pa\u0144stwa prawa i demokracji. Sama idea JOW, jedyny element programu politycznego g\u0142oszony przez Kukiza, jest czym\u015b idealnie obcym logice Kaczy\u0144skiego, kt\u00f3ry chce mie\u0107 pe\u0142ni\u0119 w\u0142adzy \u2013 tak\u017ce nad procesem wyborczym. Na razie Kukiz wykiwa\u0142 Gowina i w\u0142a\u015bciwie tylko tyle wynika ze strzelistego aktu poparcia. A je\u015bli nast\u0105pi jakie\u015b przesilenie, kukizowcy tak si\u0119 rozejd\u0105 na wszystkie strony, \u017ce nawet sam Kukiz nie b\u0119dzie m\u00f3g\u0142 zachowa\u0107 jakiejkolwiek sp\u00f3jno\u015bci.<br \/>W sumie dosz\u0142o do czego\u015b bez znaczenia, czego\u015b na miar\u0119 naszej polityki. Ciekaw jestem, czy Kukiz dostanie jakie\u015b konfitury autorytaryzmu, czy raczej czeka go los tych nieszcz\u0119\u015bnik\u00f3w, kt\u00f3rzy do PZPR wst\u0119powali w 89 roku. Zobaczymy. Historia si\u0119 toczy dalej.<\/p>\n\n\n\n<hr class=\"wp-block-separator\"\/>\n\n\n\n<p><em>Felieton jest wyrazem opinii autora. Nie prezentuje stanowiska ZR Ma\u0142opolskie KOD.<\/em><\/p>\n","protected":false},"excerpt":{"rendered":"<p>Podpisanie przez Paw\u0142a Kukiza aktu poparcia dla PiS\u2011u Kaczy\u0144skiego stanowi ukoronowanie aktywno\u015bci politycznej tego antysystemowca. <\/p>\n","protected":false},"author":34,"featured_media":24583,"comment_status":"closed","ping_status":"open","sticky":false,"template":"","format":"standard","meta":{"_EventAllDay":false,"_EventTimezone":"","_EventStartDate":"","_EventEndDate":"","_EventStartDateUTC":"","_EventEndDateUTC":"","_EventShowMap":false,"_EventShowMapLink":false,"_EventURL":"","_EventCost":"","_EventCostDescription":"","_EventCurrencySymbol":"","_EventCurrencyCode":"","_EventCurrencyPosition":"","_EventDateTimeSeparator":"","_EventTimeRangeSeparator":"","_EventOrganizerID":[],"_EventVenueID":[],"_OrganizerEmail":"","_OrganizerPhone":"","_OrganizerWebsite":"","_VenueAddress":"","_VenueCity":"","_VenueCountry":"","_VenueProvince":"","_VenueState":"","_VenueZip":"","_VenuePhone":"","_VenueURL":"","_VenueStateProvince":"","_VenueLat":"","_VenueLng":"","_VenueShowMap":false,"_VenueShowMapLink":false,"footnotes":""},"categories":[596],"tags":[],"class_list":["post-25549","post","type-post","status-publish","format-standard","has-post-thumbnail","hentry","category-felietony","felietony"],"_links":{"self":[{"href":"https:\/\/kodmalopolska.pl\/index.php?rest_route=\/wp\/v2\/posts\/25549","targetHints":{"allow":["GET"]}}],"collection":[{"href":"https:\/\/kodmalopolska.pl\/index.php?rest_route=\/wp\/v2\/posts"}],"about":[{"href":"https:\/\/kodmalopolska.pl\/index.php?rest_route=\/wp\/v2\/types\/post"}],"author":[{"embeddable":true,"href":"https:\/\/kodmalopolska.pl\/index.php?rest_route=\/wp\/v2\/users\/34"}],"replies":[{"embeddable":true,"href":"https:\/\/kodmalopolska.pl\/index.php?rest_route=%2Fwp%2Fv2%2Fcomments&post=25549"}],"version-history":[{"count":0,"href":"https:\/\/kodmalopolska.pl\/index.php?rest_route=\/wp\/v2\/posts\/25549\/revisions"}],"wp:featuredmedia":[{"embeddable":true,"href":"https:\/\/kodmalopolska.pl\/index.php?rest_route=\/wp\/v2\/media\/24583"}],"wp:attachment":[{"href":"https:\/\/kodmalopolska.pl\/index.php?rest_route=%2Fwp%2Fv2%2Fmedia&parent=25549"}],"wp:term":[{"taxonomy":"category","embeddable":true,"href":"https:\/\/kodmalopolska.pl\/index.php?rest_route=%2Fwp%2Fv2%2Fcategories&post=25549"},{"taxonomy":"post_tag","embeddable":true,"href":"https:\/\/kodmalopolska.pl\/index.php?rest_route=%2Fwp%2Fv2%2Ftags&post=25549"}],"curies":[{"name":"wp","href":"https:\/\/api.w.org\/{rel}","templated":true}]}}