{"id":25456,"date":"2021-05-25T22:05:10","date_gmt":"2021-05-25T20:05:10","guid":{"rendered":"https:\/\/kodmalopolska.pl\/?p=25456"},"modified":"2021-05-25T22:10:43","modified_gmt":"2021-05-25T20:10:43","slug":"polska-i-jej-obrazy-felieton-marcina-nowaka-35","status":"publish","type":"post","link":"https:\/\/kodmalopolska.pl\/?p=25456","title":{"rendered":"Polska i jej obrazy. Felieton Marcina Nowaka (35)"},"content":{"rendered":"\n<h4 class=\"wp-block-heading\">Polski zawodnik w europejskiej dru\u017cynie kwestionuje wszystkie gwizdki i \u017c\u00f3\u0142te kartki s\u0119dziego. Zamiast pomaga\u0107 w zdobywaniu goli w \u015bwiatowych rozgrywkach, nie tylko nie potrafi wsp\u00f3\u0142pracowa\u0107 ze swoim zespo\u0142em, ale nawet strzela samob\u00f3je. A\u017c chcia\u0142oby si\u0119 powiedzie\u0107, \u017ce s\u0142owo \u201ezawodnik\u201d pochodzi od czasownika \u201ezawodzi\u0107\u201d, bo w europejskiej dru\u017cynie Polska zawodzi, i to na ca\u0142ej linii.<\/h4>\n\n\n\n<p>Zastanawiam si\u0119 ostatnio nad obrazem Polski we wsp\u00f3\u0142czesnym \u015bwiecie.<\/p>\n\n\n\n<p>Wybory Miss Universe. Nasza kandydatka paraduje w body przypominaj\u0105cym pancerz z do\u0142\u0105czonymi skrzyd\u0142ami husarskimi, ci\u0105gn\u0105c za sob\u0105 ogromn\u0105 bia\u0142o-czerwon\u0105 flag\u0119. Co projektant tego stroju m\u00f3g\u0142 mie\u0107 na my\u015bli? Zredukowanie kobiety do przedmiotu po\u017c\u0105dania seksualnego? Podkre\u015blenie s\u0142owia\u0144skiego pi\u0119kna? Zbezczeszczenie polskiej flagi i historii? Ukazanie Polski jako budz\u0105cej po\u017c\u0105danie? I co widz spoza naszych granic zrozumia\u0142 z tego przekazu?<\/p>\n\n\n\n<p>Rafa\u0142 Brzozowski na konkursie Eurowizji, imituj\u0105c look prezesa TVP, wykonuje piosenk\u0119, kt\u00f3rej tekst w\u0142a\u015bciwie nic nie m\u00f3wi, a rytm nawi\u0105zuje do muzycznego stylu disco polo. Jego mentor Jacek Kurski zapewnia, \u017ce by\u0142 to najlepszy wyst\u0119p na Eurowizji 2021. Jak\u0105 mocn\u0105 stron\u0119 naszej aktualnej rzeczywisto\u015bci Polska chcia\u0142a w ten spos\u00f3b zaprezentowa\u0107?<\/p>\n\n\n\n<p>Zbigniew Ziobro sprzeciwia si\u0119 orzeczeniu Europejskiego Trybuna\u0142u Sprawiedliwo\u015bci, kt\u00f3ry stwierdzi\u0142, \u017ce przepisy o tzw. Izbie Dyscyplinarnej S\u0105du Najwy\u017cszego s\u0105 niezgodne z europejskim prawem. Rz\u0105d bojkotuje decyzj\u0119 TSUE w sprawie kopalni Tur\u00f3w. Czy tymi posuni\u0119ciami Polska nie pokazuje innym pa\u0144stwom Europy, \u017ce nie mo\u017cna na niej polega\u0107? W \u015bwiatowych rozgrywkach licz\u0105 si\u0119 jednolite zasady wsp\u00f3\u0142pracy w europejskiej dru\u017cynie. Od ich respektowania zale\u017cy zwyci\u0119stwo nas wszystkich.<\/p>\n\n\n\n<p>Kiedy Parlament Europejski domaga si\u0119 utworzenia mechanizm\u00f3w kontroli nad sposobem wydatkowania pieni\u0119dzy w ramach unijnego Funduszu Odbudowy, europos\u0142owie partii rz\u0105dz\u0105cej g\u0142osuj\u0105 przeciw tej propozycji. Czy Polska nie m\u00f3wi przez to swoim europejskim partnerom: nie mo\u017cecie nam ufa\u0107?<\/p>\n\n\n\n<p>Kilka lat temu: g\u0142osowanie nad ponownym wyborem Donalda Tuska na szefa Rady Europejskiej. 27 kraj\u00f3w za, jeden kraj przeciw. Polski g\u0142os sprzeciwu, wyra\u017cony przez premier Szyd\u0142o. Jak odebrali to europejscy partnerzy? Rodaczka nie popiera rodaka.<\/p>\n\n\n\n<p>Premier Morawiecki spotyka si\u0119 z Matteo Salvinim \u2013 cz\u0142owiekiem, kt\u00f3ry nie kryje sympatii do Putina \u2013 i z Wiktorem Orbanem, kt\u00f3ry z r\u00f3wnym zaci\u0119ciem prowadzi polityk\u0119 antyeuropejsk\u0105, umacniaj\u0105c sw\u00f3j autokratyzm. Putin w\u0142a\u015bnie pogratulowa\u0142 \u0141ukaszence porwania samolotu kursowych linii lotniczych po to, by aresztowa\u0107 opozycyjnego dziennikarza. Jak teraz wygl\u0105da pozycja negocjacyjna Mateusza Morawieckiego w Brukseli w sprawie na\u0142o\u017cenia sankcji na Bia\u0142oru\u015b?<\/p>\n\n\n\n<p>Debata nad mechanizmem relokacji mi\u0119dzy kraje europejskie uchod\u017ac\u00f3w nap\u0142ywaj\u0105cych na nasz kontynent. Polska, kraj mlekiem i miodem p\u0142yn\u0105cy, jest przeciwna. Czy nie dowodzi tym swojego egoizmu wobec europejskich partner\u00f3w, ale te\u017c wobec samych uchod\u017ac\u00f3w, szukaj\u0105cych godnego \u017cycia?<\/p>\n\n\n\n<p>W Polsce przyj\u0119to ustaw\u0119, kt\u00f3ra znosi obowi\u0105zek wykazania si\u0119 kwalifikacjami do pe\u0142nienia funkcji ambasadora Polski za granic\u0105, co w praktyce oznacza, \u017ce osob\u0105 tak\u0105 b\u0119dzie m\u00f3g\u0142 zosta\u0107 ka\u017cdy, nawet kto\u015b bez znajomo\u015bci j\u0119zyka obcego. Czy takie niekompetentne osoby b\u0119d\u0105 w stanie przygotowa\u0107 grunt pod dobre relacje mi\u0119dzypa\u0144stwowe?<\/p>\n\n\n\n<p>Polski zawodnik w europejskiej dru\u017cynie kwestionuje wszystkie gwizdki i \u017c\u00f3\u0142te kartki s\u0119dziego. Zamiast pomaga\u0107 w zdobywaniu goli w \u015bwiatowych rozgrywkach, nie tylko nie potrafi wsp\u00f3\u0142pracowa\u0107 ze swoim zespo\u0142em, ale nawet strzela samob\u00f3je. A\u017c chcia\u0142oby si\u0119 powiedzie\u0107, \u017ce s\u0142owo \u201ezawodnik\u201d pochodzi od czasownika \u201ezawodzi\u0107\u201d, bo w europejskiej dru\u017cynie Polska zawodzi, i to na ca\u0142ej linii.<\/p>\n\n\n\n<p>Od sze\u015bciu lat rz\u0105dzi Polsk\u0105 Zjednoczona Prawica \u2013 koalicja Prawa i Sprawiedliwo\u015bci, Solidarnej Polski i Porozumienia, a tak\u017ce TVP. Wydawa\u0107 by si\u0119 mog\u0142o, \u017ce partie, kt\u00f3re maj\u0105 w swoich nazwach tak cenione w spo\u0142ecze\u0144stwie poj\u0119cia, powinny robi\u0107 wszystko, by kreowa\u0107 zgodny z ich znaczeniem, sp\u00f3jny obraz Polski jako kraju solidarnego, przestrzegaj\u0105cego zasad prawa i sprawiedliwo\u015bci, szukaj\u0105cego porozumienia i dobrych rozwi\u0105za\u0144 dla siebie i swoich s\u0105siad\u00f3w. A telewizja publiczna powinna ten obraz podtrzymywa\u0107. Tymczasem od sze\u015bciu lat rz\u0105dz\u0105cy w komitywie z TVP buduj\u0105 wizerunek Polski, kt\u00f3ry wykazuje wszystkie cechy \u2013 z wyj\u0105tkiem tych w\u0142a\u015bnie.<\/p>\n\n\n\n<hr class=\"wp-block-separator\"\/>\n\n\n\n<p><em>Felieton jest wyrazem opinii autora. Nie prezentuje stanowiska ZR Ma\u0142opolskie KOD.<\/em><\/p>\n","protected":false},"excerpt":{"rendered":"<p>Polski zawodnik w europejskiej dru\u017cynie kwestionuje wszystkie gwizdki i \u017c\u00f3\u0142te kartki s\u0119dziego. Zamiast pomaga\u0107 w zdobywaniu goli w \u015bwiatowych rozgrywkach, nie tylko nie potrafi wsp\u00f3\u0142pracowa\u0107 ze swoim zespo\u0142em, ale nawet strzela samob\u00f3je. A\u017c chcia\u0142oby si\u0119 powiedzie\u0107, \u017ce s\u0142owo \u201ezawodnik\u201d pochodzi od czasownika \u201ezawodzi\u0107\u201d, bo w europejskiej dru\u017cynie Polska zawodzi, i to na ca\u0142ej linii.<\/p>\n","protected":false},"author":34,"featured_media":18827,"comment_status":"closed","ping_status":"open","sticky":false,"template":"","format":"standard","meta":{"_EventAllDay":false,"_EventTimezone":"","_EventStartDate":"","_EventEndDate":"","_EventStartDateUTC":"","_EventEndDateUTC":"","_EventShowMap":false,"_EventShowMapLink":false,"_EventURL":"","_EventCost":"","_EventCostDescription":"","_EventCurrencySymbol":"","_EventCurrencyCode":"","_EventCurrencyPosition":"","_EventDateTimeSeparator":"","_EventTimeRangeSeparator":"","_EventOrganizerID":[],"_EventVenueID":[],"_OrganizerEmail":"","_OrganizerPhone":"","_OrganizerWebsite":"","_VenueAddress":"","_VenueCity":"","_VenueCountry":"","_VenueProvince":"","_VenueState":"","_VenueZip":"","_VenuePhone":"","_VenueURL":"","_VenueStateProvince":"","_VenueLat":"","_VenueLng":"","_VenueShowMap":false,"_VenueShowMapLink":false,"footnotes":""},"categories":[596],"tags":[],"class_list":["post-25456","post","type-post","status-publish","format-standard","has-post-thumbnail","hentry","category-felietony","felietony"],"_links":{"self":[{"href":"https:\/\/kodmalopolska.pl\/index.php?rest_route=\/wp\/v2\/posts\/25456","targetHints":{"allow":["GET"]}}],"collection":[{"href":"https:\/\/kodmalopolska.pl\/index.php?rest_route=\/wp\/v2\/posts"}],"about":[{"href":"https:\/\/kodmalopolska.pl\/index.php?rest_route=\/wp\/v2\/types\/post"}],"author":[{"embeddable":true,"href":"https:\/\/kodmalopolska.pl\/index.php?rest_route=\/wp\/v2\/users\/34"}],"replies":[{"embeddable":true,"href":"https:\/\/kodmalopolska.pl\/index.php?rest_route=%2Fwp%2Fv2%2Fcomments&post=25456"}],"version-history":[{"count":0,"href":"https:\/\/kodmalopolska.pl\/index.php?rest_route=\/wp\/v2\/posts\/25456\/revisions"}],"wp:featuredmedia":[{"embeddable":true,"href":"https:\/\/kodmalopolska.pl\/index.php?rest_route=\/wp\/v2\/media\/18827"}],"wp:attachment":[{"href":"https:\/\/kodmalopolska.pl\/index.php?rest_route=%2Fwp%2Fv2%2Fmedia&parent=25456"}],"wp:term":[{"taxonomy":"category","embeddable":true,"href":"https:\/\/kodmalopolska.pl\/index.php?rest_route=%2Fwp%2Fv2%2Fcategories&post=25456"},{"taxonomy":"post_tag","embeddable":true,"href":"https:\/\/kodmalopolska.pl\/index.php?rest_route=%2Fwp%2Fv2%2Ftags&post=25456"}],"curies":[{"name":"wp","href":"https:\/\/api.w.org\/{rel}","templated":true}]}}