{"id":25436,"date":"2021-05-23T13:42:36","date_gmt":"2021-05-23T11:42:36","guid":{"rendered":"https:\/\/kodmalopolska.pl\/?p=25436"},"modified":"2021-05-23T13:42:39","modified_gmt":"2021-05-23T11:42:39","slug":"antymateria-czyli-z-wizyta-w-krainie-nihilizmu-felieton-fryderyka-zolla-303","status":"publish","type":"post","link":"https:\/\/kodmalopolska.pl\/?p=25436","title":{"rendered":"Antymateria, czyli z wizyt\u0105 w krainie nihilizmu. Felieton Fryderyka Zolla (303)"},"content":{"rendered":"\n<h4 class=\"wp-block-heading\">Wybitny niemiecki komparatysta Uwe Kischel uwa\u017ca, \u017ce cech\u0105 system\u00f3w prawnych \u015brodkowej i wschodniej Europy jest prawny nihilizm. Jednym z przejaw\u00f3w takiej postawy jest ignorowanie przez w\u0142adz\u0119 wi\u0105\u017c\u0105cych j\u0105 formalnie, ale sprzecznych z jej interesem wyrok\u00f3w i innych orzecze\u0144 s\u0105dowych.<\/h4>\n\n\n\n<p>O tym, \u017ce nale\u017cymy do obszaru nihilizmu prawnego, przypomnieli nam ostatnio czynownicy PiS\u2011u, wypowiadaj\u0105c si\u0119 na temat skutk\u00f3w zarz\u0105dzenia tymczasowego Trybuna\u0142u Sprawiedliwo\u015bci w sprawie Turowa. Ignorowano ju\u017c u nas inne orzeczenia Trybuna\u0142u Sprawiedliwo\u015bci jak te\u017c orzeczenia polskich s\u0105d\u00f3w (uchwa\u0142\u0119 trzech Izb S\u0105du Najwy\u017cszego, wyroki przywracaj\u0105ce bezprawnie zawieszanych s\u0119dzi\u00f3w do pracy, orzeczenia Naczelnego S\u0105du Administracyjnego w sprawie Krajowej Rady S\u0105downictwa), pos\u0142uguj\u0105c si\u0119 niekiedy Trybuna\u0142em Przy\u0142\u0119bskim \u2013 organem, kt\u00f3rego zadaniem jest w\u0142a\u015bnie formalna legalizacja bezprawia. Problemem PiS\u2011u jest natomiast to, \u017ce Polska nale\u017cy do Unii Europejskiej, b\u0119d\u0105cej wsp\u00f3lnot\u0105 prawa. Zderzenie obszaru prawa z obszarem nihilizmu jest jak kontakt materii z antymateri\u0105: obie si\u0119 anihiluj\u0105, chyba \u017ce materii jest wi\u0119cej. Unia nie mo\u017ce zatem Polsce odpu\u015bci\u0107 nieprzestrzegania orzecze\u0144. Polskie w\u0142adze ignoruj\u0105 obowi\u0105zywanie prawa. Gdyby tak nie by\u0142o, wok\u00f3\u0142 Turowa dzia\u0142ano by od dawna zupe\u0142nie inaczej. Gdyby z rz\u0105dem wsp\u00f3\u0142pracowali prawnicy, a nie wolnoopiniowcy \u2013 ci, kt\u00f3rzy pisz\u0105 opini\u0119 prawn\u0105 na dowolnie zadan\u0105 tez\u0119 zgodnie z zam\u00f3wieniem w\u0142adzy \u2013 to ostrzegliby odpowiednio wcze\u015bnie, jak sprawa Turowa niemal na pewno si\u0119 potoczy, gdy trafi do Trybuna\u0142u Sprawiedliwo\u015bci. Bogatszy o t\u0119 wiedz\u0119 rz\u0105d mia\u0142by pole do negocjacji z Czechami, a mo\u017ce te\u017c z mieszka\u0144cami przygranicznych czeskich miejscowo\u015bci. Wszystko da\u0142oby si\u0119 wyliczy\u0107 i zako\u0144czy\u0107 sp\u00f3r ugod\u0105. Ale polski rz\u0105d funkcjonuje w sferze nihilizmu prawnego i uwa\u017ca, \u017ce dotycz\u0105 go tylko orzeczenia zapad\u0142e po jego my\u015bli. No, jeszcze pan Jaki powie co\u015b o suwerenno\u015bci, czyli \u2013 w rozumieniu Zjednoczonej Prawicy \u2013 zasadzie gwarantuj\u0105cej prawo do bezprawia. Prawo zignorowane nie przestaje jednak dzia\u0142a\u0107, tylko dzia\u0142a przeciw je ignoruj\u0105cym, dlatego cena b\u0119dzie bardzo wysoka, a zap\u0142ac\u0105 j\u0105 przede wszystkim pracownicy Turowa i zwi\u0105zanych z kopalni\u0105 zak\u0142ad\u00f3w. Rz\u0105d b\u0119dzie ich ok\u0142amywa\u0142, \u017ce to wina Unii. A to wina tego w\u0142a\u015bnie rz\u0105du, na kt\u00f3rym coraz bardziej czapka gore.<\/p>\n\n\n\n<hr class=\"wp-block-separator\"\/>\n\n\n\n<p><em>Felieton jest wyrazem opinii autora. Nie prezentuje stanowiska ZR Ma\u0142opolskie KOD.<\/em><\/p>\n","protected":false},"excerpt":{"rendered":"<p>Wybitny niemiecki komparatysta Uwe Kischel uwa\u017ca, \u017ce cech\u0105 system\u00f3w prawnych \u015brodkowej i wschodniej Europy jest prawny nihilizm. Jednym z przejaw\u00f3w takiej postawy jest ignorowanie przez w\u0142adz\u0119 wi\u0105\u017c\u0105cych j\u0105 formalnie, ale sprzecznych z jej interesem wyrok\u00f3w i innych orzecze\u0144 s\u0105dowych.<\/p>\n","protected":false},"author":34,"featured_media":24583,"comment_status":"closed","ping_status":"open","sticky":false,"template":"","format":"standard","meta":{"_EventAllDay":false,"_EventTimezone":"","_EventStartDate":"","_EventEndDate":"","_EventStartDateUTC":"","_EventEndDateUTC":"","_EventShowMap":false,"_EventShowMapLink":false,"_EventURL":"","_EventCost":"","_EventCostDescription":"","_EventCurrencySymbol":"","_EventCurrencyCode":"","_EventCurrencyPosition":"","_EventDateTimeSeparator":"","_EventTimeRangeSeparator":"","_EventOrganizerID":[],"_EventVenueID":[],"_OrganizerEmail":"","_OrganizerPhone":"","_OrganizerWebsite":"","_VenueAddress":"","_VenueCity":"","_VenueCountry":"","_VenueProvince":"","_VenueState":"","_VenueZip":"","_VenuePhone":"","_VenueURL":"","_VenueStateProvince":"","_VenueLat":"","_VenueLng":"","_VenueShowMap":false,"_VenueShowMapLink":false,"footnotes":""},"categories":[596],"tags":[],"class_list":["post-25436","post","type-post","status-publish","format-standard","has-post-thumbnail","hentry","category-felietony","felietony"],"_links":{"self":[{"href":"https:\/\/kodmalopolska.pl\/index.php?rest_route=\/wp\/v2\/posts\/25436","targetHints":{"allow":["GET"]}}],"collection":[{"href":"https:\/\/kodmalopolska.pl\/index.php?rest_route=\/wp\/v2\/posts"}],"about":[{"href":"https:\/\/kodmalopolska.pl\/index.php?rest_route=\/wp\/v2\/types\/post"}],"author":[{"embeddable":true,"href":"https:\/\/kodmalopolska.pl\/index.php?rest_route=\/wp\/v2\/users\/34"}],"replies":[{"embeddable":true,"href":"https:\/\/kodmalopolska.pl\/index.php?rest_route=%2Fwp%2Fv2%2Fcomments&post=25436"}],"version-history":[{"count":0,"href":"https:\/\/kodmalopolska.pl\/index.php?rest_route=\/wp\/v2\/posts\/25436\/revisions"}],"wp:featuredmedia":[{"embeddable":true,"href":"https:\/\/kodmalopolska.pl\/index.php?rest_route=\/wp\/v2\/media\/24583"}],"wp:attachment":[{"href":"https:\/\/kodmalopolska.pl\/index.php?rest_route=%2Fwp%2Fv2%2Fmedia&parent=25436"}],"wp:term":[{"taxonomy":"category","embeddable":true,"href":"https:\/\/kodmalopolska.pl\/index.php?rest_route=%2Fwp%2Fv2%2Fcategories&post=25436"},{"taxonomy":"post_tag","embeddable":true,"href":"https:\/\/kodmalopolska.pl\/index.php?rest_route=%2Fwp%2Fv2%2Ftags&post=25436"}],"curies":[{"name":"wp","href":"https:\/\/api.w.org\/{rel}","templated":true}]}}