{"id":25367,"date":"2021-05-19T18:24:39","date_gmt":"2021-05-19T16:24:39","guid":{"rendered":"https:\/\/kodmalopolska.pl\/?p=25367"},"modified":"2021-05-19T18:24:42","modified_gmt":"2021-05-19T16:24:42","slug":"o-demokracji-czyli-moj-komentarz-do-wykluczenia-pawla-zalewskiego-i-rezygnacji-rozy-thun-felieton-wiktora-antolaka-14","status":"publish","type":"post","link":"https:\/\/kodmalopolska.pl\/?p=25367","title":{"rendered":"O demokracji, czyli m\u00f3j komentarz do wykluczenia Paw\u0142a Zalewskiego i rezygnacji R\u00f3\u017cy Thun. Felieton Wiktora Antolaka (14)"},"content":{"rendered":"\n<h4 class=\"wp-block-heading\">Do demokratyzmu obywatele przekonaj\u0105 si\u0119 tylko wtedy, gdy opozycja w\u0142asnym przyk\u0142adem udowodni, \u017ce jest mu wierna. Wierno\u015b\u0107 tak\u0105 dostrzegam dzi\u015b szczeg\u00f3lnie w postawach R\u00f3\u017cy Thun i Paw\u0142a Zalewskiego.<\/h4>\n\n\n\n<p>\u201eW Polsce mamy ju\u017c autorytaryzm\u201d. To zdanie prof. W\u0142odzimierza Wr\u00f3bla stanowi nie tylko smutn\u0105 diagnoz\u0119, ale r\u00f3wnie\u017c przypomina o celu polityki opozycyjnej, kt\u00f3rym powinno by\u0107 przywr\u00f3cenie demokratycznego pa\u0144stwa prawnego. O takim statusie pa\u0144stwa decyduje respektowanie warto\u015bci demokratycznych, zw\u0142aszcza tak dzi\u015b zwalczanej niezale\u017cno\u015bci s\u0105downictwa i wolno\u015bci s\u0142owa. Je\u017celi za\u015b my\u015bli si\u0119 o przywr\u00f3ceniu (mniejsza z tym, jak) funkcjonowania pa\u0144stwa zgodnie z tymi warto\u015bciami, trzeba do nich przekona\u0107 wystarczaj\u0105co wielu obywateli. Szanse na to politycy sami jednak przekre\u015bl\u0105, je\u015bli nie oka\u017c\u0105 tym warto\u015bciom szacunku ju\u017c w ramach w\u0142asnego ugrupowania. Nie spos\u00f3b przekona\u0107 Polak\u00f3w, jak wa\u017cna jest procedura powo\u0142ywania s\u0119dzi\u00f3w przed bezstronn\u0105 KRS, je\u017celi wyklucza si\u0119 z partii osob\u0119 niewygodn\u0105 dla kierownictwa bez przedstawienia jej zarzut\u00f3w \u2013 ba, bez poinformowania jej o sprawie, a do tego w bezpodstawnie zastosowanej szczeg\u00f3lnej procedurze daj\u0105cej przewodnicz\u0105cemu partii wi\u0119kszy wp\u0142yw na decyzje. Nie mo\u017cna przekona\u0107 Polak\u00f3w, jak wa\u017cna jest wolno\u015b\u0107 s\u0142owa w mediach, jakim skandalem jest przej\u0119cie Polska Press i obsadzanie stanowisk w tej sp\u00f3\u0142ce funkcjonariuszami w\u0142adzy, je\u017celi wyra\u017cona \u2013 owszem \u2013 publicznie, ale w spos\u00f3b stonowany i uzasadniona merytorycznie krytyka przewodnicz\u0105cego partii, podsumowana twierdzeniem o potrzebie zmiany personalnej, ko\u0144czy si\u0119 natychmiastowym (i, o czym wy\u017cej, nagannym proceduralnie) wyrzuceniem jej autora z ugrupowania. Nie da si\u0119 wreszcie nikogo przekona\u0107 do powa\u017cnego traktowania prawa europejskiego, je\u015bli w grudniu ubieg\u0142ego roku gwarantowa\u0142o si\u0119 poparcie Funduszu Odbudowy w parlamencie, a kilka miesi\u0119cy p\u00f3\u017aniej, bez zwa\u017cania na opini\u0119 zwolennik\u00f3w utrzymania tego stanowiska, bez realnego dialogu z nimi, narzuca si\u0119 dyscyplin\u0119 partyjn\u0105 zabraniaj\u0105c\u0105 g\u0142osowania \u201eza\u201d ratyfikacj\u0105. I jeszcze jedno: nie da si\u0119 przekona\u0107 Polak\u00f3w, \u017ce m\u00f3wienie w Brukseli o zamachu na praworz\u0105dno\u015b\u0107 nie jest wynoszeniem polskich spraw za granic\u0119, lecz dzia\u0142aniem na rzecz Polski, je\u015bli przeprowadza si\u0119 zmasowany atak na tych, kt\u00f3rzy na zewn\u0105trz otwarcie m\u00f3wi\u0105 o kryzysie warto\u015bci w partii. Obywatele przekonaj\u0105 si\u0119 do demokratyzmu tylko wtedy, gdy opozycja w\u0142asnym przyk\u0142adem udowodni, \u017ce jest mu wierna. Wierno\u015b\u0107 tak\u0105 (sk\u0105din\u0105d po raz kolejny) dostrzegam w postawach R\u00f3\u017cy Thun i Paw\u0142a Zalewskiego, ale te\u017c wielu cz\u0142onk\u00f3w Platformy, kt\u00f3rzy \u2013 w r\u00f3\u017cnych formach \u2013 rezygnuj\u0105 z wygodnego bezkrytycyzmu wobec kierownictwa partii. Widz\u0119 dzi\u0119ki tym osobom, \u017ce perspektywa dezaktualizacji przytoczonej na wst\u0119pie tezy nie jest wcale tak odleg\u0142a.<\/p>\n\n\n\n<hr class=\"wp-block-separator\"\/>\n\n\n\n<p><em>Felieton jest wyrazem opinii autora. Nie prezentuje stanowiska ZR Ma\u0142opolskie KOD.<\/em><\/p>\n","protected":false},"excerpt":{"rendered":"<p>Do demokratyzmu obywatele przekonaj\u0105 si\u0119 tylko wtedy, gdy opozycja w\u0142asnym przyk\u0142adem udowodni, \u017ce jest mu wierna. Wierno\u015b\u0107 tak\u0105 dostrzegam dzi\u015b szczeg\u00f3lnie w postawach R\u00f3\u017cy Thun i Paw\u0142a Zalewskiego.<\/p>\n","protected":false},"author":34,"featured_media":15496,"comment_status":"closed","ping_status":"open","sticky":false,"template":"","format":"standard","meta":{"_EventAllDay":false,"_EventTimezone":"","_EventStartDate":"","_EventEndDate":"","_EventStartDateUTC":"","_EventEndDateUTC":"","_EventShowMap":false,"_EventShowMapLink":false,"_EventURL":"","_EventCost":"","_EventCostDescription":"","_EventCurrencySymbol":"","_EventCurrencyCode":"","_EventCurrencyPosition":"","_EventDateTimeSeparator":"","_EventTimeRangeSeparator":"","_EventOrganizerID":[],"_EventVenueID":[],"_OrganizerEmail":"","_OrganizerPhone":"","_OrganizerWebsite":"","_VenueAddress":"","_VenueCity":"","_VenueCountry":"","_VenueProvince":"","_VenueState":"","_VenueZip":"","_VenuePhone":"","_VenueURL":"","_VenueStateProvince":"","_VenueLat":"","_VenueLng":"","_VenueShowMap":false,"_VenueShowMapLink":false,"footnotes":""},"categories":[596],"tags":[],"class_list":["post-25367","post","type-post","status-publish","format-standard","has-post-thumbnail","hentry","category-felietony","felietony"],"_links":{"self":[{"href":"https:\/\/kodmalopolska.pl\/index.php?rest_route=\/wp\/v2\/posts\/25367","targetHints":{"allow":["GET"]}}],"collection":[{"href":"https:\/\/kodmalopolska.pl\/index.php?rest_route=\/wp\/v2\/posts"}],"about":[{"href":"https:\/\/kodmalopolska.pl\/index.php?rest_route=\/wp\/v2\/types\/post"}],"author":[{"embeddable":true,"href":"https:\/\/kodmalopolska.pl\/index.php?rest_route=\/wp\/v2\/users\/34"}],"replies":[{"embeddable":true,"href":"https:\/\/kodmalopolska.pl\/index.php?rest_route=%2Fwp%2Fv2%2Fcomments&post=25367"}],"version-history":[{"count":0,"href":"https:\/\/kodmalopolska.pl\/index.php?rest_route=\/wp\/v2\/posts\/25367\/revisions"}],"wp:featuredmedia":[{"embeddable":true,"href":"https:\/\/kodmalopolska.pl\/index.php?rest_route=\/wp\/v2\/media\/15496"}],"wp:attachment":[{"href":"https:\/\/kodmalopolska.pl\/index.php?rest_route=%2Fwp%2Fv2%2Fmedia&parent=25367"}],"wp:term":[{"taxonomy":"category","embeddable":true,"href":"https:\/\/kodmalopolska.pl\/index.php?rest_route=%2Fwp%2Fv2%2Fcategories&post=25367"},{"taxonomy":"post_tag","embeddable":true,"href":"https:\/\/kodmalopolska.pl\/index.php?rest_route=%2Fwp%2Fv2%2Ftags&post=25367"}],"curies":[{"name":"wp","href":"https:\/\/api.w.org\/{rel}","templated":true}]}}