{"id":25323,"date":"2021-05-18T14:30:27","date_gmt":"2021-05-18T12:30:27","guid":{"rendered":"https:\/\/kodmalopolska.pl\/?p=25323"},"modified":"2021-05-18T16:37:17","modified_gmt":"2021-05-18T14:37:17","slug":"kraft-durch-freude-felieton-fryderyka-zolla-302","status":"publish","type":"post","link":"https:\/\/kodmalopolska.pl\/?p=25323","title":{"rendered":"Kraft durch Freude. Felieton Fryderyka Zolla (302)"},"content":{"rendered":"\n<h4 class=\"wp-block-heading\">Rzeczy dziej\u0105 si\u0119 zgodnie ze swoj\u0105 logik\u0105. Dzi\u0119ki funduszom europejskim i&nbsp;ogromnej redystrybucji, kt\u00f3ra niszczy podstawy wydajno\u015bci gospodarki, autorytarna w\u0142adza kupi\u0142a sobie czas potrzebny do doko\u0144czenia autorytarnej przebudowy pa\u0144stwa.<\/h4>\n\n\n\n<p>Niewykluczone nawet, \u017ce rz\u0105dz\u0105cy maj\u0105 w&nbsp;zasi\u0119gu konstytucyjn\u0105 wi\u0119kszo\u015b\u0107 w&nbsp;parlamencie. Teraz trzeba tylko, na wz\u00f3r w\u0119gierski, odebra\u0107 nielojalnym samorz\u0105dom mo\u017cliwo\u015b\u0107 samodzielnej gospodarki finansowej, tak by uzale\u017cni\u0107 je ca\u0142kowicie od \u0142aski centrali: \u015brodki za lojalno\u015b\u0107. Zobaczymy r\u00f3wnie\u017c dalsze dewastowanie s\u0105downictwa. Wymiar sprawiedliwo\u015bci musi by\u0107 precyzyjny: kogo Nowogrodzka zechce ukara\u0107, zostanie ukarany, a&nbsp;kogo zechce uniewinni\u0107, zostanie uniewinniony. Uniwersytety sczezn\u0105. Ju\u017c za poprzedniego rz\u0105du nie s\u0142uchano t\u0142umacze\u0144, \u017ce zmiana modelu karier uniwersyteckich tak, by wy\u0142ania\u0107 najlepszych, zabezpiecza niezale\u017cno\u015b\u0107 nauki. Za ten oportunizm sprzed PiS\u2011u zap\u0142acimy wysok\u0105 cen\u0119. Los krakowskiego Uniwersytetu Pedagogicznego to tylko wprowadzenie, zwiastun nadchodz\u0105cych wydarze\u0144. Szopka z&nbsp;punktacj\u0105 czasopism naukowych pokazuje, \u017ce system zarz\u0105dzania jako\u015bci\u0105 nieopatrznie oddany w\u0142adzy przekszta\u0142ca si\u0119 w&nbsp;system kontroli my\u015bli.<\/p>\n\n\n\n<p>Nowy \u0141ad to zapowied\u017a \u0142ukaszenkowskiego modelu gospodarki za unijne pieni\u0105dze. Poniewa\u017c dojdzie w&nbsp;ten spos\u00f3b do zduszenia wolnego rynku, a&nbsp;przer\u00f3\u017cne formy nacjonalizacji st\u0142umi\u0105 rozw\u00f3j kraju, \u015brodki si\u0119 sko\u0144cz\u0105. Najpierw jednak b\u0119dzie karnawa\u0142. Ju\u017c nied\u0142ugo, na fali radosnego konsumowania funduszy, obywatele dadz\u0105 PiS\u2011owi wi\u0119kszo\u015b\u0107 wystarczaj\u0105c\u0105 do zmiany Konstytucji. B\u0119dzie to symboliczne ukoronowanie upadku pa\u0144stwa \u2013 symboliczne, bo przestrzeni\u0105 woln\u0105 od prawa staniemy si\u0119 ju\u017c wcze\u015bniej. Potem gdy wyczerpie si\u0119 unijne zasilanie, za\u0142amie si\u0119 te\u017c cofni\u0119ta do PRL\u2011u gospodarka \u2013 nieefektywna, nieinnowacyjna (nie ma innowacji bez wolnej nauki) i&nbsp;niechroniona stabilnym prawem. Nie b\u0119dzie ju\u017c wtedy demokratycznych i&nbsp;prawnych instytucji, kt\u00f3re pozwoli\u0142yby odwr\u00f3ci\u0107 trend. Ta historia ma du\u017ce szanse zako\u0144czy\u0107 si\u0119 \u017ale.<\/p>\n\n\n\n<p>Niekt\u00f3rzy wieszaj\u0105 psy na Platformie Obywatelskiej. Wbrew pozorom nie by\u0142o \u017cadnej sprzeczno\u015bci mi\u0119dzy poparciem dla ratyfikacji Funduszu Odbudowy na prze\u0142omie roku a\u00a0kontr\u0105 na wiosn\u0119. Bez tego manewru Platforma nie mia\u0142aby czym zagra\u0107 o\u00a0Polsk\u0119, a\u00a0tak\u017ce o\u00a0Europ\u0119. Podj\u0119\u0142a ryzyko i\u00a0przegra\u0142a, ale jako jedyna (z\u00a0Koalicj\u0105 Polsk\u0105) pr\u00f3bowa\u0142a zatrzyma\u0107 wskazany wy\u017cej proces. Apelowa\u0142bym o\u00a0rozs\u0105dek i\u00a0powstrzymanie histerycznej dekompozycji. Trzeba broni\u0107 swoich racji i\u00a0zdecydowanie g\u0142osi\u0107 wizj\u0119 demokratycznej, praworz\u0105dnej i\u00a0europejskiej Polski. Nie nale\u017cy zapomina\u0107, \u017ce w\u00a0tej kampanii nie chodzi\u0142o o\u00a0sam\u0105 ratyfikacj\u0119, kt\u00f3ra nie by\u0142a przedmiotem kontrowersji (je\u015bli pomin\u0105\u0107 Ziobr\u0119 i\u00a0Konfederacj\u0119). Chodzi\u0142o natomiast o\u00a0to, czy \u015brodki z\u00a0Funduszu pos\u0142u\u017c\u0105 do tworzenia gospodarczej si\u0142y Polski, czy te\u017c (jak najpewniej si\u0119 stanie) do sfinansowania Kraft durch Freude. Zaczyna si\u0119 d\u0142uga droga. B\u0119dzie nam na niej potrzebna mocna PO. Nie warto tego niszczy\u0107 pod wp\u0142ywem emocji.<\/p>\n\n\n\n<hr class=\"wp-block-separator\"\/>\n\n\n\n<p><em>Felieton jest wyrazem opinii autora. Nie prezentuje stanowiska ZR Ma\u0142opolskie KOD.<\/em><\/p>\n","protected":false},"excerpt":{"rendered":"<p>Rzeczy dziej\u0105 si\u0119 zgodnie ze swoj\u0105 logik\u0105. Dzi\u0119ki funduszom europejskim i ogromnej redystrybucji, kt\u00f3ra niszczy podstawy wydajno\u015bci gospodarki, autorytarna w\u0142adza kupi\u0142a sobie czas potrzebny do doko\u0144czenia autorytarnej przebudowy pa\u0144stwa.<\/p>\n","protected":false},"author":2,"featured_media":24583,"comment_status":"closed","ping_status":"open","sticky":false,"template":"","format":"standard","meta":{"_EventAllDay":false,"_EventTimezone":"","_EventStartDate":"","_EventEndDate":"","_EventStartDateUTC":"","_EventEndDateUTC":"","_EventShowMap":false,"_EventShowMapLink":false,"_EventURL":"","_EventCost":"","_EventCostDescription":"","_EventCurrencySymbol":"","_EventCurrencyCode":"","_EventCurrencyPosition":"","_EventDateTimeSeparator":"","_EventTimeRangeSeparator":"","_EventOrganizerID":[],"_EventVenueID":[],"_OrganizerEmail":"","_OrganizerPhone":"","_OrganizerWebsite":"","_VenueAddress":"","_VenueCity":"","_VenueCountry":"","_VenueProvince":"","_VenueState":"","_VenueZip":"","_VenuePhone":"","_VenueURL":"","_VenueStateProvince":"","_VenueLat":"","_VenueLng":"","_VenueShowMap":false,"_VenueShowMapLink":false,"footnotes":""},"categories":[596],"tags":[],"class_list":["post-25323","post","type-post","status-publish","format-standard","has-post-thumbnail","hentry","category-felietony","felietony"],"_links":{"self":[{"href":"https:\/\/kodmalopolska.pl\/index.php?rest_route=\/wp\/v2\/posts\/25323","targetHints":{"allow":["GET"]}}],"collection":[{"href":"https:\/\/kodmalopolska.pl\/index.php?rest_route=\/wp\/v2\/posts"}],"about":[{"href":"https:\/\/kodmalopolska.pl\/index.php?rest_route=\/wp\/v2\/types\/post"}],"author":[{"embeddable":true,"href":"https:\/\/kodmalopolska.pl\/index.php?rest_route=\/wp\/v2\/users\/2"}],"replies":[{"embeddable":true,"href":"https:\/\/kodmalopolska.pl\/index.php?rest_route=%2Fwp%2Fv2%2Fcomments&post=25323"}],"version-history":[{"count":0,"href":"https:\/\/kodmalopolska.pl\/index.php?rest_route=\/wp\/v2\/posts\/25323\/revisions"}],"wp:featuredmedia":[{"embeddable":true,"href":"https:\/\/kodmalopolska.pl\/index.php?rest_route=\/wp\/v2\/media\/24583"}],"wp:attachment":[{"href":"https:\/\/kodmalopolska.pl\/index.php?rest_route=%2Fwp%2Fv2%2Fmedia&parent=25323"}],"wp:term":[{"taxonomy":"category","embeddable":true,"href":"https:\/\/kodmalopolska.pl\/index.php?rest_route=%2Fwp%2Fv2%2Fcategories&post=25323"},{"taxonomy":"post_tag","embeddable":true,"href":"https:\/\/kodmalopolska.pl\/index.php?rest_route=%2Fwp%2Fv2%2Ftags&post=25323"}],"curies":[{"name":"wp","href":"https:\/\/api.w.org\/{rel}","templated":true}]}}