{"id":25167,"date":"2021-05-07T16:25:41","date_gmt":"2021-05-07T14:25:41","guid":{"rendered":"https:\/\/kodmalopolska.pl\/?p=25167"},"modified":"2021-05-07T19:12:59","modified_gmt":"2021-05-07T17:12:59","slug":"psia-skora-felieton-fryderyka-zolla-300","status":"publish","type":"post","link":"https:\/\/kodmalopolska.pl\/?p=25167","title":{"rendered":"Psia sk\u00f3ra. Felieton Fryderyka Zolla (300)"},"content":{"rendered":"\n<h4 class=\"wp-block-heading\">\u201eKto nie s\u0142ucha ojca, matki, ten s\u0142ucha psiej sk\u00f3ry\u201d \u2013 to stare przys\u0142owie dotyczy wszystkich, kt\u00f3rzy wiedz\u0105 lepiej, nie maj\u0105c do tego \u017cadnego przygotowania, a&nbsp;czasem po prostu maj\u0105c jedynie z\u0142e intencje.<\/h4>\n\n\n\n<p>Absolutna wi\u0119kszo\u015b\u0107 autorytet\u00f3w prawniczych stara\u0142a si\u0119 przem\u00f3wi\u0107 do rozumu rz\u0105dz\u0105cym i&nbsp;wyja\u015bni\u0107, jak dewastuj\u0105ce skutki przyniesie ulokowanie w&nbsp;Trybunale Konstytucyjnym dubler\u00f3w, czyli os\u00f3b wybranych na ju\u017c obsadzone tam stanowiska. Nie podzia\u0142a\u0142o. W\u0142adza wiedzia\u0142a lepiej, cho\u0107 zapewne zdawa\u0142a sobie spraw\u0119 z&nbsp;tego, co robi. Nocne wr\u0119czanie nominacji s\u0119dziowskich przez Andrzeja Dud\u0119 sta\u0142o si\u0119 jedn\u0105 z&nbsp;ilustracji upadku pa\u0144stwa prawa w&nbsp;Polsce. I&nbsp;w&nbsp;ko\u0144cu sta\u0142o si\u0119 to, co si\u0119 sta\u0107 musia\u0142o. Trybuna\u0142 Praw Cz\u0142owieka \u2013 bynajmniej nie organ \u201ewrogo nastawionej do naszej umi\u0142owanej w\u0142adzy\u201d Unii Europejskiej, ale organ Rady Europy, pilnuj\u0105cy przestrzegania praw cz\u0142owieka \u2013 stwierdzi\u0142, \u017ce s\u0105d, w&nbsp;kt\u00f3rym zasiada niekonstytucyjnie powo\u0142any s\u0119dzia, nie jest s\u0105dem utworzonym na podstawie prawa i&nbsp;nie zapewnia prawa do s\u0105du w&nbsp;rozumieniu art. 6 Europejskiej konwencji praw cz\u0142owieka. Orzeczenie to dotyczy w\u0142a\u015bnie polskiego Trybuna\u0142u Konstytucyjnego.<\/p>\n\n\n\n<p>Ci wszyscy, kt\u00f3rzy doprowadzili TK do takiego stanu, dzia\u0142ali przeciwko Polsce. Tak, panie doktorze Andrzeju Dudo, to te\u017c do pana, kt\u00f3ry o\u015bmieli\u0142e\u015b si\u0119 obra\u017ca\u0107 rzecznika praw obywatelskich, zarzucaj\u0105c mu antypolskie dzia\u0142ania. To pan pod os\u0142on\u0105 nocy wr\u0119cza\u0142 s\u0119dziowskie powo\u0142anie, wiedz\u0105c, \u017ce jest to akt nielegalny, kt\u00f3ry spowoduje upadek Trybuna\u0142u i\u00a0nieprawdopodobny zam\u0119t prawny, i\u00a0\u017ce symbolicznie rozpocznie pan w\u00a0ten spos\u00f3b niszczenie polskiego s\u0105downictwa. Przecie\u017c tu nie chodzi tylko o\u00a0dublera Muszy\u0144skiego i\u00a0innych dubler\u00f3w w\u00a0Trybunale. W\u00a0Polsce jest ju\u017c bardzo wielu nielegalnie wybranych s\u0119dzi\u00f3w \u2013 za ka\u017cdym razem z\u00a0pana, panie doktorze praw, udzia\u0142em. Tak pozbawiono Polak\u00f3w prawa do s\u0105du, co ju\u017c nie jest tylko felietonowym wyostrzeniem, ale realn\u0105 konsekwencj\u0105, kt\u00f3r\u0105 pokaza\u0142 Trybuna\u0142 Praw Cz\u0142owieka.<\/p>\n\n\n\n<p>W przypadku ignorowanych przez rz\u0105d orzecze\u0144 Trybuna\u0142u Sprawiedliwo\u015bci w\u0142adza plecie co\u015b o&nbsp;naruszeniu suwerenno\u015bci Polski. A&nbsp;teraz co \u2013 obowi\u0105zywanie praw cz\u0142owieka te\u017c narusza polsk\u0105 suwerenno\u015b\u0107? Taka argumentacja przekona\u0142aby zapewne Kim Dzong Una, ten jednak \u2013 ca\u0142kiem roztropnie z&nbsp;punktu widzenia w\u0142adzy, jak\u0105 sprawuje, i&nbsp;ideologii, jaka mu przy\u015bwieca \u2013 \u017cadnych konwencji o&nbsp;prawach cz\u0142owieka nie przyjmowa\u0142. I&nbsp;co pan na to powie, panie doktorze, jaka tu b\u0119dzie narracja? O&nbsp;Trybunale Sprawiedliwo\u015bci ju\u017c wiemy: to wszystko wina rzecznika Szpunara (kt\u00f3rego wyb\u00f3r na drug\u0105 kadencj\u0119, notabene, by\u0142 popierany przez rz\u0105d PiS\u2011u). Jakie wra\u017ce si\u0142y sprzysi\u0119g\u0142y si\u0119 tym razem przeciwko pisowskim pomys\u0142om na pa\u0144stwo? Kto b\u0119dzie wyr\u00f3wnywa\u0142 szkody za te wszystkie orzeczenia wydane przez nieprawid\u0142owo obsadzone s\u0105dy w&nbsp;Polsce? Czy wy, w\u0142adzo pisowska, zastanawiali\u015bcie si\u0119 kiedy\u015b, co\u015bcie narobili?<\/p>\n\n\n\n<p>A&nbsp;pan, panie doktorze, jest rzeczywi\u015bcie osob\u0105 szczeg\u00f3ln\u0105. Nie robi\u0105c jako prezydent RP nic i&nbsp;doprowadzaj\u0105c do praktycznego zanikni\u0119cia swojego urz\u0119du (nawet asesorom nie jest pan w&nbsp;stanie wr\u0119czy\u0107 nominacji w terminie, cho\u0107 pan wie, \u017ce s\u0105 bez \u015brodk\u00f3w do \u017cycia), zdo\u0142a\u0142 pan wyrz\u0105dzi\u0107 Polsce szkody tak g\u0142\u0119bokie, \u017ce nie otrz\u0105\u015bniemy si\u0119 z&nbsp;nich nawet w&nbsp;czasach, gdy o&nbsp;pa\u0144skiej prezydenturze nikt ju\u017c nie b\u0119dzie pami\u0119ta\u0142. To na sw\u00f3j przewrotny spos\u00f3b jest osi\u0105gni\u0119ciem prawdziwie imponuj\u0105cym.<\/p>\n\n\n\n<hr class=\"wp-block-separator\"\/>\n\n\n\n<p><em>Felieton jest wyrazem opinii autora. Nie prezentuje stanowiska ZR Ma\u0142opolskie KOD.<\/em><\/p>\n","protected":false},"excerpt":{"rendered":"<p>\u201eKto nie s\u0142ucha ojca, matki, ten s\u0142ucha psiej sk\u00f3ry\u201d \u2013 to stare przys\u0142owie dotyczy wszystkich, kt\u00f3rzy wiedz\u0105 lepiej, nie maj\u0105c do tego \u017cadnego przygotowania, a czasem po prostu maj\u0105c jedynie z\u0142e intencje.<\/p>\n","protected":false},"author":2,"featured_media":24583,"comment_status":"closed","ping_status":"open","sticky":false,"template":"","format":"standard","meta":{"_EventAllDay":false,"_EventTimezone":"","_EventStartDate":"","_EventEndDate":"","_EventStartDateUTC":"","_EventEndDateUTC":"","_EventShowMap":false,"_EventShowMapLink":false,"_EventURL":"","_EventCost":"","_EventCostDescription":"","_EventCurrencySymbol":"","_EventCurrencyCode":"","_EventCurrencyPosition":"","_EventDateTimeSeparator":"","_EventTimeRangeSeparator":"","_EventOrganizerID":[],"_EventVenueID":[],"_OrganizerEmail":"","_OrganizerPhone":"","_OrganizerWebsite":"","_VenueAddress":"","_VenueCity":"","_VenueCountry":"","_VenueProvince":"","_VenueState":"","_VenueZip":"","_VenuePhone":"","_VenueURL":"","_VenueStateProvince":"","_VenueLat":"","_VenueLng":"","_VenueShowMap":false,"_VenueShowMapLink":false,"footnotes":""},"categories":[596],"tags":[],"class_list":["post-25167","post","type-post","status-publish","format-standard","has-post-thumbnail","hentry","category-felietony","felietony"],"_links":{"self":[{"href":"https:\/\/kodmalopolska.pl\/index.php?rest_route=\/wp\/v2\/posts\/25167","targetHints":{"allow":["GET"]}}],"collection":[{"href":"https:\/\/kodmalopolska.pl\/index.php?rest_route=\/wp\/v2\/posts"}],"about":[{"href":"https:\/\/kodmalopolska.pl\/index.php?rest_route=\/wp\/v2\/types\/post"}],"author":[{"embeddable":true,"href":"https:\/\/kodmalopolska.pl\/index.php?rest_route=\/wp\/v2\/users\/2"}],"replies":[{"embeddable":true,"href":"https:\/\/kodmalopolska.pl\/index.php?rest_route=%2Fwp%2Fv2%2Fcomments&post=25167"}],"version-history":[{"count":0,"href":"https:\/\/kodmalopolska.pl\/index.php?rest_route=\/wp\/v2\/posts\/25167\/revisions"}],"wp:featuredmedia":[{"embeddable":true,"href":"https:\/\/kodmalopolska.pl\/index.php?rest_route=\/wp\/v2\/media\/24583"}],"wp:attachment":[{"href":"https:\/\/kodmalopolska.pl\/index.php?rest_route=%2Fwp%2Fv2%2Fmedia&parent=25167"}],"wp:term":[{"taxonomy":"category","embeddable":true,"href":"https:\/\/kodmalopolska.pl\/index.php?rest_route=%2Fwp%2Fv2%2Fcategories&post=25167"},{"taxonomy":"post_tag","embeddable":true,"href":"https:\/\/kodmalopolska.pl\/index.php?rest_route=%2Fwp%2Fv2%2Ftags&post=25167"}],"curies":[{"name":"wp","href":"https:\/\/api.w.org\/{rel}","templated":true}]}}