{"id":24952,"date":"2021-04-29T19:17:32","date_gmt":"2021-04-29T17:17:32","guid":{"rendered":"https:\/\/kodmalopolska.pl\/?p=24952"},"modified":"2021-04-29T19:17:35","modified_gmt":"2021-04-29T17:17:35","slug":"sen-prezesa-felieton-joanny-handerek-35","status":"publish","type":"post","link":"https:\/\/kodmalopolska.pl\/?p=24952","title":{"rendered":"Sen prezesa. Felieton Joanny Ha\u0144derek (35)"},"content":{"rendered":"\n<h4 class=\"wp-block-heading\">Opozycja potwierdzi\u0142a, \u017ce nie potrafi si\u0119 zjednoczy\u0107. Kolejny raz podzia\u0142y okaza\u0142y si\u0119 wa\u017cniejsze od politycznej prawdy, kt\u00f3ra uczy, \u017ce w zjednoczeniu i wsp\u00f3lnym konsekwentnym dzia\u0142aniu mo\u017cna wypracowa\u0107 najwi\u0119cej. Zastanawiam si\u0119 w felietonie, czy jest to nasza narodowa przywara, rejtanizm pusty, czy raczej defekt samych partii opozycyjnych, kt\u00f3re wol\u0105 si\u0119 k\u0142\u00f3ci\u0107, wzajemnie oskar\u017ca\u0107, zrywa\u0107 umowy, ni\u017c pracowa\u0107 na rzecz demokracji. Stracone szanse czy mo\u017ce nasze stare demony narodowe?<\/h4>\n\n\n\n<p>W studiu telewizyjnym dwa telebimy, na ekranach telewizor\u00f3w dwie twarze. Dwie mi\u0142e panie \u2013 jedna z Lewicy, druga z Koalicji. Obie feministki, obie w opozycji wobec partii rz\u0105dz\u0105cej, obie m\u00f3wi\u0105 o Polsce, o obywatelkach i obywatelach, o bud\u017cecie i dotacji unijnej. Pierwsza szpila: \u201ePani nic nie rozumie, to mo\u017ce wyt\u0142umacz\u0119\u201d, druga szpila: \u201eNie ka\u017cdy tyle zarabia i ma oszcz\u0119dno\u015bci\u201d, p\u00f3\u017aniej nast\u0119pna i nast\u0119pna, twarze coraz bardziej zdenerwowane. Oskar\u017cenia, pom\u00f3wienia, z\u0142o\u015b\u0107, wzajemna niech\u0119\u0107. Z\u0142oty sen prezesa.<\/p>\n\n\n\n<p>Z\u0142oty sen prezesa. Sk\u0142\u00f3cona opozycja, permanentny brak dialogu. Raz uda\u0142o si\u0119 zjednoczy\u0107, to ju\u017c za pi\u0119\u0107 minut kto\u015b wyskakuje z awantur\u0105, \u017ce nie jest tak wa\u017cny jak ten z drugiej partii opozycyjnej. Raz uda\u0142o si\u0119 dogada\u0107, to ju\u017c za chwil\u0119 kto\u015b jest ci\u0119\u017cko obra\u017cony i krzyczy, \u017ce to nie jego warto\u015bci. Polskie awanturnictwo. Trafne przys\u0142owie: \u201eGdzie dw\u00f3ch Polak\u00f3w, tam trzy zdania\u201d. Wolter pisa\u0142, \u017ce spotka\u0107 Polaka to czaruj\u0105ce do\u015bwiadczenie, spotka\u0107 dw\u00f3ch Polak\u00f3w \u2013 do\u015bwiadczenie niebezpieczne, a spotka\u0107 trzech to ju\u017c ich problem. Jeszcze troch\u0119, a Unia Europejska zrozumie t\u0119 zasad\u0119 i b\u0119dzie przed nami ucieka\u0107. Nasi partnerzy zagraniczni ju\u017c nie mog\u0105 si\u0119 nadziwi\u0107. Zaczynamy by\u0107 kuriozum Europy, narodem klinicznie obci\u0105\u017conym awantur\u0105. Polak Polakowi awanturnikiem.<\/p>\n\n\n\n<p>Z\u0142oty sen prezesa. Prawica p\u0119ka od nieporozumie\u0144, pretensji i walki o przyw\u00f3dztwo. Prezes jednak mo\u017ce spa\u0107 spokojnie, bo nasza narodowa cecha: \u201edziel i jeszcze bardziej si\u0119 k\u0142\u00f3\u0107\u201d, jest ambitnie i konsekwentnie realizowana przez opozycj\u0119. Lewica oskar\u017ca, \u017ce nie mia\u0142a z kim wsp\u00f3\u0142pracowa\u0107, Koalicja oskar\u017ca, \u017ce Lewica dzia\u0142a samowolnie i nie ogl\u0105da si\u0119 na inne ugrupowania opozycyjne. W zaaferowaniu t\u0105 jedn\u0105 wielk\u0105 awantur\u0105 nikt nie widzi, \u017ce tracimy znowu my wszyscy. To nie s\u0105 kolejne zmarnowane szanse, ale potwierdzenie tego, \u017ce wsp\u00f3\u0142praca jest nam z gruntu obca, a skoro ko\u0142derka sukcesu przykr\u00f3tka, to ka\u017cdy szarpie w swoj\u0105 stron\u0119, a\u017c wszyscy pozostaj\u0105 z niczym. Z szabelk\u0105 na wroga to mo\u017ce jeszcze by si\u0119 pop\u0119dzi\u0142o, w historycznym zapale bicia Moskala, Niemca, z\u0142ego, Innego. W demokratycznym mozole dogadywania si\u0119, uzgadniania i szukania konsensusu ju\u017c si\u0119 jako\u015b nie odnajdujemy. Pokrzycze\u0107 \u2013 owszem, teatralnie zademonstrowa\u0107 oburzenie \u2013 owszem, ka\u017cdy przecie\u017c jest Rejtanem. Ale usi\u0105\u015b\u0107 przy wsp\u00f3lnym stole i pracowa\u0107 nad wsp\u00f3ln\u0105 zgod\u0105 \u2013 a to nie, dzi\u0119kujemy.<\/p>\n\n\n\n<p>I tak prezes \u015bpi sobie spokojnie. \u015ani o kolejnym pomniku swojej chwa\u0142y, o Polsce poza Uni\u0105 Europejsk\u0105, o pi\u0119knych szko\u0142ach, gdzie dziatwa uczy si\u0119 pie\u015bni patriotycznych i zamiast lekcji biologii ma kolejne lekcje religii i wychowania patriotycznego, gdzie S\u0105d Najwy\u017cszy i Trybuna\u0142 Konstytucyjny piek\u0105 ciasteczka, robi\u0105 na drutach i podpisuj\u0105, wszystko podpisuj\u0105, uszcz\u0119\u015bliwione i u\u015bmiechni\u0119te jak nasz prezydent. Prezes \u015bpi spokojnie. Co si\u0119 zjednoczy, i tak przecie\u017c si\u0119 rozpadnie. A gdyby ludzie co\u015b si\u0119 buntowali, szemrali, da si\u0119 im uchod\u017ac\u00f3w, Julki, ekolog\u00f3w, kobiety czy inne straszne gendery do pi\u0119tnowania i nienawi\u015bci. Grunt, \u017ceby nasz nar\u00f3d mia\u0142 wrog\u00f3w. Jak b\u0119dzie wiedzia\u0142, kogo nienawidzi\u0107, to mu ca\u0142kowicie wystarczy. A opozycja, totalna opozycja, jak zawsze si\u0119 pok\u0142\u00f3ci i podzieli, i nawet gdyby si\u0119 otworzy\u0142y kolejne mo\u017cliwo\u015bci demonta\u017cu jedno\u015bci prawicy, nie zauwa\u017cy niczego. Taki to z\u0142oty sen prezesa.<\/p>\n\n\n\n<hr class=\"wp-block-separator\"\/>\n\n\n\n<p><em>Felieton jest wyrazem opinii autorki. Nie prezentuje stanowiska ZR Ma\u0142opolskie KOD.<\/em><\/p>\n","protected":false},"excerpt":{"rendered":"<p>Opozycja potwierdzi\u0142a, \u017ce nie potrafi si\u0119 zjednoczy\u0107. Kolejny raz podzia\u0142y okaza\u0142y si\u0119 wa\u017cniejsze od politycznej prawdy, kt\u00f3ra uczy, \u017ce w zjednoczeniu i wsp\u00f3lnym konsekwentnym dzia\u0142aniu mo\u017cna wypracowa\u0107 najwi\u0119cej. Zastanawiam si\u0119 w felietonie, czy jest to nasza narodowa przywara, rejtanizm pusty, czy raczej defekt samych partii opozycyjnych, kt\u00f3re wol\u0105 si\u0119 k\u0142\u00f3ci\u0107, wzajemnie oskar\u017ca\u0107, zrywa\u0107 umowy, ni\u017c pracowa\u0107 na rzecz demokracji. Stracone szanse czy mo\u017ce nasze stare demony narodowe?<\/p>\n","protected":false},"author":34,"featured_media":19411,"comment_status":"closed","ping_status":"open","sticky":false,"template":"","format":"standard","meta":{"_EventAllDay":false,"_EventTimezone":"","_EventStartDate":"","_EventEndDate":"","_EventStartDateUTC":"","_EventEndDateUTC":"","_EventShowMap":false,"_EventShowMapLink":false,"_EventURL":"","_EventCost":"","_EventCostDescription":"","_EventCurrencySymbol":"","_EventCurrencyCode":"","_EventCurrencyPosition":"","_EventDateTimeSeparator":"","_EventTimeRangeSeparator":"","_EventOrganizerID":[],"_EventVenueID":[],"_OrganizerEmail":"","_OrganizerPhone":"","_OrganizerWebsite":"","_VenueAddress":"","_VenueCity":"","_VenueCountry":"","_VenueProvince":"","_VenueState":"","_VenueZip":"","_VenuePhone":"","_VenueURL":"","_VenueStateProvince":"","_VenueLat":"","_VenueLng":"","_VenueShowMap":false,"_VenueShowMapLink":false,"footnotes":""},"categories":[596],"tags":[],"class_list":["post-24952","post","type-post","status-publish","format-standard","has-post-thumbnail","hentry","category-felietony","felietony"],"_links":{"self":[{"href":"https:\/\/kodmalopolska.pl\/index.php?rest_route=\/wp\/v2\/posts\/24952","targetHints":{"allow":["GET"]}}],"collection":[{"href":"https:\/\/kodmalopolska.pl\/index.php?rest_route=\/wp\/v2\/posts"}],"about":[{"href":"https:\/\/kodmalopolska.pl\/index.php?rest_route=\/wp\/v2\/types\/post"}],"author":[{"embeddable":true,"href":"https:\/\/kodmalopolska.pl\/index.php?rest_route=\/wp\/v2\/users\/34"}],"replies":[{"embeddable":true,"href":"https:\/\/kodmalopolska.pl\/index.php?rest_route=%2Fwp%2Fv2%2Fcomments&post=24952"}],"version-history":[{"count":0,"href":"https:\/\/kodmalopolska.pl\/index.php?rest_route=\/wp\/v2\/posts\/24952\/revisions"}],"wp:featuredmedia":[{"embeddable":true,"href":"https:\/\/kodmalopolska.pl\/index.php?rest_route=\/wp\/v2\/media\/19411"}],"wp:attachment":[{"href":"https:\/\/kodmalopolska.pl\/index.php?rest_route=%2Fwp%2Fv2%2Fmedia&parent=24952"}],"wp:term":[{"taxonomy":"category","embeddable":true,"href":"https:\/\/kodmalopolska.pl\/index.php?rest_route=%2Fwp%2Fv2%2Fcategories&post=24952"},{"taxonomy":"post_tag","embeddable":true,"href":"https:\/\/kodmalopolska.pl\/index.php?rest_route=%2Fwp%2Fv2%2Ftags&post=24952"}],"curies":[{"name":"wp","href":"https:\/\/api.w.org\/{rel}","templated":true}]}}