{"id":24942,"date":"2021-04-28T12:11:15","date_gmt":"2021-04-28T10:11:15","guid":{"rendered":"https:\/\/kodmalopolska.pl\/?p=24942"},"modified":"2021-04-28T12:11:20","modified_gmt":"2021-04-28T10:11:20","slug":"jak-przegrac-wszystko-felieton-fryderyka-zolla-298","status":"publish","type":"post","link":"https:\/\/kodmalopolska.pl\/?p=24942","title":{"rendered":"Jak przegra\u0107 wszystko. Felieton Fryderyka Zolla (298)"},"content":{"rendered":"\n<h4 class=\"wp-block-heading\">Polityka czasu medi\u00f3w spo\u0142eczno\u015bciowych, zalewu komentarzy, sonda\u017cy i\u00a0og\u00f3lnego permanentnego zgie\u0142ku charakteryzuje si\u0119 brakiem horyzontu. Cele s\u0105 tylko dora\u017ane. Wykiwanie swoich jest cz\u0119sto wa\u017cniejsze ni\u017c konsekwentne realizowanie politycznych zamierze\u0144. Lewicy uda\u0142o si\u0119 wykiwa\u0107 Koalicj\u0119 Obywatelsk\u0105.<\/h4>\n\n\n\n<p>KO nie b\u0119dzie mog\u0142a si\u0119 chlubi\u0107, \u017ce zapobieg\u0142a dyktaturze. Ten sukces Lewica okupi zgod\u0105 na dyktatur\u0119, dostaj\u0105c w\u00a0zamian gar\u015b\u0107 obietnic, kt\u00f3rych realizacji nie b\u0119dzie w\u00a0stanie wymusi\u0107. Co tam praworz\u0105dno\u015b\u0107, co tam op\u00f3r s\u0119dzi\u00f3w! Istotne, \u017ce innym demokratom si\u0119 nie uda\u0142o. Wolimy dyktatur\u0119 ni\u017c demokracj\u0119 b\u0119d\u0105c\u0105 zas\u0142ug\u0105 kogo\u015b innego. Mo\u017cna twierdzi\u0107, \u017ce w\u00a0sumie jest to demokratyczne. Ogromna wi\u0119kszo\u015b\u0107 spo\u0142ecze\u0144stwa chce bezwarunkowej ratyfikacji Funduszu. Gdyby zapyta\u0107, czy chce jej nawet za cen\u0119 demokracji, mo\u017cna by si\u0119 obawia\u0107 odpowiedzi. Demokracja jest ulotna, a\u00a0pieni\u0105dz to pieni\u0105dz. Kaczy\u0144skiemu nie mo\u017cna odm\u00f3wi\u0107 talent\u00f3w politycznych: umie dostrzec i\u00a0wykorzysta\u0107 ka\u017cd\u0105 ma\u0142o\u015b\u0107 polityk\u00f3w \u2013 oboj\u0119tne z\u00a0kt\u00f3rego obozu. Tak sta\u0142o si\u0119 i\u00a0tym razem. Istot\u0119 decyzji Lewicy trafnie odczyta\u0142 Strajk Kobiet. Mamy w\u0142a\u015bnie tydzie\u0144 rozstrzygni\u0119\u0107, kt\u00f3re nios\u0105 skutki jeszcze s\u0142abo widoczne zza horyzontu. Czy nasi politycy si\u0119gaj\u0105 tam wzrokiem? W\u00a0Lewicy s\u0105 starzy wyjadacze. \u015awietnie wiedz\u0105, co b\u0119dzie. Im to jednak nie przeszkadza. Si\u0142a dyktatury bierze si\u0119 ze s\u0142abo\u015bci innych. Ci inni to my, opozycja. Wsp\u00f3\u0142winni stanu, w\u00a0kt\u00f3ry wprowadzamy Polsk\u0119.<\/p>\n\n\n\n<hr class=\"wp-block-separator\"\/>\n\n\n\n<p><em>Felieton jest wyrazem opinii autora. Nie prezentuje stanowiska ZR Ma\u0142opolskie KOD.<\/em><\/p>\n","protected":false},"excerpt":{"rendered":"<p>Polityka czasu medi\u00f3w spo\u0142eczno\u015bciowych, zalewu komentarzy, sonda\u017cy i og\u00f3lnego permanentnego zgie\u0142ku charakteryzuje si\u0119 brakiem horyzontu. Cele s\u0105 tylko dora\u017ane. Wykiwanie swoich jest cz\u0119sto wa\u017cniejsze ni\u017c konsekwentne realizowanie politycznych zamierze\u0144. Lewicy uda\u0142o si\u0119 wykiwa\u0107 Koalicj\u0119 Obywatelsk\u0105.<\/p>\n","protected":false},"author":2,"featured_media":24583,"comment_status":"closed","ping_status":"open","sticky":false,"template":"","format":"standard","meta":{"_EventAllDay":false,"_EventTimezone":"","_EventStartDate":"","_EventEndDate":"","_EventStartDateUTC":"","_EventEndDateUTC":"","_EventShowMap":false,"_EventShowMapLink":false,"_EventURL":"","_EventCost":"","_EventCostDescription":"","_EventCurrencySymbol":"","_EventCurrencyCode":"","_EventCurrencyPosition":"","_EventDateTimeSeparator":"","_EventTimeRangeSeparator":"","_EventOrganizerID":[],"_EventVenueID":[],"_OrganizerEmail":"","_OrganizerPhone":"","_OrganizerWebsite":"","_VenueAddress":"","_VenueCity":"","_VenueCountry":"","_VenueProvince":"","_VenueState":"","_VenueZip":"","_VenuePhone":"","_VenueURL":"","_VenueStateProvince":"","_VenueLat":"","_VenueLng":"","_VenueShowMap":false,"_VenueShowMapLink":false,"footnotes":""},"categories":[596],"tags":[],"class_list":["post-24942","post","type-post","status-publish","format-standard","has-post-thumbnail","hentry","category-felietony","felietony"],"_links":{"self":[{"href":"https:\/\/kodmalopolska.pl\/index.php?rest_route=\/wp\/v2\/posts\/24942","targetHints":{"allow":["GET"]}}],"collection":[{"href":"https:\/\/kodmalopolska.pl\/index.php?rest_route=\/wp\/v2\/posts"}],"about":[{"href":"https:\/\/kodmalopolska.pl\/index.php?rest_route=\/wp\/v2\/types\/post"}],"author":[{"embeddable":true,"href":"https:\/\/kodmalopolska.pl\/index.php?rest_route=\/wp\/v2\/users\/2"}],"replies":[{"embeddable":true,"href":"https:\/\/kodmalopolska.pl\/index.php?rest_route=%2Fwp%2Fv2%2Fcomments&post=24942"}],"version-history":[{"count":0,"href":"https:\/\/kodmalopolska.pl\/index.php?rest_route=\/wp\/v2\/posts\/24942\/revisions"}],"wp:featuredmedia":[{"embeddable":true,"href":"https:\/\/kodmalopolska.pl\/index.php?rest_route=\/wp\/v2\/media\/24583"}],"wp:attachment":[{"href":"https:\/\/kodmalopolska.pl\/index.php?rest_route=%2Fwp%2Fv2%2Fmedia&parent=24942"}],"wp:term":[{"taxonomy":"category","embeddable":true,"href":"https:\/\/kodmalopolska.pl\/index.php?rest_route=%2Fwp%2Fv2%2Fcategories&post=24942"},{"taxonomy":"post_tag","embeddable":true,"href":"https:\/\/kodmalopolska.pl\/index.php?rest_route=%2Fwp%2Fv2%2Ftags&post=24942"}],"curies":[{"name":"wp","href":"https:\/\/api.w.org\/{rel}","templated":true}]}}