{"id":24931,"date":"2021-04-26T15:41:14","date_gmt":"2021-04-26T13:41:14","guid":{"rendered":"https:\/\/kodmalopolska.pl\/?p=24931"},"modified":"2021-04-26T15:41:19","modified_gmt":"2021-04-26T13:41:19","slug":"system-prawa-europejskiego-sadzony-przez-polski-trybunal-konstytucyjny-julii-przylebskiej-felieton-piotra-macieja-kaczynskiego-9","status":"publish","type":"post","link":"https:\/\/kodmalopolska.pl\/?p=24931","title":{"rendered":"System prawa europejskiego s\u0105dzony przez polski Trybuna\u0142 Konstytucyjny Julii Przy\u0142\u0119bskiej. Felieton Piotra Macieja Kaczy\u0144skiego #9"},"content":{"rendered":"\n<h4 class=\"wp-block-heading\">W tym tygodniu mo\u017ce si\u0119 rozstrzygn\u0105\u0107, czy Polska opu\u015bci Uni\u0119 Europejsk\u0105. S\u0119dzia Krystyna Paw\u0142owicz mo\u017ce wysadzi\u0107 system prawny UE w powietrze. Gro\u017aba jest realna.<\/h4>\n\n\n\n<p>O to toczy si\u0119 gra: czy polskie cz\u0142onkostwo w Unii Europejskiej dotrwa do osiemnastych urodzin? Gro\u017aba jest realna. Sytuacja jest bardzo niebezpieczna. W \u015brod\u0119 Trybuna\u0142 Konstytucyjny mo\u017ce rozstrzygn\u0105\u0107, \u017ce Trybuna\u0142 Sprawiedliwo\u015bci Unii Europejskiej nie ma kompetencji, aby stosowa\u0107 \u015brodki zaradcze w Polsce (na przyk\u0142ad w sprawie Izby Dyscyplinarnej S\u0105du Najwy\u017cszego). Co wi\u0119cej, by\u0107 mo\u017ce polskie s\u0105dy nie b\u0119d\u0105 mog\u0142y kierowa\u0107 do TSUE pyta\u0144 prejudycjalnych! Je\u015bli tak si\u0119 stanie, system prawa europejskiego zostanie wysadzony w powietrze.<\/p>\n\n\n\n<p>Bez funkcjonowania prawa europejskiego w Polsce Konstytucja Rzeczypospolitej b\u0119dzie wymaga\u0107 szybkiej modyfikacji lub czeka nas wyj\u015bcie Polski z Unii Europejskiej.<\/p>\n\n\n\n<p>To wszystko przy za\u0142o\u017ceniu, \u017ce s\u0119dzia Krystyna Paw\u0142owicz post\u0105pi zgodnie z tym, co g\u0142osi\u0142a wcze\u015bniej pos\u0142anka Krystyna Paw\u0142owicz. Pos\u0142anka Paw\u0142owicz g\u0142osi\u0142a mianowicie, \u017ce Polska powinna wyj\u015b\u0107 z UE, \u017ce Traktat Akcesyjny oraz Traktat Lizbo\u0144ski nie s\u0105 zgodne z Konstytucj\u0105 RP, \u017ce wyrok wydany wcze\u015bniej w tej sprawie przez Trybuna\u0142 Konstytucyjny by\u0142 polityczny itd.<\/p>\n\n\n\n<p>Tymczasem osoba o jasnych pogl\u0105dach w tej materii, s\u0119dzia Krystyna Paw\u0142owicz, zosta\u0142a s\u0119dzi\u0105-sprawozdawc\u0105 w tej w\u0142a\u015bnie kwestii\u2026 W\u0142os si\u0119 je\u017cy na my\u015bl, co mo\u017ce si\u0119 sta\u0107.<\/p>\n\n\n\n<p>Niestety nie mamy \u017cadnych przes\u0142anek, by my\u015ble\u0107, \u017ce s\u0119dzia Paw\u0142owicz r\u00f3\u017cni si\u0119 w pogl\u0105dach od pos\u0142anki Paw\u0142owicz.<\/p>\n\n\n\n<p>Ostatnia szansa polega na ulokowaniu wiary tam, gdzie jej nie mam za grosz: skoro Trybuna\u0142 Konstytucyjny jest politycznie sterowany z siedziby PiS\u2011u, by\u0107 mo\u017ce z Nowogrodzkiej przyjdzie ukaz, by spraw\u0119 rozstrzygn\u0105\u0107 inaczej.<\/p>\n\n\n\n<p>Adam Bodnar m\u00f3wi o prawnym polexicie. R\u00f3\u017ca Thun ostrzega\u0142a, jak \u0142atwo do polexitu mo\u017ce doj\u015b\u0107. Sam ju\u017c pisa\u0142em i m\u00f3wi\u0142em, \u017ce dzieje si\u0119 to na naszych oczach. A krok milowy w tym procesie mo\u017ce nast\u0105pi\u0107 ju\u017c w tym tygodniu.<\/p>\n\n\n\n<p><em>r\u00f3wnie\u017c na\u00a0<a href=\"https:\/\/www.fb.com\/StanUnii\">http:\/\/www.fb.com\/StanUnii<\/a><\/em><\/p>\n\n\n\n<hr class=\"wp-block-separator\"\/>\n\n\n\n<p><em>Felieton jest wyrazem opinii autora. Nie prezentuje stanowiska ZR Ma\u0142opolskie KOD.<\/em><\/p>\n","protected":false},"excerpt":{"rendered":"<p>W tym tygodniu mo\u017ce si\u0119 rozstrzygn\u0105\u0107, czy Polska opu\u015bci Uni\u0119 Europejsk\u0105. S\u0119dzia Krystyna Paw\u0142owicz mo\u017ce wysadzi\u0107 system prawny UE w powietrze. Gro\u017aba jest realna.<\/p>\n","protected":false},"author":34,"featured_media":24932,"comment_status":"closed","ping_status":"open","sticky":false,"template":"","format":"standard","meta":{"_EventAllDay":false,"_EventTimezone":"","_EventStartDate":"","_EventEndDate":"","_EventStartDateUTC":"","_EventEndDateUTC":"","_EventShowMap":false,"_EventShowMapLink":false,"_EventURL":"","_EventCost":"","_EventCostDescription":"","_EventCurrencySymbol":"","_EventCurrencyCode":"","_EventCurrencyPosition":"","_EventDateTimeSeparator":"","_EventTimeRangeSeparator":"","_EventOrganizerID":[],"_EventVenueID":[],"_OrganizerEmail":"","_OrganizerPhone":"","_OrganizerWebsite":"","_VenueAddress":"","_VenueCity":"","_VenueCountry":"","_VenueProvince":"","_VenueState":"","_VenueZip":"","_VenuePhone":"","_VenueURL":"","_VenueStateProvince":"","_VenueLat":"","_VenueLng":"","_VenueShowMap":false,"_VenueShowMapLink":false,"footnotes":""},"categories":[596],"tags":[],"class_list":["post-24931","post","type-post","status-publish","format-standard","has-post-thumbnail","hentry","category-felietony","felietony"],"_links":{"self":[{"href":"https:\/\/kodmalopolska.pl\/index.php?rest_route=\/wp\/v2\/posts\/24931","targetHints":{"allow":["GET"]}}],"collection":[{"href":"https:\/\/kodmalopolska.pl\/index.php?rest_route=\/wp\/v2\/posts"}],"about":[{"href":"https:\/\/kodmalopolska.pl\/index.php?rest_route=\/wp\/v2\/types\/post"}],"author":[{"embeddable":true,"href":"https:\/\/kodmalopolska.pl\/index.php?rest_route=\/wp\/v2\/users\/34"}],"replies":[{"embeddable":true,"href":"https:\/\/kodmalopolska.pl\/index.php?rest_route=%2Fwp%2Fv2%2Fcomments&post=24931"}],"version-history":[{"count":0,"href":"https:\/\/kodmalopolska.pl\/index.php?rest_route=\/wp\/v2\/posts\/24931\/revisions"}],"wp:featuredmedia":[{"embeddable":true,"href":"https:\/\/kodmalopolska.pl\/index.php?rest_route=\/wp\/v2\/media\/24932"}],"wp:attachment":[{"href":"https:\/\/kodmalopolska.pl\/index.php?rest_route=%2Fwp%2Fv2%2Fmedia&parent=24931"}],"wp:term":[{"taxonomy":"category","embeddable":true,"href":"https:\/\/kodmalopolska.pl\/index.php?rest_route=%2Fwp%2Fv2%2Fcategories&post=24931"},{"taxonomy":"post_tag","embeddable":true,"href":"https:\/\/kodmalopolska.pl\/index.php?rest_route=%2Fwp%2Fv2%2Ftags&post=24931"}],"curies":[{"name":"wp","href":"https:\/\/api.w.org\/{rel}","templated":true}]}}