{"id":24899,"date":"2021-04-25T11:59:36","date_gmt":"2021-04-25T09:59:36","guid":{"rendered":"https:\/\/kodmalopolska.pl\/?p=24899"},"modified":"2021-04-25T12:04:37","modified_gmt":"2021-04-25T10:04:37","slug":"przyzwoitosc-felieton-fryderyka-zolla-297","status":"publish","type":"post","link":"https:\/\/kodmalopolska.pl\/?p=24899","title":{"rendered":"Przyzwoito\u015b\u0107. Felieton Fryderyka Zolla (297)"},"content":{"rendered":"\n<h4 class=\"wp-block-heading\">Kolejna rocznica \u015bmierci W\u0142adys\u0142awa Bartoszewskiego, cz\u0142owieka, kt\u00f3ry symbolizuje inn\u0105 Rzeczpospolit\u0105 &#8211; ludzi szlachetnych, otwartych, oddanych dobru wsp\u00f3lnemu, wyrozumia\u0142ych. Po prostu cz\u0142owieka przyzwoitego.<\/h4>\n\n\n\n<p>Nale\u017ca\u0142 do pokolenia, kt\u00f3re odesz\u0142o ju\u017c niemal ca\u0142kowicie, pokolenia daj\u0105cego gwarancj\u0119, \u017ce Polska b\u0119dzie si\u0119 stawa\u0142a cz\u0119\u015bci\u0105 Zachodu, uczestnicz\u0105c na r\u00f3wnych prawach w europejskiej integracji. Z tej kultury przyzwoito\u015bci zosta\u0142o w \u015bwiecie polskiej polityki bardzo niewiele. Nie mo\u017cna jednak powiedzie\u0107, \u017ce nie ma nast\u0119pc\u00f3w. Jednym z nich jest s\u0119dzia Igor Tuleya, kt\u00f3ry po\u015bwi\u0119ci\u0142 swoj\u0105 karier\u0119 dla obrony godno\u015bci polskiego s\u0119dziego. Kilka razy mia\u0142em okazj\u0119 rozmawia\u0107 z W\u0142adys\u0142awem Bartoszewskim, kilka razy te\u017c z Igorem Tuley\u0105. To r\u00f3\u017cni ludzie, nale\u017c\u0105cy do r\u00f3\u017cnych pokole\u0144, rzuceni w r\u00f3\u017cne okoliczno\u015bci historyczne, a przecie\u017c maj\u0105cy co\u015b wsp\u00f3lnego: si\u0142\u0119 wewn\u0119trzn\u0105, kt\u00f3rej nie potrafi przem\u00f3c nienawi\u015b\u0107 rz\u0105dz\u0105cych, ich ch\u0119\u0107 st\u0142umienia wszelkiej niezale\u017cno\u015bci i przyzwoito\u015bci. Ten czas pisowskiej smuty przetrwamy w\u0142a\u015bnie dzi\u0119ki takim osobom, kt\u00f3re od W\u0142adys\u0142awa Bartoszewskiego przej\u0119\u0142y t\u0119 szczeg\u00f3ln\u0105 cech\u0119 odpowiedzialno\u015bci za godno\u015b\u0107. <\/p>\n\n\n\n<p>Nie wiem, czym przedwczoraj kierowa\u0142 si\u0119 najwy\u017cszy nies\u0119dzia dyscyplinarny. By\u0107 mo\u017ce u\u015bwiadomi\u0142 sobie, jak\u0105 okry\u0142by si\u0119 ha\u0144b\u0105, gdyby nakaza\u0142 doprowadzenie s\u0119dziego Tuleyi w kajdankach do prokuratora. \u015awietnie rozumie \u2013 da\u0142 temu nawet wyraz w swoim orzeczeniu \u2013 \u017ce s\u0119dzia Tuleya nie pope\u0142ni\u0142 niczego, za co mo\u017cna by go ci\u0105ga\u0107 po s\u0105dach. Mo\u017ce wi\u0119c motywowa\u0142 si\u0119 strachem, a mo\u017ce prawem, mo\u017ce uprawia\u0142 polityk\u0119, a mo\u017ce wykonywa\u0142 rozkazy, b\u0119d\u0105c wszak trybikiem aparatu opresji. A mo\u017ce po prostu nie umia\u0142 pozosta\u0107 ca\u0142kiem oboj\u0119tny wobec si\u0142y przyzwoito\u015bci swojego pods\u0105dnego. Na poziomie ludzkim mo\u017cna \u017cywi\u0107 tak\u0105 nadziej\u0119, cho\u0107 \u2013 trzeba przyzna\u0107 \u2013 jej podstawy s\u0105 kruche. Polskie s\u0105downictwo, zrujnowane przez rz\u0105dy PiS\u2011u, przetrwa w\u0142a\u015bnie dzi\u0119ki ludziom formatu Igora Tuleyi, jednego z Bartoszewskich naszych czas\u00f3w. To ich obecno\u015b\u0107 w\u015br\u00f3d nas sprawia, \u017ce mo\u017cemy zachowa\u0107 optymizm. Rzeczpospolit\u0105 uda si\u0119 jeszcze naprawi\u0107.<\/p>\n\n\n\n<hr class=\"wp-block-separator\"\/>\n\n\n\n<p><em>Felieton jest wyrazem opinii autora. Nie prezentuje stanowiska ZR Ma\u0142opolskie KOD.<\/em><\/p>\n","protected":false},"excerpt":{"rendered":"<p>Kolejna rocznica \u015bmierci W\u0142adys\u0142awa Bartoszewskiego, cz\u0142owieka, kt\u00f3ry symbolizuje inn\u0105 Rzeczpospolit\u0105 &#8211; ludzi szlachetnych, otwartych, oddanych dobru wsp\u00f3lnemu, wyrozumia\u0142ych. Po prostu cz\u0142owieka przyzwoitego.<\/p>\n","protected":false},"author":34,"featured_media":24583,"comment_status":"closed","ping_status":"open","sticky":false,"template":"","format":"standard","meta":{"_EventAllDay":false,"_EventTimezone":"","_EventStartDate":"","_EventEndDate":"","_EventStartDateUTC":"","_EventEndDateUTC":"","_EventShowMap":false,"_EventShowMapLink":false,"_EventURL":"","_EventCost":"","_EventCostDescription":"","_EventCurrencySymbol":"","_EventCurrencyCode":"","_EventCurrencyPosition":"","_EventDateTimeSeparator":"","_EventTimeRangeSeparator":"","_EventOrganizerID":[],"_EventVenueID":[],"_OrganizerEmail":"","_OrganizerPhone":"","_OrganizerWebsite":"","_VenueAddress":"","_VenueCity":"","_VenueCountry":"","_VenueProvince":"","_VenueState":"","_VenueZip":"","_VenuePhone":"","_VenueURL":"","_VenueStateProvince":"","_VenueLat":"","_VenueLng":"","_VenueShowMap":false,"_VenueShowMapLink":false,"footnotes":""},"categories":[596],"tags":[],"class_list":["post-24899","post","type-post","status-publish","format-standard","has-post-thumbnail","hentry","category-felietony","felietony"],"_links":{"self":[{"href":"https:\/\/kodmalopolska.pl\/index.php?rest_route=\/wp\/v2\/posts\/24899","targetHints":{"allow":["GET"]}}],"collection":[{"href":"https:\/\/kodmalopolska.pl\/index.php?rest_route=\/wp\/v2\/posts"}],"about":[{"href":"https:\/\/kodmalopolska.pl\/index.php?rest_route=\/wp\/v2\/types\/post"}],"author":[{"embeddable":true,"href":"https:\/\/kodmalopolska.pl\/index.php?rest_route=\/wp\/v2\/users\/34"}],"replies":[{"embeddable":true,"href":"https:\/\/kodmalopolska.pl\/index.php?rest_route=%2Fwp%2Fv2%2Fcomments&post=24899"}],"version-history":[{"count":0,"href":"https:\/\/kodmalopolska.pl\/index.php?rest_route=\/wp\/v2\/posts\/24899\/revisions"}],"wp:featuredmedia":[{"embeddable":true,"href":"https:\/\/kodmalopolska.pl\/index.php?rest_route=\/wp\/v2\/media\/24583"}],"wp:attachment":[{"href":"https:\/\/kodmalopolska.pl\/index.php?rest_route=%2Fwp%2Fv2%2Fmedia&parent=24899"}],"wp:term":[{"taxonomy":"category","embeddable":true,"href":"https:\/\/kodmalopolska.pl\/index.php?rest_route=%2Fwp%2Fv2%2Fcategories&post=24899"},{"taxonomy":"post_tag","embeddable":true,"href":"https:\/\/kodmalopolska.pl\/index.php?rest_route=%2Fwp%2Fv2%2Ftags&post=24899"}],"curies":[{"name":"wp","href":"https:\/\/api.w.org\/{rel}","templated":true}]}}