{"id":24635,"date":"2021-04-18T17:02:05","date_gmt":"2021-04-18T15:02:05","guid":{"rendered":"https:\/\/kodmalopolska.pl\/?p=24635"},"modified":"2021-04-18T17:02:09","modified_gmt":"2021-04-18T15:02:09","slug":"prawo-i-porozumienie-felieton-fryderyka-zolla-294","status":"publish","type":"post","link":"https:\/\/kodmalopolska.pl\/?p=24635","title":{"rendered":"Prawo i Porozumienie. Felieton Fryderyka Zolla (294)"},"content":{"rendered":"\n<h4 class=\"wp-block-heading\">Konwencja Porozumienia Jaros\u0142awa Gowina ma zapowiada\u0107 nowe otwarcie dla polskiego konserwatyzmu, dla jakiej\u015b postaci chrze\u015bcija\u0144skiej demokracji. Brzmia\u0142oby to obiecuj\u0105co, gdyby tez o odnowie konserwatyzmu nie wyg\u0142asza\u0142 sojusznik ugrupowa\u0144, kt\u00f3re zmieni\u0142y pa\u0144stwo prawa w bezprawn\u0105 miazg\u0119.<\/h4>\n\n\n\n<p>Jaros\u0142aw Gowin wie, jak dzia\u0142a pa\u0144stwo PiS\u2011u. Rozumie, co si\u0119 sta\u0142o z Trybuna\u0142em Konstytucyjnym. Widzi, po jakie \u015brodki si\u0119ga PiS\u2011owska w\u0142adza, gdy ma interes w politycznym uderzeniu w jakie\u015b osoby. Wie o tym prof. Maksymowicz, ju\u017c dawno poj\u0105\u0142 to Marian Bana\u015b, by\u0107 mo\u017ce odczuj\u0105 to cz\u0142onkowie rodziny Gowina. Sam Gowin o ma\u0142o nie straci\u0142 partii, a straci\u0142by j\u0105 na pewno, gdyby w s\u0105dach powszechnie dzia\u0142a\u0142y PiS\u2011owskie standardy. Konserwatyzm i chrze\u015bcija\u0144ska demokracja nie mog\u0105 mie\u0107 nic wsp\u00f3lnego z narodow\u0105 i socjalistyczn\u0105 wizj\u0105 PiS\u2011u. Gowin, g\u0142osz\u0105c europejskie has\u0142a, musi wiedzie\u0107, czym jest wyj\u015bcie z prawnej wsp\u00f3lnoty Europy. G\u0142osz\u0105c potrzeb\u0119 rozwoju nauki, musi wiedzie\u0107, dok\u0105d prowadz\u0105 kopernika\u0144skie harce Czarnka. Co wsp\u00f3lnego z konserwatyzmem ma ta pleni\u0105ca si\u0119 wsz\u0119dzie kpina z polskiej pa\u0144stwowo\u015bci? \u017badnego nowego pocz\u0105tku polskiego konserwatyzmu nie b\u0119dzie, je\u015bli ta idea zostanie o\u015bmieszona od samego zarania. Jedyny program ratunku dla pa\u0144stwa narysowa\u0142 marsza\u0142ek Grodzki. Poza t\u0105 drog\u0105 nie ma \u017cadnej szansy na zbudowanie wiarygodnego ruchu chrze\u015bcija\u0144sko-demokratycznego.<\/p>\n\n\n\n<hr class=\"wp-block-separator\"\/>\n\n\n\n<p><em>Felieton jest wyrazem opinii autora. Nie prezentuje stanowiska ZR Ma\u0142opolskie KOD.<\/em><\/p>\n","protected":false},"excerpt":{"rendered":"<p>Konwencja Porozumienia Jaros\u0142awa Gowina ma zapowiada\u0107 nowe otwarcie dla polskiego konserwatyzmu, dla jakiej\u015b postaci chrze\u015bcija\u0144skiej demokracji. Brzmia\u0142oby to obiecuj\u0105co, gdyby tez o odnowie konserwatyzmu nie wyg\u0142asza\u0142 sojusznik ugrupowa\u0144, kt\u00f3re zmieni\u0142y pa\u0144stwo prawa w bezprawn\u0105 miazg\u0119.<\/p>\n","protected":false},"author":34,"featured_media":24583,"comment_status":"closed","ping_status":"open","sticky":false,"template":"","format":"standard","meta":{"_EventAllDay":false,"_EventTimezone":"","_EventStartDate":"","_EventEndDate":"","_EventStartDateUTC":"","_EventEndDateUTC":"","_EventShowMap":false,"_EventShowMapLink":false,"_EventURL":"","_EventCost":"","_EventCostDescription":"","_EventCurrencySymbol":"","_EventCurrencyCode":"","_EventCurrencyPosition":"","_EventDateTimeSeparator":"","_EventTimeRangeSeparator":"","_EventOrganizerID":[],"_EventVenueID":[],"_OrganizerEmail":"","_OrganizerPhone":"","_OrganizerWebsite":"","_VenueAddress":"","_VenueCity":"","_VenueCountry":"","_VenueProvince":"","_VenueState":"","_VenueZip":"","_VenuePhone":"","_VenueURL":"","_VenueStateProvince":"","_VenueLat":"","_VenueLng":"","_VenueShowMap":false,"_VenueShowMapLink":false,"footnotes":""},"categories":[596],"tags":[],"class_list":["post-24635","post","type-post","status-publish","format-standard","has-post-thumbnail","hentry","category-felietony","felietony"],"_links":{"self":[{"href":"https:\/\/kodmalopolska.pl\/index.php?rest_route=\/wp\/v2\/posts\/24635","targetHints":{"allow":["GET"]}}],"collection":[{"href":"https:\/\/kodmalopolska.pl\/index.php?rest_route=\/wp\/v2\/posts"}],"about":[{"href":"https:\/\/kodmalopolska.pl\/index.php?rest_route=\/wp\/v2\/types\/post"}],"author":[{"embeddable":true,"href":"https:\/\/kodmalopolska.pl\/index.php?rest_route=\/wp\/v2\/users\/34"}],"replies":[{"embeddable":true,"href":"https:\/\/kodmalopolska.pl\/index.php?rest_route=%2Fwp%2Fv2%2Fcomments&post=24635"}],"version-history":[{"count":0,"href":"https:\/\/kodmalopolska.pl\/index.php?rest_route=\/wp\/v2\/posts\/24635\/revisions"}],"wp:featuredmedia":[{"embeddable":true,"href":"https:\/\/kodmalopolska.pl\/index.php?rest_route=\/wp\/v2\/media\/24583"}],"wp:attachment":[{"href":"https:\/\/kodmalopolska.pl\/index.php?rest_route=%2Fwp%2Fv2%2Fmedia&parent=24635"}],"wp:term":[{"taxonomy":"category","embeddable":true,"href":"https:\/\/kodmalopolska.pl\/index.php?rest_route=%2Fwp%2Fv2%2Fcategories&post=24635"},{"taxonomy":"post_tag","embeddable":true,"href":"https:\/\/kodmalopolska.pl\/index.php?rest_route=%2Fwp%2Fv2%2Ftags&post=24635"}],"curies":[{"name":"wp","href":"https:\/\/api.w.org\/{rel}","templated":true}]}}