{"id":24198,"date":"2021-03-19T17:44:06","date_gmt":"2021-03-19T16:44:06","guid":{"rendered":"https:\/\/kodmalopolska.pl\/?p=24198"},"modified":"2021-03-19T17:44:09","modified_gmt":"2021-03-19T16:44:09","slug":"duma-i-nadzieja-felieton-fryderyka-zolla-286","status":"publish","type":"post","link":"https:\/\/kodmalopolska.pl\/?p=24198","title":{"rendered":"Duma i nadzieja. Felieton Fryderyka Zolla (286)"},"content":{"rendered":"\n<h4 class=\"wp-block-heading\">Studenci UJ napisali list w obronie prze\u015bladowanego przez pisowsk\u0105 sprawiedliwo\u015b\u0107 prof. W\u0142odzimierza Wr\u00f3bla, s\u0119dziego S\u0105du Najwy\u017cszego. Mo\u017cna znowu by\u0107 dumnym ze student\u00f3w prawa najstarszej polskiej uczelni.<\/h4>\n\n\n\n<p>Profesorowi Uniwersytetu Jagiello\u0144skiego nie zawsze by\u0142o dane odczuwa\u0107 dum\u0119 z absolwent\u00f3w najstarszego w Polsce wydzia\u0142u prawa. Niestety, niema\u0142a ich liczba zasili\u0142a szeregi dyktatury w Polsce, nie przynosz\u0105c zaszczytu swojej Alma Mater. Dzi\u015b jednak ukaza\u0142 si\u0119 list student\u00f3w Wydzia\u0142u Prawa Uniwersytetu Jagiello\u0144skiego napisany w obronie profesora W\u0142odzimierza Wr\u00f3bla, ich nauczyciela, wybitnego uczonego, dydaktyka i s\u0119dziego S\u0105du Najwy\u017cszego, prze\u015bladowanego przez PiS\u2011owsk\u0105 w\u0142adz\u0119. Z tekstu wynika, \u017ce autorom le\u017cy na sercu pa\u0144stwo prawa, w tym niezale\u017cno\u015b\u0107 s\u0105downictwa. List ten \u015bwiadczy, \u017ce nowe roczniki krakowskich student\u00f3w prawa nie p\u00f3jd\u0105 w \u015blady Ziobry, Dudy czy Mularczyka, lecz b\u0119d\u0105 broni\u0107 demokracji i wolno\u015bci. To cieszy i nape\u0142nia dum\u0105. Studenci mogliby przecie\u017c by\u0107 oportunistami, nastawia\u0107 si\u0119 na karier\u0119 pod rz\u0105dami PiS\u2011u. Prawnikowi trudno oby\u0107 si\u0119 bez pa\u0144stwa, bo z istoty jest powo\u0142any, by pa\u0144stwu s\u0142u\u017cy\u0107. Dyktatura stawia go wi\u0119c przed wyborem: sprzeda\u0107 si\u0119 dyktatorskiej w\u0142adzy albo zachowa\u0107 twarz. Studenci Uniwersytetu Jagiello\u0144skiego pokazuj\u0105, \u017ce godno\u015b\u0107 ma dla nich pierwszorz\u0119dne znaczenie. Jest nadzieja, \u017ce dobrze si\u0119 zapisz\u0105 w dziejach Polski \u2013 i \u017ce z czasem b\u0119dzie mo\u017cna zapomnie\u0107 o ich poprzednikach, kt\u00f3rzy obowi\u0105zku absolwent\u00f3w Uniwersytetu Jagiello\u0144skiego wobec ojczyzny nie ud\u017awign\u0119li.<\/p>\n\n\n\n<hr class=\"wp-block-separator\"\/>\n\n\n\n<p><em>Felieton jest wyrazem opinii autora. Nie prezentuje stanowiska ZR Ma\u0142opolskie KOD.<\/em><\/p>\n","protected":false},"excerpt":{"rendered":"<p>Studenci UJ napisali list w obronie prze\u015bladowanego przez pisowsk\u0105 sprawiedliwo\u015b\u0107 prof. W\u0142odzimierza  Wr\u00f3bla, s\u0119dziego S\u0105du Najwy\u017cszego. Mo\u017cna znowu by\u0107 dumnym ze student\u00f3w prawa najstarszej polskiej uczelni.<\/p>\n","protected":false},"author":34,"featured_media":12411,"comment_status":"closed","ping_status":"open","sticky":false,"template":"","format":"standard","meta":{"_EventAllDay":false,"_EventTimezone":"","_EventStartDate":"","_EventEndDate":"","_EventStartDateUTC":"","_EventEndDateUTC":"","_EventShowMap":false,"_EventShowMapLink":false,"_EventURL":"","_EventCost":"","_EventCostDescription":"","_EventCurrencySymbol":"","_EventCurrencyCode":"","_EventCurrencyPosition":"","_EventDateTimeSeparator":"","_EventTimeRangeSeparator":"","_EventOrganizerID":[],"_EventVenueID":[],"_OrganizerEmail":"","_OrganizerPhone":"","_OrganizerWebsite":"","_VenueAddress":"","_VenueCity":"","_VenueCountry":"","_VenueProvince":"","_VenueState":"","_VenueZip":"","_VenuePhone":"","_VenueURL":"","_VenueStateProvince":"","_VenueLat":"","_VenueLng":"","_VenueShowMap":false,"_VenueShowMapLink":false,"footnotes":""},"categories":[596],"tags":[],"class_list":["post-24198","post","type-post","status-publish","format-standard","has-post-thumbnail","hentry","category-felietony","felietony"],"_links":{"self":[{"href":"https:\/\/kodmalopolska.pl\/index.php?rest_route=\/wp\/v2\/posts\/24198","targetHints":{"allow":["GET"]}}],"collection":[{"href":"https:\/\/kodmalopolska.pl\/index.php?rest_route=\/wp\/v2\/posts"}],"about":[{"href":"https:\/\/kodmalopolska.pl\/index.php?rest_route=\/wp\/v2\/types\/post"}],"author":[{"embeddable":true,"href":"https:\/\/kodmalopolska.pl\/index.php?rest_route=\/wp\/v2\/users\/34"}],"replies":[{"embeddable":true,"href":"https:\/\/kodmalopolska.pl\/index.php?rest_route=%2Fwp%2Fv2%2Fcomments&post=24198"}],"version-history":[{"count":0,"href":"https:\/\/kodmalopolska.pl\/index.php?rest_route=\/wp\/v2\/posts\/24198\/revisions"}],"wp:featuredmedia":[{"embeddable":true,"href":"https:\/\/kodmalopolska.pl\/index.php?rest_route=\/wp\/v2\/media\/12411"}],"wp:attachment":[{"href":"https:\/\/kodmalopolska.pl\/index.php?rest_route=%2Fwp%2Fv2%2Fmedia&parent=24198"}],"wp:term":[{"taxonomy":"category","embeddable":true,"href":"https:\/\/kodmalopolska.pl\/index.php?rest_route=%2Fwp%2Fv2%2Fcategories&post=24198"},{"taxonomy":"post_tag","embeddable":true,"href":"https:\/\/kodmalopolska.pl\/index.php?rest_route=%2Fwp%2Fv2%2Ftags&post=24198"}],"curies":[{"name":"wp","href":"https:\/\/api.w.org\/{rel}","templated":true}]}}