{"id":24021,"date":"2021-03-11T20:19:49","date_gmt":"2021-03-11T19:19:49","guid":{"rendered":"https:\/\/kodmalopolska.pl\/?p=24021"},"modified":"2021-03-13T19:49:00","modified_gmt":"2021-03-13T18:49:00","slug":"rzad-przestrzega-przed-polexitem-felieton-fryderyka-zolla-282","status":"publish","type":"post","link":"https:\/\/kodmalopolska.pl\/?p=24021","title":{"rendered":"Rz\u0105d przestrzega przed polexitem. Felieton Fryderyka Zolla (282)"},"content":{"rendered":"\n<h4 class=\"wp-block-heading\">Mamy oto rz\u0105d, kt\u00f3ry nagle postanowi\u0142 broni\u0107 Europy \u2013 taki rz\u0105d prawdziwie proeuropejski.<\/h4>\n\n\n\n<p>Czy\u017cby przesta\u0142 prze\u015bladowa\u0107 s\u0119dzi\u00f3w? Niestety, prze\u015bladuje ich coraz intensywniej. Rzecznik Schab z cz\u0119stotliwo\u015bci\u0105 towarzysza Maxima wypluwa kolejne wnioski o wszcz\u0119cie post\u0119powa\u0144 dyscyplinarnych. Czy\u017cby rz\u0105d zacz\u0105\u0142 chroni\u0107 niezale\u017cno\u015b\u0107 s\u0105d\u00f3w? Te\u017c nie. Sejm w\u0142a\u015bnie uchwali\u0142 ustaw\u0119 o S\u0105dzie Najwy\u017cszym, kt\u00f3r\u0105 mo\u017cna stre\u015bci\u0107 tak: \u201eustawa o tym, jak przymusi\u0107 S\u0105d Najwy\u017cszy do wydawania wyrok\u00f3w zgodnych z zam\u00f3wieniem politycznym\u201d. W czym wi\u0119c przejawia si\u0119 ta nowa proeuropejska zmiana? Ano rz\u0105d chcia\u0142by ratyfikowa\u0107 Fundusz Odbudowy, potrzebny mu do sfinansowania plan\u00f3w autorytarnej w\u0142adzy w Polsce. Przy okazji chcia\u0142by te\u017c zamanifestowa\u0107 swoj\u0105 niez\u0142omno\u015b\u0107 w obronie niepraworz\u0105dno\u015bci. Dlatego Ziobro z kumplami ma g\u0142osowa\u0107 przeciw, a Fundusz ma by\u0107 przyj\u0119ty przez reszt\u0119 Zjednoczonej Prawicy przy wsparciu opozycji. Czyste win-win. Opozycja przy\u0142o\u017cy si\u0119 do utrwalenia dyktatury, a Ziobro poka\u017ce skrajnym nacjonalistom, jaki jest m\u0119\u017cny, zanim zanurzy si\u0119 w europejskiej kasie. Pojawi\u0142 si\u0119 jednak drobny problem: opozycja j\u0119kn\u0119\u0142a cichutko, \u017ce mo\u017ce \u015brodki z Funduszu nale\u017ca\u0142oby pozostawi\u0107 w gestii samorz\u0105d\u00f3w. Rz\u0105d nie mo\u017ce si\u0119 na to zgodzi\u0107, bo Fundusz nie jest mu potrzebny dla Polski, ale na sfinansowanie w\u0142asnych potrzeb i utrwalenie swojej w\u0142adzy. Chodzi naprawd\u0119 o wszystko. Mysi pisk opozycji nie wystarczy. Trzeba do\u0142o\u017cy\u0107 wszelkich stara\u0144, by ten rz\u0105d upad\u0142. Nie ma czasu na rozwa\u017cania, czy Kosiniakowi spodoba\u0142oby si\u0119 premierostwo, czy Gowin zanadto by nie ur\u00f3s\u0142 albo czy nie zablokuje si\u0119 agendy lewicy. Wszyscy politycy w Sejmie, kt\u00f3rym jako\u015b zale\u017cy na demokracji, powinni zrozumie\u0107, o co tutaj toczy si\u0119 gra. Ot\u00f3\u017c gra nie toczy o to, czy Ho\u0142owni uro\u015bnie, a Platformie spadnie lub na odwr\u00f3t. Nie toczy si\u0119 o to, czy wszystkie postulaty Og\u00f3lnopolskiego Strajku Kobiet zostan\u0105 zrealizowane. Jeste\u015bmy w innym miejscu. Mamy rz\u0105d, kt\u00f3ry nie radz\u0105c sobie z epidemi\u0105, szykuje si\u0119 do zadania ostatecznego ciosu instytucjom wolnego, demokratycznego pa\u0144stwa. Polska ju\u017c zosta\u0142a praktycznie wyprowadzona z UE. Unia to wsp\u00f3lnota prawa. Do tej wsp\u00f3lnoty ju\u017c nie nale\u017cymy. Mo\u017cemy do niej wr\u00f3ci\u0107, tylko trzeba dzia\u0142a\u0107. Tak, nowy rz\u0105d odziedziczy pa\u0144stwo zdemolowane i zbankrutowane. Tak, b\u0119dzie to mia\u0142o polityczn\u0105 cen\u0119. S\u0105 jednak takie momenty w historii, gdy nie ma czasu na kalkulacje. Kaczy\u0144scy, Ziobrowie, Jackowie Kurscy musz\u0105 by\u0107 natychmiast odsuni\u0119ci od w\u0142adzy. Polska d\u0142u\u017cej tego nie zniesie. A wy, demokraci w Sejmie, przesta\u0144cie piszcze\u0107 pod miot\u0142\u0105 i trwo\u017cnie nas\u0142uchiwa\u0107 pomrukiwania rz\u0105du, \u017ce oskar\u017cy was o polexit. P\u00f3jd\u017acie wreszcie na ca\u0142o\u015b\u0107. Tym razem trzeba zaryzykowa\u0107 nawet w\u0142asne kariery. Je\u015bli nie, to przegracie Polsk\u0119, a z karierami te\u017c si\u0119 po\u017cegnacie. Stawka jest zbyt wysoka.<\/p>\n\n\n\n<hr class=\"wp-block-separator\"\/>\n\n\n\n<p><em>Felieton jest wyrazem opinii autora. Nie prezentuje stanowiska ZR Ma\u0142opolskie KOD.<\/em><\/p>\n","protected":false},"excerpt":{"rendered":"<p>Mamy oto rz\u0105d, kt\u00f3ry nagle postanowi\u0142 broni\u0107 Europy \u2013 taki rz\u0105d prawdziwie proeuropejski. <\/p>\n","protected":false},"author":34,"featured_media":12411,"comment_status":"closed","ping_status":"open","sticky":false,"template":"","format":"standard","meta":{"_EventAllDay":false,"_EventTimezone":"","_EventStartDate":"","_EventEndDate":"","_EventStartDateUTC":"","_EventEndDateUTC":"","_EventShowMap":false,"_EventShowMapLink":false,"_EventURL":"","_EventCost":"","_EventCostDescription":"","_EventCurrencySymbol":"","_EventCurrencyCode":"","_EventCurrencyPosition":"","_EventDateTimeSeparator":"","_EventTimeRangeSeparator":"","_EventOrganizerID":[],"_EventVenueID":[],"_OrganizerEmail":"","_OrganizerPhone":"","_OrganizerWebsite":"","_VenueAddress":"","_VenueCity":"","_VenueCountry":"","_VenueProvince":"","_VenueState":"","_VenueZip":"","_VenuePhone":"","_VenueURL":"","_VenueStateProvince":"","_VenueLat":"","_VenueLng":"","_VenueShowMap":false,"_VenueShowMapLink":false,"footnotes":""},"categories":[596],"tags":[],"class_list":["post-24021","post","type-post","status-publish","format-standard","has-post-thumbnail","hentry","category-felietony","felietony"],"_links":{"self":[{"href":"https:\/\/kodmalopolska.pl\/index.php?rest_route=\/wp\/v2\/posts\/24021","targetHints":{"allow":["GET"]}}],"collection":[{"href":"https:\/\/kodmalopolska.pl\/index.php?rest_route=\/wp\/v2\/posts"}],"about":[{"href":"https:\/\/kodmalopolska.pl\/index.php?rest_route=\/wp\/v2\/types\/post"}],"author":[{"embeddable":true,"href":"https:\/\/kodmalopolska.pl\/index.php?rest_route=\/wp\/v2\/users\/34"}],"replies":[{"embeddable":true,"href":"https:\/\/kodmalopolska.pl\/index.php?rest_route=%2Fwp%2Fv2%2Fcomments&post=24021"}],"version-history":[{"count":0,"href":"https:\/\/kodmalopolska.pl\/index.php?rest_route=\/wp\/v2\/posts\/24021\/revisions"}],"wp:featuredmedia":[{"embeddable":true,"href":"https:\/\/kodmalopolska.pl\/index.php?rest_route=\/wp\/v2\/media\/12411"}],"wp:attachment":[{"href":"https:\/\/kodmalopolska.pl\/index.php?rest_route=%2Fwp%2Fv2%2Fmedia&parent=24021"}],"wp:term":[{"taxonomy":"category","embeddable":true,"href":"https:\/\/kodmalopolska.pl\/index.php?rest_route=%2Fwp%2Fv2%2Fcategories&post=24021"},{"taxonomy":"post_tag","embeddable":true,"href":"https:\/\/kodmalopolska.pl\/index.php?rest_route=%2Fwp%2Fv2%2Ftags&post=24021"}],"curies":[{"name":"wp","href":"https:\/\/api.w.org\/{rel}","templated":true}]}}