{"id":23924,"date":"2021-03-08T17:25:43","date_gmt":"2021-03-08T16:25:43","guid":{"rendered":"https:\/\/kodmalopolska.pl\/?p=23924"},"modified":"2021-03-08T17:25:54","modified_gmt":"2021-03-08T16:25:54","slug":"nibylandia-felieton-fryderyka-zolla-281","status":"publish","type":"post","link":"https:\/\/kodmalopolska.pl\/?p=23924","title":{"rendered":"Nibylandia. Felieton Fryderyka Zolla (281)"},"content":{"rendered":"\n<h4 class=\"wp-block-heading\">Uchwalona przez Sejm nowelizacja ustawy o S\u0105dzie Najwy\u017cszym przesz\u0142a niezauwa\u017cona. Sta\u0142o si\u0119 to, co musia\u0142o si\u0119 sta\u0107. Urz\u0105dzili\u015bmy si\u0119. Nie robi na nas wra\u017cenia kolejna sprawa, kt\u00f3r\u0105 rzecznik Schab wytacza s\u0119dziemu \u017burkowi. Ile razy mo\u017cna si\u0119 oburza\u0107? Niesprawiedliwo\u015b\u0107 codzienn\u0105 \u0142ykamy ju\u017c bez przepitki.<\/h4>\n\n\n\n<p>Rzecznik Schab \u017cyje wprawdzie w PRL\u2011u, ale nie lubi, gdy mu si\u0119 to wypomina. Chcia\u0142by m\u00f3c si\u0119 zachowywa\u0107 tak jak latach pi\u0119\u0107dziesi\u0105tych, a budzi\u0107 szacunek przys\u0142uguj\u0105cy jego urz\u0119dowi w pa\u0144stwie prawa. Chcia\u0142by, ale nie mo\u017ce, a to wywo\u0142uje frustracj\u0119, kt\u00f3rej rzecznik Schab daje upust, atakuj\u0105c \u017burka. Tak samo z nowelizacj\u0105 ustawy o S\u0105dzie Najwy\u017cszym, sprowadzaj\u0105c\u0105 si\u0119 do tego, \u017ce Duda narzuci komisarzy Izbom, a prezes Manowska b\u0119dzie mog\u0142a kierowa\u0107 do S\u0105du pytania, okre\u015blaj\u0105c z g\u00f3ry, kto na nie odpowie. S\u0119dziowie (a raczej niby-s\u0119dziowie) z nadania PiS\u2011u b\u0119d\u0105 mieli z niby-pytaniami niby-pierwszej prezes du\u017co pracy. I tak zrobimy kolejny krok ku prawniczej nibylandii. No c\u00f3\u017c, prawdziwe \u017cycie b\u0119dzie p\u0142yn\u0119\u0142o dalej. W ko\u0144cu tylko niewielka cz\u0119\u015b\u0107 ludno\u015bci \u015bwiata ma szcz\u0119\u015bcie \u017cy\u0107 w pa\u0144stwie prawa. My to szcz\u0119\u015bcie mieli\u015bmy, a teraz jeste\u015bmy tam, gdzie wi\u0119kszo\u015b\u0107. Prawdziwy sukces rz\u0105d\u00f3w Zjednoczonej Prawicy.<\/p>\n\n\n\n<p>PS Jeden z ostatnich sonda\u017cy pokazuje, \u017ce gdyby Gowin po\u0142\u0105czy\u0142 si\u0119 z Koalicj\u0105 Polsk\u0105, czyli z PSL i Uni\u0105 Demokrat\u00f3w, m\u00f3g\u0142by w wyborach liczy\u0107 na 11,6% g\u0142os\u00f3w (badanie United Survey dla WP). Odwr\u00f3cenie nieszcz\u0119\u015bcia Polski jest w r\u0119kach polityk\u00f3w. Jej kl\u0119ska te\u017c. Na razie zmierzamy w t\u0119 drug\u0105 stron\u0119.<\/p>\n\n\n\n<hr class=\"wp-block-separator\"\/>\n\n\n\n<p><em>Felieton jest wyrazem opinii autora. Nie prezentuje stanowiska ZR Ma\u0142opolskie KOD.<\/em><\/p>\n","protected":false},"excerpt":{"rendered":"<p>Uchwalona przez Sejm nowelizacja ustawy o S\u0105dzie Najwy\u017cszym przesz\u0142a niezauwa\u017cona. Sta\u0142o si\u0119 to, co musia\u0142o si\u0119 sta\u0107. Urz\u0105dzili\u015bmy si\u0119. Nie robi na nas wra\u017cenia kolejna sprawa, kt\u00f3r\u0105 rzecznik Schab wytacza s\u0119dziemu \u017burkowi. Ile razy mo\u017cna si\u0119 oburza\u0107? Niesprawiedliwo\u015b\u0107 codzienn\u0105 \u0142ykamy ju\u017c bez przepitki. <\/p>\n","protected":false},"author":34,"featured_media":12411,"comment_status":"closed","ping_status":"open","sticky":false,"template":"","format":"standard","meta":{"_EventAllDay":false,"_EventTimezone":"","_EventStartDate":"","_EventEndDate":"","_EventStartDateUTC":"","_EventEndDateUTC":"","_EventShowMap":false,"_EventShowMapLink":false,"_EventURL":"","_EventCost":"","_EventCostDescription":"","_EventCurrencySymbol":"","_EventCurrencyCode":"","_EventCurrencyPosition":"","_EventDateTimeSeparator":"","_EventTimeRangeSeparator":"","_EventOrganizerID":[],"_EventVenueID":[],"_OrganizerEmail":"","_OrganizerPhone":"","_OrganizerWebsite":"","_VenueAddress":"","_VenueCity":"","_VenueCountry":"","_VenueProvince":"","_VenueState":"","_VenueZip":"","_VenuePhone":"","_VenueURL":"","_VenueStateProvince":"","_VenueLat":"","_VenueLng":"","_VenueShowMap":false,"_VenueShowMapLink":false,"footnotes":""},"categories":[596],"tags":[],"class_list":["post-23924","post","type-post","status-publish","format-standard","has-post-thumbnail","hentry","category-felietony","felietony"],"_links":{"self":[{"href":"https:\/\/kodmalopolska.pl\/index.php?rest_route=\/wp\/v2\/posts\/23924","targetHints":{"allow":["GET"]}}],"collection":[{"href":"https:\/\/kodmalopolska.pl\/index.php?rest_route=\/wp\/v2\/posts"}],"about":[{"href":"https:\/\/kodmalopolska.pl\/index.php?rest_route=\/wp\/v2\/types\/post"}],"author":[{"embeddable":true,"href":"https:\/\/kodmalopolska.pl\/index.php?rest_route=\/wp\/v2\/users\/34"}],"replies":[{"embeddable":true,"href":"https:\/\/kodmalopolska.pl\/index.php?rest_route=%2Fwp%2Fv2%2Fcomments&post=23924"}],"version-history":[{"count":0,"href":"https:\/\/kodmalopolska.pl\/index.php?rest_route=\/wp\/v2\/posts\/23924\/revisions"}],"wp:featuredmedia":[{"embeddable":true,"href":"https:\/\/kodmalopolska.pl\/index.php?rest_route=\/wp\/v2\/media\/12411"}],"wp:attachment":[{"href":"https:\/\/kodmalopolska.pl\/index.php?rest_route=%2Fwp%2Fv2%2Fmedia&parent=23924"}],"wp:term":[{"taxonomy":"category","embeddable":true,"href":"https:\/\/kodmalopolska.pl\/index.php?rest_route=%2Fwp%2Fv2%2Fcategories&post=23924"},{"taxonomy":"post_tag","embeddable":true,"href":"https:\/\/kodmalopolska.pl\/index.php?rest_route=%2Fwp%2Fv2%2Ftags&post=23924"}],"curies":[{"name":"wp","href":"https:\/\/api.w.org\/{rel}","templated":true}]}}