{"id":23832,"date":"2021-03-05T23:26:39","date_gmt":"2021-03-05T22:26:39","guid":{"rendered":"https:\/\/kodmalopolska.pl\/?p=23832"},"modified":"2021-03-05T23:56:35","modified_gmt":"2021-03-05T22:56:35","slug":"drzewo-pamieci-piotra-szczesnego-w-krakowie-zbiorka-funduszy","status":"publish","type":"post","link":"https:\/\/kodmalopolska.pl\/?p=23832","title":{"rendered":"Drzewo Pami\u0119ci Piotra Szcz\u0119snego w Krakowie &#8211; zbi\u00f3rka funduszy"},"content":{"rendered":"\n<h4 class=\"wp-block-heading\">Drodzy Pa\u0144stwo,<\/h4>\n\n\n\n<h4 class=\"wp-block-heading\">jak wiecie, od dawna my\u015bleli\u015bmy o upami\u0119tnieniu \u015bp. Piotra Szcz\u0119snego w Krakowie. Co roku, gdy zapalali\u015bmy znicze na p\u0142ycie Rynku w rocznic\u0119 Jego tragicznego aktu lub zanosili\u015bmy je na cmentarz, brak miejsca pami\u0119ci w przestrzeni publicznej dawa\u0142 si\u0119 dotkliwie odczu\u0107.<\/h4>\n\n\n\n<p>Poszukiwania w\u0142a\u015bciwego miejsca i formy trwa\u0142y jaki\u015b czas, zaanga\u017cowa\u0142o si\u0119 w nie wiele os\u00f3b. Wydaje si\u0119 jednak, \u017ce jeste\u015bmy ju\u017c na ostatniej prostej.<\/p>\n\n\n\n<p>Piotr kocha\u0142 przyrod\u0119, chcieliby\u015bmy wi\u0119c posadzi\u0107 drzewo Jego pami\u0119ci. Czu\u0142 si\u0119 mocno zwi\u0105zany ze swoj\u0105 macierzyst\u0105 uczelni\u0105, Uniwersytetem Jagiello\u0144skim, dlatego szukali\u015bmy miejsca jak najbli\u017cej jego budynk\u00f3w. I uda\u0142o si\u0119.<br \/>Je\u015bli wszystko p\u00f3jdzie zgodnie z planem, pod koniec kwietnie zasadzimy D\u0105b Pami\u0119ci Piotra Szcz\u0119snego tu\u017c przy Collegium Novum UJ, w samym sercu Krakowa.<\/p>\n\n\n\n<p>Pozosta\u0142 jeszcze &#8222;drobiazg&#8221; &#8211; ale kluczowy dla realizacji, tj. zebranie \u015brodk\u00f3w na ten cel. Dlatego gor\u0105co prosimy Was o wsparcie oraz pomoc w rozpowszechnieniu informacji o inicjatywie i zbi\u00f3rce. Wp\u0142aca\u0107 mo\u017cna przez portal: <a href=\"https:\/\/zrzutka.pl\/xja7hk\" target=\"_blank\" rel=\"noreferrer noopener\">https:\/\/zrzutka.pl\/xja7hk<\/a> lub robi\u0105c tradycyjny przelew na poni\u017csze dane:<\/p>\n\n\n\n<p>Nr konta:<br \/><strong>88 1750 1312 6887 4728 9847 9801<\/strong><br \/>Odbiorca:<br \/>Zrzutka.pl sp. z o. o.,<br \/>al. Karkonoska 59<br \/>53-015 Wroc\u0142aw<br \/>Tytu\u0142:<br \/><strong>Drzewo pami\u0119ci P. Szcz\u0119snego<\/strong><\/p>\n\n\n\n<p>Serdecznie dzi\u0119kuj\u0119 Edwardowi Nowakowi za organizacj\u0119 zbi\u00f3rki w imieniu KOD, Eli Talar za koordynacj\u0119 ca\u0142o\u015bci, p. Krystynie Starzy\u0144skiej za poszukiwanie w\u0142a\u015bciwego miejsca na nasadzenie oraz wszystkim innym osobom za zaanga\u017cowanie w t\u0119 inicjatyw\u0119.<\/p>\n\n\n\n<p>&#8222;Bo jak nie my, to kto?&#8221;<\/p>\n\n\n\n<p>Ewelina Pytel<br \/>Przewodnicz\u0105ca ZR<br \/>KOD Ma\u0142opolskie<\/p>\n","protected":false},"excerpt":{"rendered":"<p>Drodzy Pa\u0144stwo,<br \/>\njak wiecie, od dawna my\u015bleli\u015bmy o upami\u0119tnieniu \u015bp. Piotra Szcz\u0119snego w Krakowie. Co roku, gdy zapalali\u015bmy znicze na p\u0142ycie Rynku w rocznic\u0119 Jego tragicznego aktu lub zanosili\u015bmy je na cmentarz, brak miejsca pami\u0119ci w przestrzeni publicznej dawa\u0142 si\u0119 dotkliwie odczu\u0107.<\/p>\n","protected":false},"author":34,"featured_media":23844,"comment_status":"closed","ping_status":"open","sticky":false,"template":"","format":"standard","meta":{"_EventAllDay":false,"_EventTimezone":"","_EventStartDate":"","_EventEndDate":"","_EventStartDateUTC":"","_EventEndDateUTC":"","_EventShowMap":false,"_EventShowMapLink":false,"_EventURL":"","_EventCost":"","_EventCostDescription":"","_EventCurrencySymbol":"","_EventCurrencyCode":"","_EventCurrencyPosition":"","_EventDateTimeSeparator":"","_EventTimeRangeSeparator":"","_EventOrganizerID":[],"_EventVenueID":[],"_OrganizerEmail":"","_OrganizerPhone":"","_OrganizerWebsite":"","_VenueAddress":"","_VenueCity":"","_VenueCountry":"","_VenueProvince":"","_VenueState":"","_VenueZip":"","_VenuePhone":"","_VenueURL":"","_VenueStateProvince":"","_VenueLat":"","_VenueLng":"","_VenueShowMap":false,"_VenueShowMapLink":false,"footnotes":""},"categories":[28],"tags":[],"class_list":["post-23832","post","type-post","status-publish","format-standard","has-post-thumbnail","hentry","category-malopolskie-news","malopolskie-news"],"_links":{"self":[{"href":"https:\/\/kodmalopolska.pl\/index.php?rest_route=\/wp\/v2\/posts\/23832","targetHints":{"allow":["GET"]}}],"collection":[{"href":"https:\/\/kodmalopolska.pl\/index.php?rest_route=\/wp\/v2\/posts"}],"about":[{"href":"https:\/\/kodmalopolska.pl\/index.php?rest_route=\/wp\/v2\/types\/post"}],"author":[{"embeddable":true,"href":"https:\/\/kodmalopolska.pl\/index.php?rest_route=\/wp\/v2\/users\/34"}],"replies":[{"embeddable":true,"href":"https:\/\/kodmalopolska.pl\/index.php?rest_route=%2Fwp%2Fv2%2Fcomments&post=23832"}],"version-history":[{"count":0,"href":"https:\/\/kodmalopolska.pl\/index.php?rest_route=\/wp\/v2\/posts\/23832\/revisions"}],"wp:featuredmedia":[{"embeddable":true,"href":"https:\/\/kodmalopolska.pl\/index.php?rest_route=\/wp\/v2\/media\/23844"}],"wp:attachment":[{"href":"https:\/\/kodmalopolska.pl\/index.php?rest_route=%2Fwp%2Fv2%2Fmedia&parent=23832"}],"wp:term":[{"taxonomy":"category","embeddable":true,"href":"https:\/\/kodmalopolska.pl\/index.php?rest_route=%2Fwp%2Fv2%2Fcategories&post=23832"},{"taxonomy":"post_tag","embeddable":true,"href":"https:\/\/kodmalopolska.pl\/index.php?rest_route=%2Fwp%2Fv2%2Ftags&post=23832"}],"curies":[{"name":"wp","href":"https:\/\/api.w.org\/{rel}","templated":true}]}}