{"id":23760,"date":"2021-03-05T16:49:47","date_gmt":"2021-03-05T15:49:47","guid":{"rendered":"https:\/\/kodmalopolska.pl\/?p=23760"},"modified":"2021-03-05T17:41:51","modified_gmt":"2021-03-05T16:41:51","slug":"grozba-przejecia-sadu-najwyzszego","status":"publish","type":"post","link":"https:\/\/kodmalopolska.pl\/?p=23760","title":{"rendered":"Gro\u017aba przej\u0119cia S\u0105du Najwy\u017cszego!"},"content":{"rendered":"\n<p><strong>25 lutego Sejm przyj\u0105\u0142 \u2013 bez szczeg\u00f3lnego zainteresowania medi\u00f3w i opinii publicznej \u2013 nowelizacj\u0119 ustawy o S\u0105dzie Najwy\u017cszym. Projekt wni\u00f3s\u0142 do Sejmu zaledwie tydzie\u0144 wcze\u015bniej Prezydent. Wszystko odby\u0142o si\u0119 w ekspresowym, typowo pisowskim trybie (trzy czytania na jednym posiedzeniu Sejmu, w dwa dni).<br \/>Ustawa wprowadza dwie zmiany, wydawa\u0142oby si\u0119 techniczne, ale maj\u0105ce istotny wp\u0142yw na funkcjonowanie S\u0105du Najwy\u017cszego:<\/strong><\/p>\n\n\n\n<ol class=\"wp-block-list\"><li>Prezydent uzyskuje kompetencj\u0119 do ustanowienia \u201ekomisarza\u201d zarz\u0105dzaj\u0105cego izb\u0105 SN.<br \/>Wyja\u015bnijmy, o co chodzi. S\u0105d Najwy\u017cszy ma obecnie pi\u0119\u0107 izb:<br \/>\u2022 Izba Cywilna,<br \/>\u2022 Izba Karna,<br \/>\u2022 Izba Pracy i Ubezpiecze\u0144 Spo\u0142ecznych,<br \/>\u2022 Izba Kontroli Nadzwyczajnej i Spraw Publicznych,<br \/>\u2022 Izba Dyscyplinarna.<br \/>Dwie ostatnie Izby s\u0105 w ca\u0142o\u015bci obsadzone z udzia\u0142em upolitycznionej i powo\u0142anej sprzecznie z Konstytucj\u0105 neoKRS. Izba Dyscyplinarna, kt\u00f3ra w og\u00f3le nie jest s\u0105dem, orzeka mimo uchwa\u0142y trzech Izb SN z 23 stycznia 2020 r. i mimo postanowienia Trybuna\u0142u Sprawiedliwo\u015bci UE z 8 kwietnia 2020 r. wstrzymuj\u0105cego jej dzia\u0142alno\u015b\u0107 w sprawach dyscyplinarnych s\u0119dzi\u00f3w.<br \/>Prezesi pozosta\u0142ych trzech izb i wi\u0119kszo\u015b\u0107 orzekaj\u0105cych w nich s\u0119dzi\u00f3w zostali powo\u0142ani w konstytucyjnej procedurze jeszcze przed politycznym przej\u0119ciem KRS. Kadencje prezes\u00f3w Izby Cywilnej oraz Izby Pracy i Ubezpiecze\u0144 Spo\u0142ecznych up\u0142ywaj\u0105 w sierpniu 2021 r. Prezydent uzyska w\u00f3wczas \u2013 do czasu wyboru nowych prezes\u00f3w \u2013 mo\u017cliwo\u015b\u0107 powierzenia wykonywania obowi\u0105zk\u00f3w prezesa wskazanemu przez siebie s\u0119dziemu SN.<br \/>Z punktu widzenia naruszenia praworz\u0105dno\u015bci szczeg\u00f3lne znaczenie ma Izba Pracy i Ubezpiecze\u0144 Spo\u0142ecznych. Rozpatruje ona bowiem szereg spraw wytoczonych przez s\u0119dzi\u00f3w, kt\u00f3rzy sprzeciwiaj\u0105 si\u0119 naruszaniu niezale\u017cno\u015bci s\u0105d\u00f3w w ostatnich latach i kwestionuj\u0105 skuteczno\u015b\u0107 powo\u0142ania s\u0119dzi\u00f3w z udzia\u0142em neoKRS. Rozpatruj\u0105cy je s\u0119dziowie Izby wyst\u0105pili w zwi\u0105zku z tymi sprawami z szeregiem pyta\u0144 dot. dzia\u0142ania neoKRS i jej nominacji do Trybuna\u0142u Sprawiedliwo\u015bci UE . Prezydencki \u201ekomisarz\u201d zarz\u0105dzaj\u0105cy izb\u0105 b\u0119dzie m\u00f3g\u0142 wp\u0142ywa\u0107 na wspomniane sprawy, chocia\u017cby wyznaczaj\u0105c sk\u0142ady s\u0119dziowskie do ich rozpoznania. Jak w praktyce wygl\u0105da dzia\u0142alno\u015b\u0107 takiego \u201ekomisarza\u201d, wiedzieli\u015bmy w czasie, kiedy obowi\u0105zki Pierwszego Prezesa SN sprawowali z nadania prezydenta Kamil Zaradkiewicz i Aleksander St\u0119pkowski.<\/li><li>Pierwszy Prezes SN uzyska mo\u017cliwo\u015b\u0107 wyznaczania sk\u0142ad\u00f3w orzekaj\u0105cych w sprawach zadanych przez siebie pyta\u0144 dotycz\u0105cych kwestii budz\u0105cych rozbie\u017cno\u015bci w orzecznictwie. B\u0119dzie tak\u017ce m\u00f3g\u0142 zdecydowa\u0107 o rozpoznaniu ich poza kolejno\u015bci\u0105 wynikaj\u0105c\u0105 z chwili wp\u0142ywu sprawy.<br \/>Wyja\u015bnienie: Pierwszy Prezes SN mo\u017ce przedstawi\u0107 wniosek o rozstrzygni\u0119cie zagadnienia prawnego, kt\u00f3re wywo\u0142uje rozbie\u017cno\u015bci w orzecznictwie s\u0105d\u00f3w powszechnych i samego SN, przez odpowiedni powi\u0119kszony sk\u0142ad SN. Aktualnie przydzia\u0142u spraw i wyznaczenia sk\u0142adu s\u0119dziowskiego dokonuje prezes danej izby. Sprawy s\u0105 rozpoznawane w kolejno\u015bci ich wp\u0142ywu, jednak w szczeg\u00f3lnie uzasadnionych przypadkach, prezes kieruj\u0105cy prac\u0105 danej izby, mo\u017ce zarz\u0105dzi\u0107 rozpoznanie sprawy poza kolejno\u015bci\u0105. Zasady te dotycz\u0105 wszystkich spraw.<br \/>Wed\u0142ug w\u0142a\u015bnie przeg\u0142osowanej noweli w razie wyst\u0105pienia z wnioskiem o rozstrzygni\u0119cie zagadnienia prawnego przez Pierwszego Prezesa SN, to on przejmuje wspomniane kompetencje Prezesa Izby. Innymi s\u0142owy: b\u0119dzie m\u00f3g\u0142 wyznaczy\u0107 sk\u0142ad orzekaj\u0105cy i odst\u0105pi\u0107 od kolejno\u015bci rozpatrywania spraw wg chwili ich wp\u0142ywu.<br \/>Dodajmy jeszcze, \u017ce obecnie stanowisko Pierwszej Prezes S\u0105du Najwy\u017cszego zajmuje Ma\u0142gorzata Manowska, by\u0142a wiceminister sprawiedliwo\u015bci w rz\u0105dzie PiS w 2007 r. i s\u0119dzia nominowana do SN z udzia\u0142em neo-KRS. Ostatnio ws\u0142awi\u0142a si\u0119 wnioskiem do TK o stwierdzenie niezgodno\u015bci z Konstytucj\u0105 przepis\u00f3w ustawy o dost\u0119pie do informacji niejawnych.<br \/>Konsekwencje tej zmiany \u0142atwo sobie wyobrazi\u0107, obserwuj\u0105c chocia\u017cby praktyk\u0119 funkcjonowania TK kierowanego przez Juli\u0119 Przy\u0142\u0119bsk\u0105. W niewygodnych dla w\u0142adzy sprawach mog\u0105 by\u0107 kierowane wnioski o rozstrzygni\u0119cie przez powi\u0119kszony sk\u0142ad SN. Sk\u0142ad orzekaj\u0105cy mo\u017ce zosta\u0107 arbitralnie wy\u0142oniony spo\u015br\u00f3d \u201epewnych\u201d s\u0119dzi\u00f3w powo\u0142anych ju\u017c z udzia\u0142em neo-KRS, a termin rozpoznania mo\u017ce zosta\u0107 dopasowany do bie\u017c\u0105cej agendy politycznej. W takich warunkach zapadnie zapewne \u201eprawid\u0142owe\u201d rozstrzygni\u0119cie, zbie\u017cne z oczekiwaniami rz\u0105dz\u0105cej ekipy.<br \/>Ustawa trafi\u0142a do Senatu, kt\u00f3ry ma 30 dni na zaj\u0119cie stanowiska. To jest czas na mobilizacj\u0119 opinii publicznej do obrony SN przed tymi zmianami!<\/li><\/ol>\n\n\n\n<p><strong><em>Bart\u0142omiej Swaczyna<\/em><\/strong><\/p>\n\n\n\n<figure class=\"wp-block-image size-large\"><img loading=\"lazy\" decoding=\"async\" width=\"819\" height=\"752\" src=\"https:\/\/kodmalopolska.pl\/wp-content\/uploads\/2021\/03\/sn-manowska.png\" alt=\"\" class=\"wp-image-23761\" srcset=\"https:\/\/kodmalopolska.pl\/wp-content\/uploads\/2021\/03\/sn-manowska.png 819w, https:\/\/kodmalopolska.pl\/wp-content\/uploads\/2021\/03\/sn-manowska-400x367.png 400w, https:\/\/kodmalopolska.pl\/wp-content\/uploads\/2021\/03\/sn-manowska-537x493.png 537w\" sizes=\"auto, (max-width: 819px) 100vw, 819px\" \/><figcaption>Grafik\u0119 autorstwa Anny Bachtin udost\u0119pniam dzi\u0119ki uprzejmo\u015bci #wolnes\u0105dy<\/figcaption><\/figure>\n\n\n\n<div class=\"wp-block-buttons is-layout-flex wp-block-buttons-is-layout-flex\">\n<div class=\"wp-block-button is-style-outline is-style-outline--1\"><a class=\"wp-block-button__link has-black-color has-text-color has-background\" href=\"https:\/\/www.facebook.com\/permalink.php?story_fbid=865493607357431\" style=\"border-radius:4px;background-color:#b8ecd7\" target=\"_blank\" rel=\"noreferrer noopener\">Link do dyskusji na Facebooku<\/a><\/div>\n<\/div>\n","protected":false},"excerpt":{"rendered":"<p>25 lutego Sejm przyj\u0105\u0142 \u2013 bez szczeg\u00f3lnego zainteresowania medi\u00f3w i opinii publicznej \u2013 nowelizacj\u0119 ustawy o S\u0105dzie Najwy\u017cszym. Projekt wni\u00f3s\u0142 [&#8230;]<\/p>\n","protected":false},"author":2,"featured_media":23761,"comment_status":"closed","ping_status":"open","sticky":false,"template":"","format":"standard","meta":{"_EventAllDay":false,"_EventTimezone":"","_EventStartDate":"","_EventEndDate":"","_EventStartDateUTC":"","_EventEndDateUTC":"","_EventShowMap":false,"_EventShowMapLink":false,"_EventURL":"","_EventCost":"","_EventCostDescription":"","_EventCurrencySymbol":"","_EventCurrencyCode":"","_EventCurrencyPosition":"","_EventDateTimeSeparator":"","_EventTimeRangeSeparator":"","_EventOrganizerID":[],"_EventVenueID":[],"_OrganizerEmail":"","_OrganizerPhone":"","_OrganizerWebsite":"","_VenueAddress":"","_VenueCity":"","_VenueCountry":"","_VenueProvince":"","_VenueState":"","_VenueZip":"","_VenuePhone":"","_VenueURL":"","_VenueStateProvince":"","_VenueLat":"","_VenueLng":"","_VenueShowMap":false,"_VenueShowMapLink":false,"footnotes":""},"categories":[440],"tags":[],"class_list":["post-23760","post","type-post","status-publish","format-standard","has-post-thumbnail","hentry","category-informacje-krajowe","informacje-krajowe"],"_links":{"self":[{"href":"https:\/\/kodmalopolska.pl\/index.php?rest_route=\/wp\/v2\/posts\/23760","targetHints":{"allow":["GET"]}}],"collection":[{"href":"https:\/\/kodmalopolska.pl\/index.php?rest_route=\/wp\/v2\/posts"}],"about":[{"href":"https:\/\/kodmalopolska.pl\/index.php?rest_route=\/wp\/v2\/types\/post"}],"author":[{"embeddable":true,"href":"https:\/\/kodmalopolska.pl\/index.php?rest_route=\/wp\/v2\/users\/2"}],"replies":[{"embeddable":true,"href":"https:\/\/kodmalopolska.pl\/index.php?rest_route=%2Fwp%2Fv2%2Fcomments&post=23760"}],"version-history":[{"count":0,"href":"https:\/\/kodmalopolska.pl\/index.php?rest_route=\/wp\/v2\/posts\/23760\/revisions"}],"wp:featuredmedia":[{"embeddable":true,"href":"https:\/\/kodmalopolska.pl\/index.php?rest_route=\/wp\/v2\/media\/23761"}],"wp:attachment":[{"href":"https:\/\/kodmalopolska.pl\/index.php?rest_route=%2Fwp%2Fv2%2Fmedia&parent=23760"}],"wp:term":[{"taxonomy":"category","embeddable":true,"href":"https:\/\/kodmalopolska.pl\/index.php?rest_route=%2Fwp%2Fv2%2Fcategories&post=23760"},{"taxonomy":"post_tag","embeddable":true,"href":"https:\/\/kodmalopolska.pl\/index.php?rest_route=%2Fwp%2Fv2%2Ftags&post=23760"}],"curies":[{"name":"wp","href":"https:\/\/api.w.org\/{rel}","templated":true}]}}