{"id":23745,"date":"2021-03-04T22:21:15","date_gmt":"2021-03-04T21:21:15","guid":{"rendered":"https:\/\/kodmalopolska.pl\/?p=23745"},"modified":"2021-03-04T22:21:24","modified_gmt":"2021-03-04T21:21:24","slug":"stale-sa-tylko-zmiany-felieton-marii-mysonianki-40","status":"publish","type":"post","link":"https:\/\/kodmalopolska.pl\/?p=23745","title":{"rendered":"Sta\u0142e s\u0105 tylko zmiany. Felieton Marii Mysonianki (40)"},"content":{"rendered":"\n<h4 class=\"wp-block-heading\">Sta\u0142e s\u0105 tylko zmiany. J\u0119zyk te\u017c si\u0119 zmienia i by\u0107 mo\u017ce trzeba go wzbogaci\u0107, wpuszczaj\u0105c wulgaryzmy na salony. Nadal jednak koprolalia nie dla kobiet.<\/h4>\n\n\n\n<p>Sta\u0142e s\u0105 tylko zmiany, wiedzia\u0142 to ju\u017c przed wiekami Heraklit z Efezu. Od kilku dni obserwujemy kolejn\u0105 zmian\u0119 w naszej kulturze codziennej. Zmiana jest nieoczekiwana i \u2013 jak to zwykle ze zmianami bywa \u2013 niekt\u00f3rym si\u0119 podoba, a innych przera\u017ca. Ja zaliczam si\u0119 do tych drugich. Zmiana zreszt\u0105 mnie nie tylko przera\u017ca, ale te\u017c napawa oburzeniem. Jak to? Dlaczego? Jakim prawem? Ca\u0142e \u017cycie mnie uczono, \u017ce brzydkich s\u0142\u00f3w si\u0119 nie u\u017cywa, poniewa\u017c brzydkie s\u0142owa \u015bwiadcz\u0105 fatalnie o tym, kto si\u0119 nimi pos\u0142uguje. Co wi\u0119cej, ich u\u017cywanie zuba\u017ca j\u0119zyk, a w konsekwencji i kultur\u0119, bo kultura wyra\u017ca si\u0119 tak\u017ce w codziennym j\u0119zyku. Przeklinanie, \u201erzucanie kurwami\u201d, po prostu nie uchodzi. S\u0105 wprawdzie miejsca, w kt\u00f3rych uchodzi, ale zwykle s\u0105 to place budowy, gdzie praca ci\u0119\u017cka i odpowiedzialna, a na formu\u0142owanie pi\u0119knego przekazu czasu i si\u0142 brak. Pod budk\u0105 z piwem te\u017c mo\u017cna sobie mi\u0119sem rzuci\u0107 i wszystko jest w porz\u0105dku. W polityce natomiast mi\u0119sem dotychczas oficjalnie nie rzucano, a wa\u017cne w tej sferze osoby wyra\u017ca\u0142y si\u0119 odpowiednio (nie zawsze, trzeba przyzna\u0107, ale jaki\u015b poziom trzymano). Sta\u0142e s\u0105 jednak tylko zmiany i od kilku dni mamy do czynienia ze zmian\u0105. Ot\u00f3\u017c je\u015bli nale\u017cy si\u0119 do elity w\u0142adzy, \u201erzucanie kurwami\u201d jest ju\u017c dozwolone. Mo\u017cna, jak si\u0119 dowiedzieli\u015bmy z przekazu medialnego, takie s\u0142ownictwo t\u0142umaczy\u0107 medycznie. Mnie wprawdzie uczono, \u017ce zadaniem medycyny jest leczy\u0107, ale c\u00f3\u017c, sta\u0142e s\u0105 tylko zmiany \u2013 teraz medycyna dostarcza za\u015bwiadcze\u0144, kt\u00f3re otwieraj\u0105 drzwi. Ci bez takich papier\u00f3w musz\u0105 si\u0119 bardziej natrudzi\u0107, by owe drzwi sforsowa\u0107. Jaka elita, takie s\u0142ownictwo. Szkoda tylko j\u0119zyka ojczystego, kt\u00f3ry za\u015bmiecony wulgaryzmami b\u0119dzie ubo\u017ca\u0142 coraz bardziej. A mo\u017ce mimo wszystko wulgaryzmy wzbogac\u0105 nasz\u0105 rzeczywisto\u015b\u0107? Ciekawe, \u017ce z tak pozytywnym odbiorem nie spotka\u0142y si\u0119 wypowiedzi Strajku Kobiet. C\u00f3\u017c, wedle stawu grobla \u2013 kobieta ma by\u0107 \u0142adna, od dziewczynek poczynaj\u0105c, kt\u00f3re zgodnie z zaleceniami z samej g\u00f3ry powinny si\u0119 odchudza\u0107. Drogie panie, wulgaryzmy nie dla nas, wulgaryzmy dla tych, kt\u00f3rym wolno. Dlaczego im wolno? Bo w demokratycznym pa\u0144stwie decyduje suweren. Nasuwa si\u0119 tu pytanie, czy to z suwerenem co\u015b nie tak, czy te\u017c mamy lokaln\u0105 odmian\u0119 w\u0142adcy much. Pytanie to pozostawmy otwarte\u2026<\/p>\n\n\n\n<hr class=\"wp-block-separator\"\/>\n\n\n\n<p><em>Felieton jest wyrazem opinii autorki. Nie prezentuje stanowiska ZR Ma\u0142opolskie KOD.<\/em><\/p>\n","protected":false},"excerpt":{"rendered":"<p>Sta\u0142e s\u0105 tylko zmiany. J\u0119zyk te\u017c si\u0119 zmienia i by\u0107 mo\u017ce trzeba go wzbogaci\u0107, wpuszczaj\u0105c wulgaryzmy na salony. Nadal jednak koprolalia nie dla kobiet.<\/p>\n","protected":false},"author":34,"featured_media":17978,"comment_status":"closed","ping_status":"open","sticky":false,"template":"","format":"standard","meta":{"_EventAllDay":false,"_EventTimezone":"","_EventStartDate":"","_EventEndDate":"","_EventStartDateUTC":"","_EventEndDateUTC":"","_EventShowMap":false,"_EventShowMapLink":false,"_EventURL":"","_EventCost":"","_EventCostDescription":"","_EventCurrencySymbol":"","_EventCurrencyCode":"","_EventCurrencyPosition":"","_EventDateTimeSeparator":"","_EventTimeRangeSeparator":"","_EventOrganizerID":[],"_EventVenueID":[],"_OrganizerEmail":"","_OrganizerPhone":"","_OrganizerWebsite":"","_VenueAddress":"","_VenueCity":"","_VenueCountry":"","_VenueProvince":"","_VenueState":"","_VenueZip":"","_VenuePhone":"","_VenueURL":"","_VenueStateProvince":"","_VenueLat":"","_VenueLng":"","_VenueShowMap":false,"_VenueShowMapLink":false,"footnotes":""},"categories":[596],"tags":[],"class_list":["post-23745","post","type-post","status-publish","format-standard","has-post-thumbnail","hentry","category-felietony","felietony"],"_links":{"self":[{"href":"https:\/\/kodmalopolska.pl\/index.php?rest_route=\/wp\/v2\/posts\/23745","targetHints":{"allow":["GET"]}}],"collection":[{"href":"https:\/\/kodmalopolska.pl\/index.php?rest_route=\/wp\/v2\/posts"}],"about":[{"href":"https:\/\/kodmalopolska.pl\/index.php?rest_route=\/wp\/v2\/types\/post"}],"author":[{"embeddable":true,"href":"https:\/\/kodmalopolska.pl\/index.php?rest_route=\/wp\/v2\/users\/34"}],"replies":[{"embeddable":true,"href":"https:\/\/kodmalopolska.pl\/index.php?rest_route=%2Fwp%2Fv2%2Fcomments&post=23745"}],"version-history":[{"count":0,"href":"https:\/\/kodmalopolska.pl\/index.php?rest_route=\/wp\/v2\/posts\/23745\/revisions"}],"wp:featuredmedia":[{"embeddable":true,"href":"https:\/\/kodmalopolska.pl\/index.php?rest_route=\/wp\/v2\/media\/17978"}],"wp:attachment":[{"href":"https:\/\/kodmalopolska.pl\/index.php?rest_route=%2Fwp%2Fv2%2Fmedia&parent=23745"}],"wp:term":[{"taxonomy":"category","embeddable":true,"href":"https:\/\/kodmalopolska.pl\/index.php?rest_route=%2Fwp%2Fv2%2Fcategories&post=23745"},{"taxonomy":"post_tag","embeddable":true,"href":"https:\/\/kodmalopolska.pl\/index.php?rest_route=%2Fwp%2Fv2%2Ftags&post=23745"}],"curies":[{"name":"wp","href":"https:\/\/api.w.org\/{rel}","templated":true}]}}