{"id":23725,"date":"2021-03-04T14:44:14","date_gmt":"2021-03-04T13:44:14","guid":{"rendered":"https:\/\/kodmalopolska.pl\/?p=23725"},"modified":"2021-03-04T14:44:17","modified_gmt":"2021-03-04T13:44:17","slug":"rzymianin-felieton-joanny-handerek-25","status":"publish","type":"post","link":"https:\/\/kodmalopolska.pl\/?p=23725","title":{"rendered":"Rzymianin. Felieton Joanny Ha\u0144derek (25)"},"content":{"rendered":"\n<h4 class=\"wp-block-heading\">Ostatnio mieli\u015bmy do czynienia z popisami oratorskimi nadwi\u015bla\u0144skiego Napoleona, \u201ecz\u0142owieka wolno\u015bci\u201d, i mo\u017ce by\u0142oby to tylko obrzydliwie wulgarne, gdyby za ca\u0142\u0105 t\u0105 spraw\u0105 nie kry\u0142o si\u0119 co\u015b wi\u0119cej. W naszym kraju, odk\u0105d PiS dosz\u0142o do w\u0142adzy, nieustannie \u0142amie si\u0119 nie tylko Konstytucj\u0119, ale i normy spo\u0142eczne, zasady parlamentaryzmu, moralno\u015bci i szacunku wobec drugiego cz\u0142owieka. W felietonie pisz\u0119 w\u0142a\u015bnie o tej pe\u0142zaj\u0105cej dyktaturze, pos\u0142uguj\u0105cej si\u0119 nonszalancj\u0105 i butnym gestem.<\/h4>\n\n\n\n<p>Na polsk\u0105 scen\u0119 parlamentarn\u0105 wkroczy\u0142a formacja polityczna o wyra\u017anie rzymskich korzeniach. Jej cz\u0142onkowie maj\u0105 imperialne zapatrywania: ca\u0142y nar\u00f3d ma by\u0107 podporz\u0105dkowany i zdobyty, uwielbienie ma by\u0107 \u015blepe, tak jak i pos\u0142usze\u0144stwo. Szczyc\u0105 si\u0119 niez\u0142omnymi manierami, co pokaza\u0142a pewna by\u0142a pos\u0142anka, zgrabnie zamieniaj\u0105c sal\u0119 sejmow\u0105 w sto\u0142\u00f3wk\u0119. A na dodatek operuj\u0105 \u0142acin\u0105 jak ma\u0142o kto \u2013 w wypowiedziach najnowszego polskiego Napoleona redakcja nie nad\u0105\u017ca\u0142a z kropeczkami. Wida\u0107, jak nasz nadwi\u015bla\u0144ski Napoleon zgrabnie, pewnie i umiej\u0119tnie pos\u0142uguje si\u0119 wszelkimi odmianami pi\u0119knej mowy \u2013 Rzymianin, po prostu Rzymianin.<\/p>\n\n\n\n<p>Podw\u00f3rkow\u0105 \u0142acin\u0119 mo\u017cna wykropkowa\u0107, z jedz\u0105cej w Sejmie by\u0142ej pos\u0142anki zrobi\u0107 memy, podobnie jak z rozkosznie podniesionego do oka palca jej kole\u017canki. Mo\u017cna \u017cartowa\u0107 z \u201egorszego sortu\u201d, mo\u017cna pr\u00f3bowa\u0107 udawa\u0107, \u017ce nic si\u0119 nie dzieje. Problem w tym, \u017ce mamy tutaj do czynienia z czym\u015b wi\u0119cej. I nie chodzi tylko o ukryte za tym wszystkim afery, nie chodzi tylko o dzia\u0142anie niezgodne z prawem. Tak naprawd\u0119 te przekle\u0144stwa, to wulgarne i niestosowne zachowanie ods\u0142aniaj\u0105 jedno: nonszalancj\u0119 w\u0142adzy.<\/p>\n\n\n\n<p>Pogarda w\u0142adzy jest niebezpieczna, oznacza wyzbycie si\u0119 hamulc\u00f3w. Mechanizm jest prosty: skoro wolno powiedzie\u0107 wszystko, skoro nie obowi\u0105zuj\u0105 \u017cadne spo\u0142eczne normy, to mo\u017cna dalej, wi\u0119cej. Mo\u017cna \u0142ama\u0107 prawo (a wr\u0119cz nale\u017cy, je\u015bli wzmacnia to w\u0142adz\u0119), zagarnia\u0107 media (s\u0142usznie, opozycja niech milczy), manipulowa\u0107 i ok\u0142amywa\u0107 spo\u0142ecze\u0144stwo (a kto si\u0119 tym przejmie, skoro i media, i s\u0105dy zostan\u0105 podporz\u0105dkowane partii?). Totalitaryzm kryje si\u0119 cz\u0119sto w ma\u0142ych, niepozornych gestach. By\u0142a pos\u0142anka, a obecna cz\u0142onkini Trybuna\u0142u Konstytucyjnego po prostu jad\u0142a obiad na sali plenarnej podczas obrad Sejmu. Taki drobny gest, taki prosty przekaz: \u201emoja przestrze\u0144\u201d, \u201emoja partia\u201d, \u201emoja w\u0142adza\u201d, \u201eja tu rz\u0105dz\u0119\u201d.<\/p>\n\n\n\n<p>Parlament, parlamentarno\u015b\u0107, zachowanie parlamentarne, j\u0119zyk parlamentarny jeszcze nie tak dawno oznacza\u0142y najwy\u017cszej jako\u015bci standardy, jeszcze nie tak dawno oznacza\u0142y nieprzekraczalne normy. W zachowaniu i j\u0119zyku parlamentarnym mia\u0142a by\u0107 uwa\u017cno\u015b\u0107. Z przeciwnikami politycznymi mo\u017cna si\u0119 spiera\u0107, ale wyzwiska, wulgarne gesty, ca\u0142a ta prymitywna przemoc parlamentarno\u015b\u0107 niszczy. Nonszalancja w\u0142adzy w stosunku do pewnej etykiety moralno\u015bci i spo\u0142ecznych zasad to pierwszy znak, \u017ce dzieje si\u0119 co\u015b z\u0142ego. \u201eRyba psuje si\u0119 od g\u0142owy\u201d. Niestety, nar\u00f3d nie poczu\u0142, \u017ce co\u015b \u015bmierdzi, i oto mamy kolejn\u0105 kadencj\u0119, w kt\u00f3rej czterej ewangeli\u015bci \u201ezagubili\u201d miliony, \u201ekupuj\u0105c\u201d respiratory i maseczki, by \u201eprowadzi\u0107\u201d nar\u00f3d przez pandemi\u0119. Mamy te\u017c Napoleona, co \u0142acin\u0105 p\u0142ynnie w\u0142ada. I przede wszystkim mamy premiera, kt\u00f3ry \u2013 jak g\u0142osz\u0105 zagraniczne spoty reklamuj\u0105ce Polsk\u0119 \u2013 ju\u017c jako jedenastolatek obala\u0142 komun\u0119 o wiele dzielniej, ni\u017c si\u0119 to \u00f3wczesnym opozycjonistom wydawa\u0142o.<\/p>\n\n\n\n<p>Wszystkie normy po\u0142amane: normy dobrego smaku, przyzwoito\u015bci i, co najgorsze, praworz\u0105dno\u015bci. Zacz\u0119\u0142o si\u0119 od \u0142aw sejmowych, ale nonszalancja w\u0142adzy rozpanoszy\u0142a si\u0119 ju\u017c wsz\u0119dzie. S\u0119dzia Igor Tuleya jest ci\u0105gle \u015bcigany za przest\u0119pstwo, kt\u00f3rego nie pope\u0142ni\u0142, odmawia mu si\u0119 prawa do wykonywania zawodu, chocia\u017c zgodnie z orzeczeniem s\u0105du nie istniej\u0105 ku temu \u017cadne przes\u0142anki. Tak samo s\u0119dzia Beata Morawiec, cho\u0107 nie z\u0142ama\u0142a prawa, ma uchylony immunitet przez \u201eizb\u0119 dyscyplinarn\u0105\u201d, kt\u00f3ra tak naprawd\u0119 jest nielegalna. Tych codziennych spraw, bohaterskich s\u0119dzi\u00f3w, obywatelek i obywateli zmagaj\u0105cych si\u0119 z okrucie\u0144stwem i bezprawiem w\u0142adzy PiS\u2011u jest coraz wi\u0119cej.<\/p>\n\n\n\n<p>\u0141acina podw\u00f3rkowa p\u0142ynnie p\u0142ynie z ust Napoleona, przyw\u00f3dcy narodu \u015bpi\u0105 spokojnie. Nonszalancka w\u0142adza nie przejmuje si\u0119 niczym. Ludzi prawych zawsze mo\u017cna uciszy\u0107, wygna\u0107, skaza\u0107 na wi\u0119zienie. Raz z\u0142amane prawo, raz usprawiedliwione bezprawie szerzy si\u0119 ju\u017c bez przeszk\u00f3d. Pe\u0142zaj\u0105ca dyktatura \u017ceruje na takiej w\u0142a\u015bnie nonszalancji.<\/p>\n\n\n\n<hr class=\"wp-block-separator\"\/>\n\n\n\n<p><em>Felieton jest wyrazem opinii autorki. Nie prezentuje stanowiska ZR Ma\u0142opolskie KOD.<\/em><\/p>\n","protected":false},"excerpt":{"rendered":"<p>Ostatnio mieli\u015bmy do czynienia z popisami oratorskimi nadwi\u015bla\u0144skiego Napoleona, \u201ecz\u0142owieka wolno\u015bci\u201d, i mo\u017ce by\u0142oby to tylko obrzydliwie wulgarne, gdyby za ca\u0142\u0105 t\u0105 spraw\u0105 nie kry\u0142o si\u0119 co\u015b wi\u0119cej. W naszym kraju, odk\u0105d PiS dosz\u0142o do w\u0142adzy, nieustannie \u0142amie si\u0119 nie tylko Konstytucj\u0119, ale i normy spo\u0142eczne, zasady parlamentaryzmu, moralno\u015bci i szacunku wobec drugiego cz\u0142owieka. W felietonie pisz\u0119 w\u0142a\u015bnie o tej pe\u0142zaj\u0105cej dyktaturze, pos\u0142uguj\u0105cej si\u0119 nonszalancj\u0105 i butnym gestem.<\/p>\n","protected":false},"author":34,"featured_media":19411,"comment_status":"closed","ping_status":"open","sticky":false,"template":"","format":"standard","meta":{"_EventAllDay":false,"_EventTimezone":"","_EventStartDate":"","_EventEndDate":"","_EventStartDateUTC":"","_EventEndDateUTC":"","_EventShowMap":false,"_EventShowMapLink":false,"_EventURL":"","_EventCost":"","_EventCostDescription":"","_EventCurrencySymbol":"","_EventCurrencyCode":"","_EventCurrencyPosition":"","_EventDateTimeSeparator":"","_EventTimeRangeSeparator":"","_EventOrganizerID":[],"_EventVenueID":[],"_OrganizerEmail":"","_OrganizerPhone":"","_OrganizerWebsite":"","_VenueAddress":"","_VenueCity":"","_VenueCountry":"","_VenueProvince":"","_VenueState":"","_VenueZip":"","_VenuePhone":"","_VenueURL":"","_VenueStateProvince":"","_VenueLat":"","_VenueLng":"","_VenueShowMap":false,"_VenueShowMapLink":false,"footnotes":""},"categories":[596],"tags":[],"class_list":["post-23725","post","type-post","status-publish","format-standard","has-post-thumbnail","hentry","category-felietony","felietony"],"_links":{"self":[{"href":"https:\/\/kodmalopolska.pl\/index.php?rest_route=\/wp\/v2\/posts\/23725","targetHints":{"allow":["GET"]}}],"collection":[{"href":"https:\/\/kodmalopolska.pl\/index.php?rest_route=\/wp\/v2\/posts"}],"about":[{"href":"https:\/\/kodmalopolska.pl\/index.php?rest_route=\/wp\/v2\/types\/post"}],"author":[{"embeddable":true,"href":"https:\/\/kodmalopolska.pl\/index.php?rest_route=\/wp\/v2\/users\/34"}],"replies":[{"embeddable":true,"href":"https:\/\/kodmalopolska.pl\/index.php?rest_route=%2Fwp%2Fv2%2Fcomments&post=23725"}],"version-history":[{"count":0,"href":"https:\/\/kodmalopolska.pl\/index.php?rest_route=\/wp\/v2\/posts\/23725\/revisions"}],"wp:featuredmedia":[{"embeddable":true,"href":"https:\/\/kodmalopolska.pl\/index.php?rest_route=\/wp\/v2\/media\/19411"}],"wp:attachment":[{"href":"https:\/\/kodmalopolska.pl\/index.php?rest_route=%2Fwp%2Fv2%2Fmedia&parent=23725"}],"wp:term":[{"taxonomy":"category","embeddable":true,"href":"https:\/\/kodmalopolska.pl\/index.php?rest_route=%2Fwp%2Fv2%2Fcategories&post=23725"},{"taxonomy":"post_tag","embeddable":true,"href":"https:\/\/kodmalopolska.pl\/index.php?rest_route=%2Fwp%2Fv2%2Ftags&post=23725"}],"curies":[{"name":"wp","href":"https:\/\/api.w.org\/{rel}","templated":true}]}}