{"id":23685,"date":"2021-02-28T19:01:50","date_gmt":"2021-02-28T18:01:50","guid":{"rendered":"https:\/\/kodmalopolska.pl\/?p=23685"},"modified":"2021-02-28T19:01:54","modified_gmt":"2021-02-28T18:01:54","slug":"bohaterowie-felieton-joanny-handerek-24","status":"publish","type":"post","link":"https:\/\/kodmalopolska.pl\/?p=23685","title":{"rendered":"Bohaterowie. Felieton Joanny Ha\u0144derek (24)"},"content":{"rendered":"\n<h4 class=\"wp-block-heading\">Niedawno zmar\u0142 Jan Lity\u0144ski, wielka posta\u0107, opozycjonista, cz\u0142owiek zaanga\u017cowany w budowanie r\u00f3wno\u015bci i wolno\u015bci naszego pa\u0144stwa. Do ostatniej chwili ni\u00f3s\u0142 pomoc, do ostatnich dni broni\u0142 r\u00f3wno\u015bci. \u015amier\u0107 Jana Lity\u0144skiego, tak jak jego \u017cycie, to wielka lekcja dla nas wszystkich. Prawdziwych bohater\u00f3w znajdziemy nie w \u015bwiecie historii i przemocy, ale w rzeczywisto\u015bci codziennych problem\u00f3w, zwyczajnych zmaga\u0144 spo\u0142ecznych i w realnych czynach na rzecz drugiego, innej istoty \u017cyj\u0105cej, bez znaczenia, czy jest ona ludzkim czy pozaludzkim zwierz\u0119ciem. I to jest pi\u0119kne w bohaterstwie tego Cz\u0142owieka. W felietonie zastanawiam si\u0119 nad prawdziwym bohaterstwem potrzebnym w naszych czasach.<\/h4>\n\n\n\n<p>Uwielbiamy bohater\u00f3w. Ksi\u0105\u017cki historyczne pe\u0142ne s\u0105 opowie\u015bci o wielkich tego \u015bwiata. Na coko\u0142y bohaterowie trafiaj\u0105 w zbrojach, w mundurach pe\u0142nych order\u00f3w \u2013 popiersia z kamienia. Nasze poczucie wielko\u015bci dotyczy zdarze\u0144 wyj\u0105tkowych, historia przez du\u017ce \u201eH\u201d ma twarz zdecydowanie wojenn\u0105, rewolucyjn\u0105. Tymczasem \u015bwiat potrzebuje innego bohaterstwa, innej walki: o codzienno\u015b\u0107, o normalno\u015b\u0107.<\/p>\n\n\n\n<p>Wsp\u00f3\u0142cze\u015bni bohaterowie potrzebni s\u0105 nam bardziej ni\u017c kiedykolwiek, fronty jednak nieco si\u0119 zmieni\u0142y. Bohaterowie to dzisiaj ludzie codzienno\u015bci, pracuj\u0105cy spokojnie nad normalno\u015bci\u0105 (w naszym kraju nad przywr\u00f3ceniem utraconej normalno\u015bci). To ludzie wykonuj\u0105cy uczciwie sw\u00f3j zaw\u00f3d. W dzisiejszej Polsce bohaterem staje si\u0119 ka\u017cdy prawnik, ka\u017cdy prokurator, kt\u00f3ry nie daje z\u0142ama\u0107 sobie kr\u0119gos\u0142upa, ale zwyczajnie, rzetelnie, zgodnie z Konstytucj\u0105 wype\u0142nia swoje obowi\u0105zki. Traktowani jak przest\u0119pcy, oczerniani i spychani na margines, wsp\u00f3\u0142cze\u015bni s\u0119dziowie znale\u017ali si\u0119 na pierwszej linii walki \u2013 tej dziwnej, nier\u00f3wnej walki z pe\u0142zaj\u0105c\u0105 dyktatur\u0105 PiS\u2011u.<\/p>\n\n\n\n<p>Wsp\u00f3\u0142cze\u015bnie potrzebujemy ludzi \u015bmia\u0142ych, kt\u00f3rzy w codziennych decyzjach i zadaniach nie b\u0119d\u0105 popadali w konformizm, kt\u00f3rzy b\u0119d\u0105 umieli si\u0119 przeciwstawi\u0107 powszechnej nagonce nienawi\u015bci na kolejne grupy spo\u0142eczne wskazywane jako wrogie. Po ideologii gender, po cywilizacji \u015bmierci czas nadszed\u0142 na ekologizm. Coraz bardziej osacza si\u0119 dzia\u0142aczki i dzia\u0142aczy z M\u0142odzie\u017cowego Strajku Klimatycznego. Niedawno minister rolnictwa postanowi\u0142 nawet ich pouczy\u0107, jak od\u017cywia\u0107 si\u0119 \u201enormalnie\u201d, oczywi\u015bcie mi\u0119sem. Jeszcze troch\u0119, a weganizm b\u0119dzie nielegalny. Bohaterstwem staje si\u0119 walka o klimat i o inne istoty \u017cyj\u0105ce \u2013 sprzeciw wobec tradycyjnej przemocy. W Polsce nie jest \u0142atwo by\u0107 kobiet\u0105, jeszcze gorzej by\u0107 lesbijk\u0105, niepewnie wegank\u0105, a ju\u017c osoba b\u0119d\u0105ca feministk\u0105, wegank\u0105 i lesbijk\u0105 powinna si\u0119 ukrywa\u0107. Moje kole\u017canki wywieszaj\u0105ce na balkonach t\u0119czowe flagi lub te ze znakiem Protestu Kobiet cz\u0119sto s\u0142ysz\u0105 pytanie, czy si\u0119 nie boj\u0105 tak jawnie manifestowa\u0107. Zwyczajna solidarno\u015b\u0107 i uczciwo\u015b\u0107 staje si\u0119 bohaterstwem.<\/p>\n\n\n\n<p>Obecnie potrzebujemy ludzi \u015bmia\u0142ych, kt\u00f3rzy nie zawahaj\u0105 si\u0119 walczy\u0107 o wolno\u015b\u0107, raz po raz wchodz\u0105c w sp\u00f3r i raz po raz rozpoczynaj\u0105c starania od nowa. W ostatnich dniach dotkn\u0119\u0142a nas tragedia. Odszed\u0142 Bohater. Prawdziwy bohater. W swoim \u017cyciu nie macha\u0142 szabelk\u0105, nie strzela\u0142 do drugiego cz\u0142owieka, broni\u0105c ojczyzny w krwawych bojach, a jednak pozostawi\u0142 po sobie niezwyk\u0142e dziedzictwo. Obro\u0144ca robotnik\u00f3w w czasach re\u017cimu PRL, walcz\u0105cy o wolno\u015b\u0107 s\u0142owa, o wolno\u015b\u0107 w\u0142asnych przekona\u0144, pose\u0142 na Sejm, doradca prezydenta Komorowskiego, a niedawno te\u017c cz\u0142owiek zaanga\u017cowany we wsparcie Strajku Kobiet czy obron\u0119 r\u00f3wno\u015bci, prawdziwej r\u00f3wno\u015bci. Cz\u0142owiek, kt\u00f3ry nie godzi\u0142 si\u0119 na szczucie i nienawi\u015b\u0107, krytykowa\u0142 polityk\u0119 r\u00f3\u017cnicowania i pi\u0119tnowania, przeciwstawia\u0142 si\u0119 nagonce na \u015brodowiska LGBT i \u201estrefy wolne od\u201d. Zmar\u0142 cz\u0142owiek ratuj\u0105cy psa. Zgin\u0105\u0142 bohater, dlatego \u017ce chcia\u0142 ratowa\u0107.<\/p>\n\n\n\n<p>W dzisiejszych czasach potrzebujemy bohater\u00f3w. Ludzi bohatersko buduj\u0105cych nasz\u0105 wsp\u00f3\u0142czesno\u015b\u0107, ludzi, kt\u00f3rzy b\u0119d\u0105 niez\u0142omni nawet wtedy, kiedy wszyscy ju\u017c potracimy g\u0142owy, kiedy po\u0142ami\u0105 nam kr\u0119gos\u0142upy i zamkn\u0105 nas w ciep\u0142ym konformizmie. Potrzebujemy ludzi, kt\u00f3rzy b\u0119d\u0105 dalej walczy\u0107, chocia\u017c wi\u0119kszo\u015b\u0107 z nas si\u0119 podda i powie, \u017ce \u201ei tak nic si\u0119 nie da zrobi\u0107\u201d. Potrzebujemy bohater\u00f3w, kt\u00f3rzy b\u0119d\u0105 dzia\u0142ali pod pr\u0105d, niezgodnie z duchem wi\u0119kszo\u015bci, wbrew wymaganiom partii i jej poplecznik\u00f3w.<\/p>\n\n\n\n<p>Potrzebujemy ludzi dzielnych, kt\u00f3rzy nie b\u0119d\u0105 warto\u015bciowa\u0107 \u017cycia psa, nie psa, warto\u015bci swojego czy cudzego \u017cycia. W tak trudnym okresie szczeg\u00f3lnie wa\u017cni s\u0105 w\u0142a\u015bnie ci, kt\u00f3rzy potrafi\u0105 wskoczy\u0107 do ziemnej wody dla przyjaciela, z mi\u0142o\u015bci, z oddania, nie zastanawiaj\u0105c si\u0119, czy inni to zaakceptuj\u0105 czy odrzuc\u0105, nie kalkuluj\u0105c, jak wielk\u0105 przyjdzie im cen\u0119 za to zap\u0142aci\u0107.<\/p>\n\n\n\n<p>Aktualnie potrzebni s\u0105 nam niezwykli bohaterowie codzienno\u015bci, zwyczajnej uczciwo\u015bci, ludzie, kt\u00f3rzy ca\u0142ym swoim \u017cyciem a\u017c po \u015bmier\u0107 za\u015bwiadczaj\u0105 o tym, co wa\u017cne, co priorytetowe i co konieczne do zrobienia. Jan Lity\u0144ski (1946\u20132021), wielki bohater.<\/p>\n\n\n\n<p>I \u017cycie, i \u015bmier\u0107 Jana Lity\u0144skiego jest jak przewodnik po prawdziwym bohaterstwie daj\u0105cy nam tak potrzebn\u0105 dzisiaj lekcj\u0119 wolno\u015bci i r\u00f3wno\u015bci. Wielcy bohaterowie codzienno\u015bci rzadko, niestety, trafiaj\u0105 na coko\u0142y.<\/p>\n\n\n\n<hr class=\"wp-block-separator\"\/>\n\n\n\n<p><em>Felieton jest wyrazem opinii autorki. Nie prezentuje stanowiska ZR Ma\u0142opolskie KOD.<\/em><\/p>\n","protected":false},"excerpt":{"rendered":"<p>Niedawno zmar\u0142 Jan Lity\u0144ski, wielka posta\u0107, opozycjonista, cz\u0142owiek zaanga\u017cowany w budowanie r\u00f3wno\u015bci i wolno\u015bci naszego pa\u0144stwa. Do ostatniej chwili ni\u00f3s\u0142 pomoc, do ostatnich dni broni\u0142 r\u00f3wno\u015bci. \u015amier\u0107 Jana Lity\u0144skiego, tak jak jego \u017cycie, to wielka lekcja dla nas wszystkich. Prawdziwych bohater\u00f3w znajdziemy nie w \u015bwiecie historii i przemocy, ale w rzeczywisto\u015bci codziennych problem\u00f3w, zwyczajnych zmaga\u0144 spo\u0142ecznych i w realnych czynach na rzecz drugiego, innej istoty \u017cyj\u0105cej, bez znaczenia, czy jest ona ludzkim czy pozaludzkim zwierz\u0119ciem. I to jest pi\u0119kne w bohaterstwie tego Cz\u0142owieka. W felietonie zastanawiam si\u0119 nad prawdziwym bohaterstwem potrzebnym w naszych czasach.<\/p>\n","protected":false},"author":34,"featured_media":19411,"comment_status":"closed","ping_status":"open","sticky":false,"template":"","format":"standard","meta":{"_EventAllDay":false,"_EventTimezone":"","_EventStartDate":"","_EventEndDate":"","_EventStartDateUTC":"","_EventEndDateUTC":"","_EventShowMap":false,"_EventShowMapLink":false,"_EventURL":"","_EventCost":"","_EventCostDescription":"","_EventCurrencySymbol":"","_EventCurrencyCode":"","_EventCurrencyPosition":"","_EventDateTimeSeparator":"","_EventTimeRangeSeparator":"","_EventOrganizerID":[],"_EventVenueID":[],"_OrganizerEmail":"","_OrganizerPhone":"","_OrganizerWebsite":"","_VenueAddress":"","_VenueCity":"","_VenueCountry":"","_VenueProvince":"","_VenueState":"","_VenueZip":"","_VenuePhone":"","_VenueURL":"","_VenueStateProvince":"","_VenueLat":"","_VenueLng":"","_VenueShowMap":false,"_VenueShowMapLink":false,"footnotes":""},"categories":[596],"tags":[],"class_list":["post-23685","post","type-post","status-publish","format-standard","has-post-thumbnail","hentry","category-felietony","felietony"],"_links":{"self":[{"href":"https:\/\/kodmalopolska.pl\/index.php?rest_route=\/wp\/v2\/posts\/23685","targetHints":{"allow":["GET"]}}],"collection":[{"href":"https:\/\/kodmalopolska.pl\/index.php?rest_route=\/wp\/v2\/posts"}],"about":[{"href":"https:\/\/kodmalopolska.pl\/index.php?rest_route=\/wp\/v2\/types\/post"}],"author":[{"embeddable":true,"href":"https:\/\/kodmalopolska.pl\/index.php?rest_route=\/wp\/v2\/users\/34"}],"replies":[{"embeddable":true,"href":"https:\/\/kodmalopolska.pl\/index.php?rest_route=%2Fwp%2Fv2%2Fcomments&post=23685"}],"version-history":[{"count":0,"href":"https:\/\/kodmalopolska.pl\/index.php?rest_route=\/wp\/v2\/posts\/23685\/revisions"}],"wp:featuredmedia":[{"embeddable":true,"href":"https:\/\/kodmalopolska.pl\/index.php?rest_route=\/wp\/v2\/media\/19411"}],"wp:attachment":[{"href":"https:\/\/kodmalopolska.pl\/index.php?rest_route=%2Fwp%2Fv2%2Fmedia&parent=23685"}],"wp:term":[{"taxonomy":"category","embeddable":true,"href":"https:\/\/kodmalopolska.pl\/index.php?rest_route=%2Fwp%2Fv2%2Fcategories&post=23685"},{"taxonomy":"post_tag","embeddable":true,"href":"https:\/\/kodmalopolska.pl\/index.php?rest_route=%2Fwp%2Fv2%2Ftags&post=23685"}],"curies":[{"name":"wp","href":"https:\/\/api.w.org\/{rel}","templated":true}]}}